{"id":336461,"date":"2025-08-22T15:35:09","date_gmt":"2025-08-22T15:35:09","guid":{"rendered":"https:\/\/www.europesays.com\/fr\/336461\/"},"modified":"2025-08-22T15:35:09","modified_gmt":"2025-08-22T15:35:09","slug":"psg-transfert-de-donnarumma-le-plan-b-est-active-le-probleme-a-lorigine-du-retournement-de-situation","status":"publish","type":"post","link":"https:\/\/www.europesays.com\/fr\/336461\/","title":{"rendered":"PSG &#8211; Transfert de Donnarumma : Le plan B est activ\u00e9, le probl\u00e8me \u00e0 l\u2019origine du retournement de situation !"},"content":{"rendered":"<p>                    Thibault Morlain<br \/>\n                        &#8211;<\/p>\n<p>Journaliste<\/p>\n<p>Apr\u00e8s s\u2019\u00eatre essay\u00e9 \u00e0 diff\u00e9rents sports, Thibault se tourne vers une carri\u00e8re de footballeur amateur. Au moment de faire un choix entre devenir footballeur professionnel et journaliste, les qualit\u00e9s ont fait pencher la balance d\u2019un c\u00f4t\u00e9. Le voil\u00e0 d\u00e9sormais au sein de la r\u00e9daction du 10 Sport, apr\u00e8s un dipl\u00f4me obtenu \u00e0 l\u2019Institut International de Communication de Paris.<\/p>\n<p class=\"heading\">Avec l\u2019arriv\u00e9e de Lucas Chevalier, Gianluigi Donnarumma a \u00e9t\u00e9 invit\u00e9 par le PSG \u00e0 se trouver un nouveau club cet \u00e9t\u00e9. O\u00f9 va rebondir l\u2019Italien ? Derni\u00e8rement, la tendance \u00e9tait \u00e0 un d\u00e9part vers Manchester City. Mais voil\u00e0 que Pep Guardiola pourrait finalement se tourner vers un autre gardien \u00e9tant donn\u00e9 la complexit\u00e9 du dossier Donnarumma. Explications.\n<\/p>\n<p>Malgr\u00e9 sa campagne de Ligue des Champions, <strong>Gianluigi Donnarumma<\/strong> n\u2019avait pas le profil id\u00e9al aux yeux de <strong>Luis Enrique<\/strong>. Cet \u00e9t\u00e9, le <a href=\"https:\/\/le10sport.com\/football\/ligue1\/psg\/280-000eur-une-star-du-rap-se-regale-au-psg-755159\" rel=\"nofollow noopener\" target=\"_blank\">PSG<\/a> a donc recrut\u00e9 <strong>Lucas Chevalier<\/strong> et souhaite d\u00e9sormais se s\u00e9parer de l\u2019Italien. A un an du terme de son contrat, le gardien est donc \u00e0 vendre. Mais qui va l\u2019acheter ? Alors qu\u2019un int\u00e9r\u00eat de <strong>Manchester City<\/strong> a filtr\u00e9 au cours des derniers jours, le transfert de <strong>Donnarumma<\/strong> au sein de l\u2019effectif de <strong>Pep Guardiola<\/strong> aurait pris du plomb dans l\u2019aile\u2026 <\/p>\n<p>                                            Donnarumma trop cher pour Manchester City ? <\/p>\n<p>Devant d\u2019abord se s\u00e9parer d\u2019<strong>Ederson<\/strong> avant d\u2019envisager une arriv\u00e9e de <strong>Gianluigi Donnarumma<\/strong>, <strong>Manchester City<\/strong> rencontrerait toutefois d\u00e9j\u00e0 des difficult\u00e9s pour n\u00e9gocier avec le <strong>PSG<\/strong>. En effet, selon les informations de <strong>Sacha Tavolieri<\/strong>, le prix r\u00e9clam\u00e9 par le club de la capitale pour l\u2019Italien serait consid\u00e9r\u00e9 comme trop \u00e9lev\u00e9. De quoi pousser les Citizens \u00e0 se tourner vers un plan B au poste de gardien ? <\/p>\n<p>                                            Lammens plut\u00f4t que Donnarumma ? <\/p>\n<p><strong>Manchester City<\/strong> pourrait donc se tourner vers un autre gardien que <strong>Gianluigi Donnarumma<\/strong> cet \u00e9t\u00e9. Et le club entra\u00een\u00e9 par <strong>Pep Guardiola<\/strong> pourrait trouver son bonheur en Belgique, au <strong>Royal Antwerp FC<\/strong>. En effet, <strong>Sacha Tavolieri<\/strong> explique que <strong>Manchester City<\/strong> aurait commenc\u00e9 \u00e0 se pencher sur le profil de <strong>Senne Lammens<\/strong>. Affaire \u00e0 suivre\u2026 <\/p>\n","protected":false},"excerpt":{"rendered":"Thibault Morlain &#8211; Journaliste Apr\u00e8s s\u2019\u00eatre essay\u00e9 \u00e0 diff\u00e9rents sports, Thibault se tourne vers une carri\u00e8re de footballeur&hellip;\n","protected":false},"author":2,"featured_media":336462,"comment_status":"","ping_status":"","sticky":false,"template":"","format":"standard","meta":{"footnotes":""},"categories":[1410],"tags":[63,1011,27,60],"class_list":{"0":"post-336461","1":"post","2":"type-post","3":"status-publish","4":"format-standard","5":"has-post-thumbnail","7":"category-football","8":"tag-football","9":"tag-fr","10":"tag-france","11":"tag-sports"},"share_on_mastodon":{"url":"https:\/\/pubeurope.com\/@fr\/115073156760482882","error":""},"_links":{"self":[{"href":"https:\/\/www.europesays.com\/fr\/wp-json\/wp\/v2\/posts\/336461","targetHints":{"allow":["GET"]}}],"collection":[{"href":"https:\/\/www.europesays.com\/fr\/wp-json\/wp\/v2\/posts"}],"about":[{"href":"https:\/\/www.europesays.com\/fr\/wp-json\/wp\/v2\/types\/post"}],"author":[{"embeddable":true,"href":"https:\/\/www.europesays.com\/fr\/wp-json\/wp\/v2\/users\/2"}],"replies":[{"embeddable":true,"href":"https:\/\/www.europesays.com\/fr\/wp-json\/wp\/v2\/comments?post=336461"}],"version-history":[{"count":0,"href":"https:\/\/www.europesays.com\/fr\/wp-json\/wp\/v2\/posts\/336461\/revisions"}],"wp:featuredmedia":[{"embeddable":true,"href":"https:\/\/www.europesays.com\/fr\/wp-json\/wp\/v2\/media\/336462"}],"wp:attachment":[{"href":"https:\/\/www.europesays.com\/fr\/wp-json\/wp\/v2\/media?parent=336461"}],"wp:term":[{"taxonomy":"category","embeddable":true,"href":"https:\/\/www.europesays.com\/fr\/wp-json\/wp\/v2\/categories?post=336461"},{"taxonomy":"post_tag","embeddable":true,"href":"https:\/\/www.europesays.com\/fr\/wp-json\/wp\/v2\/tags?post=336461"}],"curies":[{"name":"wp","href":"https:\/\/api.w.org\/{rel}","templated":true}]}}