{"id":336481,"date":"2025-08-22T15:45:17","date_gmt":"2025-08-22T15:45:17","guid":{"rendered":"https:\/\/www.europesays.com\/fr\/336481\/"},"modified":"2025-08-22T15:45:17","modified_gmt":"2025-08-22T15:45:17","slug":"le-prix-de-labonnement-va-beaucoup-augmenter-sans-surprise","status":"publish","type":"post","link":"https:\/\/www.europesays.com\/fr\/336481\/","title":{"rendered":"le prix de l\u2019abonnement va (beaucoup) augmenter, sans surprise"},"content":{"rendered":"<p><strong><a href=\"https:\/\/www.ecranlarge.com\/personnalite\/1120526-apple-tv\" data-type=\"people\" data-id=\"804729\" rel=\"nofollow noopener\" target=\"_blank\">Apple TV <\/a>suit la danse infernale des augmentations de services de streaming. La hausse des abonnements serait le prix \u00e0 payer pour un catalogue plus s\u00e9lect et \u00ab haut de gamme \u00bb.<\/strong><\/p>\n<p>Apr\u00e8s <a href=\"https:\/\/www.ecranlarge.com\/films\/news\/1441681-amazon-prime-va-beaucoup-augmenter-les-prix-de-ses-abonnements-en-france\" data-type=\"link\" data-id=\"https:\/\/www.ecranlarge.com\/films\/news\/1441681-amazon-prime-va-beaucoup-augmenter-les-prix-de-ses-abonnements-en-france\" rel=\"nofollow noopener\" target=\"_blank\">les hausses spectaculaires des prix d\u2019Amazon Prime<\/a>, les <a href=\"https:\/\/www.ecranlarge.com\/series\/news\/netflix-tarfis-augmentation-nombre-abonnes-record\" data-type=\"link\" data-id=\"https:\/\/www.ecranlarge.com\/series\/news\/netflix-tarfis-augmentation-nombre-abonnes-record\" rel=\"nofollow noopener\" target=\"_blank\">ajustements de tarifs de Netflix<\/a> et l\u2019<a href=\"https:\/\/www.ecranlarge.com\/films\/news\/disney-partage-compte-france-changement-abonnement\" data-type=\"link\" data-id=\"https:\/\/www.ecranlarge.com\/films\/news\/disney-partage-compte-france-changement-abonnement\" rel=\"nofollow noopener\" target=\"_blank\">augmentation tarifaire de l\u2019abonnement Disney+<\/a>, voil\u00e0 que la marque \u00e0 la pomme joue aussi des ciseaux sur les portefeuilles de ses abonn\u00e9s. Apple TV+, qui s\u2019\u00e9tait longtemps positionn\u00e9 comme une alternative plus accessible, rejoint aujourd\u2019hui le club des services de streaming premium aux factures de plus en plus lourdes.<\/p>\n<p>                    <img decoding=\"async\" alt=\"\" class=\"wp-image-518375\" style=\"object-fit:cover;width:25px;height:25px\" src=\"https:\/\/www.ecranlarge.com\/content\/uploads\/2023\/09\/arrow-right-circle.svg\"\/><\/p>\n<p>Malgr\u00e9 une pr\u00e9sence m\u00e9diatique importante et une r\u00e9putation flatteuse gr\u00e2ce \u00e0 des productions de prestige (<strong>Severance, Silo, Masters of the Air<\/strong>), <a href=\"https:\/\/www.ecranlarge.com\/films\/news\/apple-perd-1-milliard-dollars-streaming-bordel\" data-type=\"link\" data-id=\"https:\/\/www.ecranlarge.com\/films\/news\/apple-perd-1-milliard-dollars-streaming-bordel\" rel=\"nofollow noopener\" target=\"_blank\">Apple perd des sommes folles sur le segment streaming<\/a>. Pour tenter de combler ses pertes, <strong>Apple a d\u00e9cid\u00e9 de suivre une nouvelle strat\u00e9gie : r\u00e9duire le volume de nouvelles s\u00e9ries produites, privil\u00e9gier la qualit\u00e9 et surtout, faire payer plus cher son catalogue.<\/strong><\/p>\n<p><img loading=\"lazy\" decoding=\"async\" width=\"1200\" height=\"800\" alt=\"\" src=\"https:\/\/www.europesays.com\/fr\/wp-content\/uploads\/2025\/08\/e76ef5f_upload-1-aechbgilxoy2-chief-of-war-photo-010104.jpg\"  \/><\/p>\n<p>Chief of War, l\u2019une des belles surprises de cette ann\u00e9e sur Apple TVBig Apple<\/p>\n<p><strong>Cette augmentation concerne pour le moment les \u00c9tats-Unis<\/strong> et quelques autres pays. La France n\u2019est pas cit\u00e9e, mais il y a fort \u00e0 parier que cette hausse consid\u00e9rable de tarifs finisse par tomber sur les comptes en banque des abonn\u00e9s fran\u00e7ais. Aux \u00c9tats-Unis, l\u2019abonnement <strong>Apple TV+ passe donc de 9,99 \u00e0 12,99 dollars par mois, soit une hausse de 30 %. <\/strong><\/p>\n<p>Apple justifie cette hausse par la mont\u00e9e en gamme de ses contenus, mais aussi par la n\u00e9cessit\u00e9 de s\u2019adapter \u00e0 un march\u00e9 de plus en plus concurrentiel. La firme souhaiterait miser sur une programmation plus s\u00e9lective, avec des budgets cons\u00e9quents pour chaque projet, au d\u00e9triment d\u2019un catalogue pl\u00e9thorique. Par ailleurs, la firme met en avant le fait que son service de streaming est sans aucune publicit\u00e9. <\/p>\n<p><a href=\"https:\/\/www.ecranlarge.com\/content\/uploads\/2025\/08\/foundation.jpg\" rel=\"nofollow noopener\" target=\"_blank\"><\/p>\n<p><img loading=\"lazy\" decoding=\"async\" alt=\"\" src=\"https:\/\/www.europesays.com\/fr\/wp-content\/uploads\/2025\/08\/foundation-1260x709.jpg\" width=\"1260\" height=\"709\"  \/><\/p>\n<p><\/a>La tronche des abonn\u00e9s apr\u00e8s l\u2019augmentation de tarifMoney, Money, Money<\/p>\n<p>Pour les abonn\u00e9s, la pilule est cependant difficile \u00e0 avaler. Avec cette hausse, <strong>Apple TV+ d\u00e9passe le seuil psychologique des 10 dollars par mois, <\/strong>un prix qui place le service au m\u00eame niveau que ses concurrents directs, sans disposer de la m\u00eame profondeur de catalogue. L\u00e0 o\u00f9 Netflix ou Prime Video proposent des milliers de films et s\u00e9ries, Apple mise avant tout sur quelques dizaines de productions maison. Dans un communiqu\u00e9 relay\u00e9 par Variety, Apple a justifi\u00e9 sa strat\u00e9gie. <\/p>\n<blockquote class=\"wp-block-quote is-layout-flow wp-block-quote-is-layout-flow\">\n<p><strong>\u00ab Depuis son lancement, Apple TV+ a enrichi son vaste catalogue de centaines de productions Apple Originals, avec des milliers d\u2019heures de programmes haut de gamme dans tous les genres et de nouvelles sorties chaque semaine, le tout sans publicit\u00e9. Les abonn\u00e9s peuvent d\u00e9couvrir une offre riche en s\u00e9ries dramatiques palpitantes, en science-fiction \u00e9pique, en com\u00e9dies feel-good et en \u00e9v\u00e9nements sportifs en direct. \u00bb<\/strong><\/p>\n<\/blockquote>\n<p><a href=\"https:\/\/www.ecranlarge.com\/content\/uploads\/2025\/08\/severance-season-2-update-1706545907305.jpg\" rel=\"nofollow noopener\" target=\"_blank\"><\/p>\n<p><img loading=\"lazy\" decoding=\"async\" alt=\"\" src=\"https:\/\/www.europesays.com\/fr\/wp-content\/uploads\/2025\/08\/severance-season-2-update-1706545907305-1260x709.jpg\" width=\"1260\" height=\"709\"  \/><\/p>\n<p><\/a>La g\u00e9niale s\u00e9rie Severance<\/p>\n<p>Dans un paysage du streaming en pleine recomposition, Apple joue une carte risqu\u00e9e en voulant se placer sur le cr\u00e9neau du luxe alors que le public cherche de plus en plus \u00e0 limiter ses abonnements. Une strat\u00e9gie qui pourrait soit consolider son image de label d\u2019excellence, soit accentuer son isolement dans <strong>une guerre des plateformes o\u00f9 l\u2019addition ne cesse de grimper.<\/strong><\/p>\n<p>En comparaison, Netflix reste le service le plus cher avec un abonnement incluant la publicit\u00e9 \u00e0 7,49 \u20ac par mois, et un abonnement standard de 14,99 \u20ac en France (et 21,99 \u20ac pour la formule Premium avec streaming sur 4 \u00e9crans). Disney+ propose aussi trois formules : \u00e0 5,99 \u20ac pour l\u2019option avec publicit\u00e9, \u00e0 9,99 \u20ac pour un abonnement standard sans pub, et \u00e0 13,99 \u20ac pour sa version Premium (4K, 4 \u00e9crans).<\/p>\n<p>De son c\u00f4t\u00e9 Amazon Prime Video est pass\u00e9 \u00e0 6,99 euros mensuels, avec un suppl\u00e9ment de 1,99 euro pour \u00e9viter la publicit\u00e9. Paramount+ joue encore la carte de l\u2019accessibilit\u00e9 avec un abonnement fix\u00e9 \u00e0 7,99 euros. <strong>Apple TV+ se retrouve donc d\u00e9sormais dans la tranche haute du march\u00e9, aux c\u00f4t\u00e9s de Netflix et Disney+<\/strong>, ce qui risque de peser dans la balance au moment de choisir quel abonnement garder.<\/p>\n","protected":false},"excerpt":{"rendered":"Apple TV suit la danse infernale des augmentations de services de streaming. La hausse des abonnements serait le&hellip;\n","protected":false},"author":2,"featured_media":336482,"comment_status":"","ping_status":"","sticky":false,"template":"","format":"standard","meta":{"footnotes":""},"categories":[7],"tags":[1011,27,43,40,41,39,42,44],"class_list":{"0":"post-336481","1":"post","2":"type-post","3":"status-publish","4":"format-standard","5":"has-post-thumbnail","7":"category-sciences-et-technologies","8":"tag-fr","9":"tag-france","10":"tag-science","11":"tag-science-and-technology","12":"tag-sciences","13":"tag-sciences-et-technologies","14":"tag-technologies","15":"tag-technology"},"share_on_mastodon":{"url":"https:\/\/pubeurope.com\/@fr\/115073196423619302","error":""},"_links":{"self":[{"href":"https:\/\/www.europesays.com\/fr\/wp-json\/wp\/v2\/posts\/336481","targetHints":{"allow":["GET"]}}],"collection":[{"href":"https:\/\/www.europesays.com\/fr\/wp-json\/wp\/v2\/posts"}],"about":[{"href":"https:\/\/www.europesays.com\/fr\/wp-json\/wp\/v2\/types\/post"}],"author":[{"embeddable":true,"href":"https:\/\/www.europesays.com\/fr\/wp-json\/wp\/v2\/users\/2"}],"replies":[{"embeddable":true,"href":"https:\/\/www.europesays.com\/fr\/wp-json\/wp\/v2\/comments?post=336481"}],"version-history":[{"count":0,"href":"https:\/\/www.europesays.com\/fr\/wp-json\/wp\/v2\/posts\/336481\/revisions"}],"wp:featuredmedia":[{"embeddable":true,"href":"https:\/\/www.europesays.com\/fr\/wp-json\/wp\/v2\/media\/336482"}],"wp:attachment":[{"href":"https:\/\/www.europesays.com\/fr\/wp-json\/wp\/v2\/media?parent=336481"}],"wp:term":[{"taxonomy":"category","embeddable":true,"href":"https:\/\/www.europesays.com\/fr\/wp-json\/wp\/v2\/categories?post=336481"},{"taxonomy":"post_tag","embeddable":true,"href":"https:\/\/www.europesays.com\/fr\/wp-json\/wp\/v2\/tags?post=336481"}],"curies":[{"name":"wp","href":"https:\/\/api.w.org\/{rel}","templated":true}]}}