{"id":336485,"date":"2025-08-22T15:47:11","date_gmt":"2025-08-22T15:47:11","guid":{"rendered":"https:\/\/www.europesays.com\/fr\/336485\/"},"modified":"2025-08-22T15:47:11","modified_gmt":"2025-08-22T15:47:11","slug":"en-direct-gaza-la-famine-doit-etre-stoppee-a-tout-prix-affirment-la-fao-lunicef-le-pam-et-loms-le-monde-fr","status":"publish","type":"post","link":"https:\/\/www.europesays.com\/fr\/336485\/","title":{"rendered":"En direct, Gaza : la famine doit \u00eatre \u00ab stopp\u00e9e \u00e0 tout prix \u00bb, affirment la FAO, l\u2019Unicef, le PAM et l\u2019OMS &#8211; Le Monde.fr"},"content":{"rendered":"<ol>\n<li><a href=\"https:\/\/news.google.com\/rss\/articles\/CBMi-wFBVV95cUxNakphNWVHRkFlTzlfLTZKS0VqSUExdTRCdGVmNVEyc0RCYjVRT091LTZnaTMwLUQ0MlhTTTZKX214RXVTS1R1a0k5NHZtYnVYcThtRjhlUW5aVDRrMERjd1hRYTVQdDdFOTJONV93OEVnamVtaThWMFg5S3I4dEZoZDBRTmtSaEVZVjN5bjdoUS1xcXV1YTBWa1AxazBvNG9wUFRuNXczTEFxM056VVBSM1F1MC10Rl9kakliLVFoN05DZEhCcDhCc3FmMGhDMUNkOHZ1eVJuaG1EczQzRTRTVVZ0ZzNQV1Y3cWk5bmNEUWlTZXVQWW9vdG04QQ?oc=5\" target=\"_blank\" rel=\"nofollow noopener\">En direct, Gaza : la famine doit \u00eatre \u00ab stopp\u00e9e \u00e0 tout prix \u00bb, affirment la FAO, l\u2019Unicef, le PAM et l\u2019OMS<\/a>&nbsp;&nbsp;Le Monde.fr<\/li>\n<li><a href=\"https:\/\/news.google.com\/rss\/articles\/CBMi5wFBVV95cUxNNmItSXlyeTI4ai1RbUp0eE9yampuVmRzVW43dVlwTXZDdlNpLVAwNjdZeVNYbGswRnNsSUE3OE0zdW5PNHZvSm9PTWhKT0tDOUR0TF9fN2l1cFFJcS16NF9CdTRiT2ctZVdYaWtxbGZkcnRJNVlkSmp3TjE3V182V01EUHRPRmt2eGJjWlR5cmZPb2M0M3JjbjZMRzZpcnJhTlc2a1MtVC1JTDdOVGktaFF0TFozZE9DRWxnbXZWTjNNbUFtbl9tTHRtS0xfRUk2NkI3VTdVX2tVUURWbGY3enlWMkpkUDjSAewBQVVfeXFMTm5qazJFUDBJUFBVLVhyRFZyMDJ5Tk5TV042MjRIVVJianFmNDVYcGp2QnJ3b1lBb2lLVk5sY25Fd2xJM2hEZjdVN3pqelJ0ZS1xWFBCbGlyUXhFVTFpdGxPejM2VWxYTjRNZWRXR1BEeHRPUk1pVDQ4endMMG9oN0dlRTUzeTVReENiQ1hhU3JvUWpaOWJUcWlUV09rdFJGLWdZTEpzYUV5WmlPeWtQMVB0eVJlUW9aQjdqeGlIUEtKdlFQRkgyaDhOTFlHU0s1SmZEeXM0RFZ5Sk03WUR3c3B3WUFwZnBpM2o2aUg?oc=5\" target=\"_blank\" rel=\"nofollow noopener\">L&rsquo;ONU d\u00e9clare la famine \u00e0 Gaza, Netanyahu d\u00e9nonce un \u00ab\u00a0mensonge\u00a0\u00bb<\/a>&nbsp;&nbsp;Boursorama<\/li>\n<li><a href=\"https:\/\/news.google.com\/rss\/articles\/CBMigwJBVV95cUxNaENyWUIxVzEyR0F3a3JtSGcxMHBrNDBzZ0s2V0RUODFkNGtCX1dfOUVNZktySkh1MlpjMGROeXVpWFF0M3liNi13UWRSQ1dKXzJhaVVyZ3IyUkVDN3BVYTVKU3FpcW9vWUY0NEQtakh2SmwwMjRaZlBnV3loRFA1WEpSWHJFLW9OY3RWY3RocEQ1ZXhsdDVtbDM2bjVDUDNnSFloNEFfM1hLdXU5cFFoVmc3dmJ2WlRhWEk0Q3JZRVlRRnBSNElLT19tbm9IUGRWYmZBVFU4cnJyaWJmNlNxTnUtT05FZEhGbkZqUjFkWnVFSEdjbGhkbXVQNHpjbDBtMGpF?oc=5\" target=\"_blank\" rel=\"nofollow noopener\">Gaza : l\u2019ONU d\u00e9clare officiellement la famine dans l\u2019enclave, un \u00ab mensonge \u00e9hont\u00e9 \u00bb pour Netanyahou<\/a>&nbsp;&nbsp;Sud Ouest<\/li>\n<li><a href=\"https:\/\/news.google.com\/rss\/articles\/CBMipgJBVV95cUxOZ0ZVSmxMUWZ5Q0h4M3g2d1QxdWFaMjJhcEZwNkdvck5tZVJvN3Rjb1YxWHVYdENMRHJET3c5ejU1RDRfcC1uM2QyOG5BYm1NNkhsUzZ1ODdPbDVTRXJXODlfQ1RGMDhtOFdhdFpzT1ZKZVVZNGVtMW9KUFpod3JHSDAtejg5ZlJTelczcnI1Sy15emgwU2RQblRwbk1reFplaTlZVmlqQ1VaaHc4QjdHdXZvbUgzZG9NSjI0eEZXTUoydHlTcHNxeXBEUVpkZzBKVzJ3YVpCSE9IWDZxaVVkRU1sOG5yc1V5anZRSTZNb25Rakl4VHNvYTBIZF8tTXFqS3YzUHdWb2lFQmx6aVFGOXpQVEVRNlUyeC1tOTE2cnVrOVloWEE?oc=5\" target=\"_blank\" rel=\"nofollow noopener\">L\u2019ONU d\u00e9clare la famine \u00e0 Gaza, le RN prend ses distances avec le mouvement du 10 septembre, feux de for\u00eats au Portugal.. Les 3 infos \u00e0 retenir \u00e0 la mi-journ\u00e9e<\/a>&nbsp;&nbsp;Le Figaro<\/li>\n<li><a href=\"https:\/\/news.google.com\/rss\/articles\/CBMijAJBVV95cUxQMV9Ta1FBMGFmTldyS2xzNmhGekZIUUUxVjExTTJLVmZvMVNhNmJtUEQ4ZkIyLWd5SVpIOXQ5LUZWazNiSmdJUWJ1dUFHM05UcjE1WUJhcU5HNmVVMHNLTkEzR2tUUFhFa2p3R2ZJeEQyQ1BjM3pvSTdNd3NrM0ZyTlgxUUFaU3lhNUVFUGtPWVlUSlhQQnp0S3owakl6aEVkSEtPd2ppQ1dZRUFicmNhOXA0ZjJJNEZnQ0U5TzVNdmliRGhZTThERUdTNDR4N2NWcEExS0FKQWR1WC1oVGJBU3podmpCQkc1Q2RwVFZlUkJ4Qjgyc1JYUHFqX2YxaHlhRXpLSjhyUjdoTjhm?oc=5\" target=\"_blank\" rel=\"nofollow noopener\">Famine \u00e0 Gaza: \u00ab\u00a0ce que nous n&rsquo;apportons pas ce sont des fruits, des l\u00e9gumes, de la viande\u2026\u00a0\u00bb, d\u00e9crit la porte-parole d&rsquo;UNICEF<\/a>&nbsp;&nbsp;BFMTV<\/li>\n<\/ol>\n","protected":false},"excerpt":{"rendered":"En direct, Gaza : la famine doit \u00eatre \u00ab stopp\u00e9e \u00e0 tout prix \u00bb, affirment la FAO, l\u2019Unicef,&hellip;\n","protected":false},"author":2,"featured_media":1445,"comment_status":"","ping_status":"","sticky":false,"template":"","format":"standard","meta":{"footnotes":""},"categories":[5],"tags":[11,1011,27,14,12,28],"class_list":{"0":"post-336485","1":"post","2":"type-post","3":"status-publish","4":"format-standard","5":"has-post-thumbnail","7":"category-international","8":"tag-actualites","9":"tag-fr","10":"tag-france","11":"tag-international","12":"tag-news","13":"tag-world"},"share_on_mastodon":{"url":"https:\/\/pubeurope.com\/@fr\/115073203855112170","error":""},"_links":{"self":[{"href":"https:\/\/www.europesays.com\/fr\/wp-json\/wp\/v2\/posts\/336485","targetHints":{"allow":["GET"]}}],"collection":[{"href":"https:\/\/www.europesays.com\/fr\/wp-json\/wp\/v2\/posts"}],"about":[{"href":"https:\/\/www.europesays.com\/fr\/wp-json\/wp\/v2\/types\/post"}],"author":[{"embeddable":true,"href":"https:\/\/www.europesays.com\/fr\/wp-json\/wp\/v2\/users\/2"}],"replies":[{"embeddable":true,"href":"https:\/\/www.europesays.com\/fr\/wp-json\/wp\/v2\/comments?post=336485"}],"version-history":[{"count":0,"href":"https:\/\/www.europesays.com\/fr\/wp-json\/wp\/v2\/posts\/336485\/revisions"}],"wp:featuredmedia":[{"embeddable":true,"href":"https:\/\/www.europesays.com\/fr\/wp-json\/wp\/v2\/media\/1445"}],"wp:attachment":[{"href":"https:\/\/www.europesays.com\/fr\/wp-json\/wp\/v2\/media?parent=336485"}],"wp:term":[{"taxonomy":"category","embeddable":true,"href":"https:\/\/www.europesays.com\/fr\/wp-json\/wp\/v2\/categories?post=336485"},{"taxonomy":"post_tag","embeddable":true,"href":"https:\/\/www.europesays.com\/fr\/wp-json\/wp\/v2\/tags?post=336485"}],"curies":[{"name":"wp","href":"https:\/\/api.w.org\/{rel}","templated":true}]}}