{"id":336507,"date":"2025-08-22T16:05:11","date_gmt":"2025-08-22T16:05:11","guid":{"rendered":"https:\/\/www.europesays.com\/fr\/336507\/"},"modified":"2025-08-22T16:05:11","modified_gmt":"2025-08-22T16:05:11","slug":"que-vous-faut-il-un-meurtre","status":"publish","type":"post","link":"https:\/\/www.europesays.com\/fr\/336507\/","title":{"rendered":"Que vous faut-il ? Un meurtre ?"},"content":{"rendered":"<p>            Par<br \/>\n        <strong><br \/>\n            <a href=\"https:\/\/actu.fr\/auteur\/brian-legoff\" title=\"Consulter tous les articles de Brian Le Goff\" target=\"_blank\" rel=\"noopener\">Brian Le Goff<\/a><br \/>\n        <\/strong><\/p>\n<p>        Publi\u00e9 le<\/p>\n<p>            22 ao\u00fbt 2025 \u00e0 17h32        <\/p>\n<p>\u00ab\u2009Dans la nuit du 20 au 21\u00a0ao\u00fbt, une pluie de projections de colis s\u2019est abattue directement sur le quartier d\u2019isolement (QI).\u2009\u00bb C\u2019est dans un communiqu\u00e9 que <strong>l\u2019Ufap d\u00e9nonce avec vigueur<\/strong> de nouveaux parachutages de colis au-dessus de la <a href=\"https:\/\/actu.fr\/tag\/prisons\" target=\"_blank\" rel=\"noopener\">prison<\/a> pour hommes de <a href=\"https:\/\/actu.fr\/rennes\/\" target=\"_blank\" rel=\"noopener\">Rennes<\/a>, dans lesquels un couteau avec une lame d\u2019environ 20 centim\u00e8tres a \u00e9t\u00e9 trouv\u00e9.<\/p>\n<p class=\" wall-content\">Parmi les colis que les agents ont pu saisir figuraient<strong> aussi \u00ab\u2009de l\u2019alcool, de la viande et du tabac\u2009\u00bb,<\/strong> recontextualise de son c\u00f4t\u00e9 le bureau local <strong>FO Justice<\/strong>.<\/p>\n<blockquote class=\"ac-article-quote wall-content\">\n<p>Une nouvelle des plus inqui\u00e9tantes, compte tenu des profils \u00e0 haut risque que nous recevons dans notre \u00e9tablissement.<\/p>\n<p>    <strong>Bureau local FO Justice<\/strong>\n            <\/p><\/blockquote>\n<p>Des perches catapultes utilis\u00e9es<\/p>\n<p class=\" wall-content\">Pour arriver \u00e0 viser ce b\u00e2timent, les auteurs des parachutages auraient<strong> utilis\u00e9 des \u00ab\u2009perches catapultes\u2009\u00bb<\/strong> avec des<strong> manches mesurant jusqu\u2019\u00e0 2,40\u00a0m<\/strong>, selon le syndicat FO.<\/p>\n<p class=\" wall-content\">\u00ab\u2009Que vous faut-il\u2009? Un meurtre, une agression au couteau pour enfin s\u00e9curiser les quartiers QD\/QI\u2009?\u2009\u00bb, interroge vivement<strong> Eric Tox\u00e9,<\/strong> secr\u00e9taire local de l\u2019Ufap.<\/p>\n<p>Des filets comme solution pour les syndicats<\/p>\n<p class=\" wall-content\">En effet, surveillants et syndicats <strong>demandent l\u2019installation de filets<\/strong> pour \u00e9viter que ces colis avec des produits potentiellement dangereux ne finissent dans les mains de d\u00e9tenus.<\/p>\n<p class=\" wall-content\">Cette <strong>demande<\/strong> serait selon eux <strong>rest\u00e9e lettre morte<\/strong>\u2009: \u00ab\u2009Arr\u00eatez de blablater et prenez enfin les bonnes d\u00e9cisions.\u2009\u00bb<\/p>\n<p>Votre r\u00e9gion, votre actu !<\/p>\n<p>Recevez chaque jour les infos qui comptent pour vous.<\/p>\n<p>\t<a href=\"https:\/\/actu.fr\/newsletter\" class=\"ac-btn ac-btn--corner ac-btn--medium ac-btn--blue800\" target=\"_blank\" rel=\"noopener\">S&rsquo;incrire<\/a><\/p>\n<p class=\" wall-content\">Contact\u00e9e par la r\u00e9daction ce vendredi apr\u00e8s-midi, l\u2019administration p\u00e9nitentiaire n\u2019a pas \u00e9t\u00e9 en mesure de r\u00e9pondre \u00e0 nos sollicitations.<\/p>\n<p class=\" wall-content\">Personnalisez votre actualit\u00e9 en ajoutant vos villes et m\u00e9dias en favori avec <a href=\"https:\/\/moncompte.actu.fr\" title=\"D\u00e9couvez Mon Actu\" rel=\"nofollow noopener\" data-trk=\"{&quot;cta&quot;:{&quot;action&quot;:&quot;https:\\\/\\\/moncompte.actu.fr&quot;,&quot;category&quot;:&quot;mon compte&quot;,&quot;from&quot;:&quot;article footer&quot;,&quot;name&quot;:&quot;Mon actu&quot;,&quot;type&quot;:&quot;cta&quot;}}\" target=\"_blank\">Mon Actu<\/a>.<\/p>\n","protected":false},"excerpt":{"rendered":"Par Brian Le Goff Publi\u00e9 le 22 ao\u00fbt 2025 \u00e0 17h32 \u00ab\u2009Dans la nuit du 20 au 21\u00a0ao\u00fbt,&hellip;\n","protected":false},"author":2,"featured_media":336508,"comment_status":"","ping_status":"","sticky":false,"template":"","format":"standard","meta":{"footnotes":""},"categories":[2821],"tags":[1111,11,829,1777,674,118,1011,27,12,899,584,25],"class_list":{"0":"post-336507","1":"post","2":"type-post","3":"status-publish","4":"format-standard","5":"has-post-thumbnail","7":"category-rennes","8":"tag-actu","9":"tag-actualites","10":"tag-bretagne","11":"tag-eu","12":"tag-europe","13":"tag-faits-divers","14":"tag-fr","15":"tag-france","16":"tag-news","17":"tag-prisons","18":"tag-rennes","19":"tag-republique-francaise"},"share_on_mastodon":{"url":"https:\/\/pubeurope.com\/@fr\/115073274710622655","error":""},"_links":{"self":[{"href":"https:\/\/www.europesays.com\/fr\/wp-json\/wp\/v2\/posts\/336507","targetHints":{"allow":["GET"]}}],"collection":[{"href":"https:\/\/www.europesays.com\/fr\/wp-json\/wp\/v2\/posts"}],"about":[{"href":"https:\/\/www.europesays.com\/fr\/wp-json\/wp\/v2\/types\/post"}],"author":[{"embeddable":true,"href":"https:\/\/www.europesays.com\/fr\/wp-json\/wp\/v2\/users\/2"}],"replies":[{"embeddable":true,"href":"https:\/\/www.europesays.com\/fr\/wp-json\/wp\/v2\/comments?post=336507"}],"version-history":[{"count":0,"href":"https:\/\/www.europesays.com\/fr\/wp-json\/wp\/v2\/posts\/336507\/revisions"}],"wp:featuredmedia":[{"embeddable":true,"href":"https:\/\/www.europesays.com\/fr\/wp-json\/wp\/v2\/media\/336508"}],"wp:attachment":[{"href":"https:\/\/www.europesays.com\/fr\/wp-json\/wp\/v2\/media?parent=336507"}],"wp:term":[{"taxonomy":"category","embeddable":true,"href":"https:\/\/www.europesays.com\/fr\/wp-json\/wp\/v2\/categories?post=336507"},{"taxonomy":"post_tag","embeddable":true,"href":"https:\/\/www.europesays.com\/fr\/wp-json\/wp\/v2\/tags?post=336507"}],"curies":[{"name":"wp","href":"https:\/\/api.w.org\/{rel}","templated":true}]}}