{"id":336511,"date":"2025-08-22T16:07:10","date_gmt":"2025-08-22T16:07:10","guid":{"rendered":"https:\/\/www.europesays.com\/fr\/336511\/"},"modified":"2025-08-22T16:07:10","modified_gmt":"2025-08-22T16:07:10","slug":"bientot-70-arceaux-a-velo-supplementaires-installes-sur-la-place-dausterlitz","status":"publish","type":"post","link":"https:\/\/www.europesays.com\/fr\/336511\/","title":{"rendered":"bient\u00f4t 70 arceaux \u00e0 v\u00e9lo suppl\u00e9mentaires install\u00e9s sur la place d&rsquo;Austerlitz"},"content":{"rendered":"<p>            Par<br \/>\n        <strong><br \/>\n            <a href=\"https:\/\/actu.fr\/auteur\/ivan-capecchi\" title=\"Consulter tous les articles de Ivan CAPECCHI\" rel=\"nofollow noopener\" target=\"_blank\">Ivan CAPECCHI<\/a><br \/>\n        <\/strong><\/p>\n<p>        Publi\u00e9 le<\/p>\n<p>            22 ao\u00fbt 2025 \u00e0 17h14        <\/p>\n<p>Quiconque emprunte r\u00e9guli\u00e8rement la <a href=\"https:\/\/actu.fr\/grand-est\/strasbourg_67482\/strasbourg-pourquoi-la-place-d-austerlitz-va-etre-amputee-d-environ-6-de-sa-surface_63067711.html\" rel=\"nofollow noopener\" target=\"_blank\">place d\u2019Austerlitz \u00e0 Strasbourg<\/a> sait qu\u2019il est souvent difficile de trouver de la place pour y garer son v\u00e9lo, malgr\u00e9 les nombreux <strong>arceaux \u00e0 v\u00e9lo<\/strong> qui s\u2019y trouvent d\u00e9j\u00e0. Alors la Ville pr\u00e9voit d\u2019en <strong>ajouter 70 de plus<\/strong>, et ce dans le cadre des <a href=\"https:\/\/actu.fr\/grand-est\/strasbourg_67482\/des-travaux-tres-bruyants-prevus-la-semaine-prochaine-dans-le-centre-ville-de-strasbourg-voici-ou_63068334.html\" rel=\"nofollow noopener\" target=\"_blank\">travaux li\u00e9s au ring v\u00e9lo<\/a> qui ont lieu d\u00e8s la semaine prochaine dans le secteur.<\/p>\n<p>15 autres arceaux \u00e0 v\u00e9lo install\u00e9s non loin<\/p>\n<p class=\" wall-content\">Dans le cadre de ces m\u00eames travaux, <strong>plus de 15 arceaux \u00e0 v\u00e9lo<\/strong> seront \u00e9galement install\u00e9s <strong>entre la place d\u2019Austerlitz et la rue de la Brigade Alsace-Lorraine<\/strong> non loin.<\/p>\n<p class=\" wall-content\">Pour rappel, <strong>500 arceaux v\u00e9los<\/strong> doivent \u00eatre install\u00e9s \u00e0 terme dans le cadre du ring v\u00e9lo, dont la r\u00e9alisation doit s\u2019achever en quasi-totalit\u00e9 d\u2019ici la fin du mandat.<\/p>\n<p class=\" wall-content\">Personnalisez votre actualit\u00e9 en ajoutant vos villes et m\u00e9dias en favori avec <a href=\"https:\/\/moncompte.actu.fr\" title=\"D\u00e9couvez Mon Actu\" rel=\"nofollow noopener\" data-trk=\"{&quot;cta&quot;:{&quot;action&quot;:&quot;https:\\\/\\\/moncompte.actu.fr&quot;,&quot;category&quot;:&quot;mon compte&quot;,&quot;from&quot;:&quot;article footer&quot;,&quot;name&quot;:&quot;Mon actu&quot;,&quot;type&quot;:&quot;cta&quot;}}\" target=\"_blank\">Mon Actu<\/a>.<\/p>\n","protected":false},"excerpt":{"rendered":"Par Ivan CAPECCHI Publi\u00e9 le 22 ao\u00fbt 2025 \u00e0 17h14 Quiconque emprunte r\u00e9guli\u00e8rement la place d\u2019Austerlitz \u00e0 Strasbourg&hellip;\n","protected":false},"author":2,"featured_media":336512,"comment_status":"","ping_status":"","sticky":false,"template":"","format":"standard","meta":{"footnotes":""},"categories":[2820],"tags":[1111,11,1777,674,1011,27,775,12,25,104,640,208],"class_list":{"0":"post-336511","1":"post","2":"type-post","3":"status-publish","4":"format-standard","5":"has-post-thumbnail","7":"category-strasbourg","8":"tag-actu","9":"tag-actualites","10":"tag-eu","11":"tag-europe","12":"tag-fr","13":"tag-france","14":"tag-grand-est","15":"tag-news","16":"tag-republique-francaise","17":"tag-societe","18":"tag-strasbourg","19":"tag-velo"},"share_on_mastodon":{"url":"https:\/\/pubeurope.com\/@fr\/115073282594472833","error":""},"_links":{"self":[{"href":"https:\/\/www.europesays.com\/fr\/wp-json\/wp\/v2\/posts\/336511","targetHints":{"allow":["GET"]}}],"collection":[{"href":"https:\/\/www.europesays.com\/fr\/wp-json\/wp\/v2\/posts"}],"about":[{"href":"https:\/\/www.europesays.com\/fr\/wp-json\/wp\/v2\/types\/post"}],"author":[{"embeddable":true,"href":"https:\/\/www.europesays.com\/fr\/wp-json\/wp\/v2\/users\/2"}],"replies":[{"embeddable":true,"href":"https:\/\/www.europesays.com\/fr\/wp-json\/wp\/v2\/comments?post=336511"}],"version-history":[{"count":0,"href":"https:\/\/www.europesays.com\/fr\/wp-json\/wp\/v2\/posts\/336511\/revisions"}],"wp:featuredmedia":[{"embeddable":true,"href":"https:\/\/www.europesays.com\/fr\/wp-json\/wp\/v2\/media\/336512"}],"wp:attachment":[{"href":"https:\/\/www.europesays.com\/fr\/wp-json\/wp\/v2\/media?parent=336511"}],"wp:term":[{"taxonomy":"category","embeddable":true,"href":"https:\/\/www.europesays.com\/fr\/wp-json\/wp\/v2\/categories?post=336511"},{"taxonomy":"post_tag","embeddable":true,"href":"https:\/\/www.europesays.com\/fr\/wp-json\/wp\/v2\/tags?post=336511"}],"curies":[{"name":"wp","href":"https:\/\/api.w.org\/{rel}","templated":true}]}}