{"id":336513,"date":"2025-08-22T16:08:11","date_gmt":"2025-08-22T16:08:11","guid":{"rendered":"https:\/\/www.europesays.com\/fr\/336513\/"},"modified":"2025-08-22T16:08:11","modified_gmt":"2025-08-22T16:08:11","slug":"bientot-une-piste-cyclable-dans-le-secteur-de-la-place-dausterlitz","status":"publish","type":"post","link":"https:\/\/www.europesays.com\/fr\/336513\/","title":{"rendered":"bient\u00f4t une piste cyclable dans le secteur de la place\u00a0d&rsquo;Austerlitz"},"content":{"rendered":"<p>            Par<br \/>\n        <strong><br \/>\n            <a href=\"https:\/\/actu.fr\/auteur\/ivan-capecchi\" title=\"Consulter tous les articles de Ivan CAPECCHI\" target=\"_blank\" rel=\"noopener\">Ivan CAPECCHI<\/a><br \/>\n        <\/strong><\/p>\n<p>        Publi\u00e9 le<\/p>\n<p>            22 ao\u00fbt 2025 \u00e0 17h53        <\/p>\n<p>Le chantier du <a href=\"https:\/\/actu.fr\/grand-est\/strasbourg_67482\/strasbourg-pas-encore-fini-le-ring-velo-seduit-deja-c-est-super-pratique_63050060.html\" target=\"_blank\" rel=\"noopener\">ring v\u00e9lo<\/a>, ce <strong>contournement cyclable et pi\u00e9ton de la Grande-\u00cele \u00e0 Strasbourg<\/strong>, franchit une nouvelle \u00e9tape. D\u00e8s la semaine prochaine, les <a href=\"https:\/\/actu.fr\/tag\/travaux\" target=\"_blank\" rel=\"noopener\">travaux<\/a> se concentreront autour de la <strong>place d\u2019Austerlitz et de la rue Sengenwald<\/strong>. Objectif\u2009: livrer ces portions strat\u00e9giques avant le lancement du <a href=\"https:\/\/actu.fr\/grand-est\/strasbourg_67482\/strasbourg-les-dates-du-marche-de-noel-2025-sont-connues_62710676.html#:~:text=Le%20march%C3%A9%20de%20No%C3%ABl%20de,une%20%C3%A9dition%202024%20exceptionnellement%20d%C3%A9cal%C3%A9e.&amp;text=Le%20march%C3%A9%20de%20No%C3%ABl%20de%20Strasbourg%202025%20aura%20lieu%20du,novembre%20au%20mercredi%2024%20d%C3%A9cembre.\" target=\"_blank\" rel=\"noopener\">march\u00e9 de No\u00ebl 2025<\/a>.<\/p>\n<p>La place d\u2019Austerlitz l\u00e9g\u00e8rement r\u00e9duite<\/p>\n<p class=\" wall-content\">Pour permettre l\u2019insertion d\u2019une <strong>piste cyclable bidirectionnelle<\/strong>, la <a href=\"https:\/\/actu.fr\/grand-est\/strasbourg_67482\/strasbourg-pourquoi-la-place-d-austerlitz-va-etre-amputee-d-environ-6-de-sa-surface_63067711.html\" target=\"_blank\" rel=\"noopener\">place d\u2019Austerlitz va \u00eatre r\u00e9duite de 5,8\u2009% de sa surface<\/a>.<\/p>\n<p class=\" wall-content\">La piste, <strong>large de 3,50 m\u00e8tres<\/strong>, sera <strong>implant\u00e9e au sud de la place<\/strong>, au pied des platanes qui seront conserv\u00e9s.<\/p>\n<p>    <img   decoding=\"async\" loading=\"lazy\" src=\"https:\/\/www.europesays.com\/fr\/wp-content\/uploads\/2025\/08\/arceaux-velo-place-austerlitz-strasbourg-960x640.jpg\" alt=\"Bien que d\u00e9j\u00e0 nombreux, les arceaux \u00e0 v\u00e9lo pr\u00e9sents au niveau de la place d'Austerlitz \u00e0 Strasbourg ne parviennent pas toujours \u00e0 absorber le flux de v\u00e9hicules \u00e0 deux-roues.\" width=\"960\" height=\"640\"\/><br \/>\n    Toujours dans le cadre du ring v\u00e9lo, 70 arceaux \u00e0 v\u00e9lo suppl\u00e9mentaires seront install\u00e9s sur la place d\u2019Austerlitz \u00e0 Strasbourg. (\u00a9Ivan Capecchi \/ Actu Strasbourg)Des nuisances sonores annonc\u00e9es<\/p>\n<p class=\" wall-content\">L\u2019op\u00e9ration de<strong> sciage du b\u00e9ton arm\u00e9<\/strong> doit \u00eatre men\u00e9e la<strong> semaine prochaine<\/strong>.<\/p>\n<p class=\" wall-content\">La collectivit\u00e9 pr\u00e9vient que <a href=\"https:\/\/actu.fr\/grand-est\/strasbourg_67482\/des-travaux-tres-bruyants-prevus-la-semaine-prochaine-dans-le-centre-ville-de-strasbourg-voici-ou_63068334.html\" target=\"_blank\" rel=\"noopener\">les travaux seront tr\u00e8s bruyants<\/a>, mais aussi que <strong>les nuisances seront limit\u00e9es dans le temps<\/strong>\u2009: pass\u00e9e cette phase, le chantier se poursuivra avec des op\u00e9rations plus classiques.<\/p>\n<p>Des perturbations de circulation \u00e0 pr\u00e9voir<\/p>\n<p class=\" wall-content\">Depuis le 18\u00a0ao\u00fbt, les travaux pr\u00e9paratoires ont conduit \u00e0 la <strong>fermeture de la rue longeant la place d\u2019Austerlitz<\/strong>, avec une <strong>d\u00e9viation mise en place par les rues de Berne, Soleure et S\u00e9dillot<\/strong>.<\/p>\n<p>Votre r\u00e9gion, votre actu !<\/p>\n<p>Recevez chaque jour les infos qui comptent pour vous.<\/p>\n<p>\t<a href=\"https:\/\/actu.fr\/newsletter\" class=\"ac-btn ac-btn--corner ac-btn--medium ac-btn--blue800\" target=\"_blank\" rel=\"noopener\">S&rsquo;incrire<\/a><\/p>\n<p>    <img   decoding=\"async\" loading=\"lazy\" src=\"https:\/\/www.europesays.com\/fr\/wp-content\/uploads\/2025\/08\/route-barree-place-austerlitz-960x640.jpg\" alt=\"La route longeant la place d'Austerlitz est d\u00e9j\u00e0 barr\u00e9e.\" width=\"960\" height=\"640\"\/><br \/>\n    La route longeant la place d\u2019Austerlitz est d\u00e9j\u00e0 barr\u00e9e. (\u00a9Ivan Capecchi \/ Actu Strasbourg)<\/p>\n<p class=\" wall-content\">Ce plan reste inchang\u00e9 <strong>du 25\u00a0ao\u00fbt au 31\u00a0octobre<\/strong>, p\u00e9riode durant laquelle <strong>la rue Sengenwald entre aussi en travaux<\/strong>, avec un <strong>acc\u00e8s limit\u00e9 aux riverains et commerces<\/strong>.<\/p>\n<p class=\" wall-content\">La <strong>circulation est-ouest<\/strong> est toutefois <strong>maintenue<\/strong>, notamment pour la<strong> sortie du parking Austerlitz<\/strong>. Le <strong>franchissement entre la rue de la Brigade Alsace-Lorraine<\/strong> et la <strong>rue des B\u0153ufs<\/strong> reste <strong>possible pour les modes actifs<\/strong>.<\/p>\n<p class=\" wall-content\">Enfin, <strong>du 3 au 26\u00a0novembre<\/strong>, la <strong>rue des Orphelins<\/strong> et l\u2019<strong>est de la place d\u2019Austerlitz<\/strong> seront <strong>ferm\u00e9s<\/strong>, tandis que <strong>l\u2019axe cyclable nord-sud sera mis en service<\/strong>.<\/p>\n<p class=\" wall-content\">La <strong>ligne de bus 10 sera d\u00e9vi\u00e9e dans les deux sens<\/strong> durant toute la dur\u00e9e du chantier.<\/p>\n<p class=\" wall-content\">Personnalisez votre actualit\u00e9 en ajoutant vos villes et m\u00e9dias en favori avec <a href=\"https:\/\/moncompte.actu.fr\" title=\"D\u00e9couvez Mon Actu\" rel=\"nofollow noopener\" data-trk=\"{&quot;cta&quot;:{&quot;action&quot;:&quot;https:\\\/\\\/moncompte.actu.fr&quot;,&quot;category&quot;:&quot;mon compte&quot;,&quot;from&quot;:&quot;article footer&quot;,&quot;name&quot;:&quot;Mon actu&quot;,&quot;type&quot;:&quot;cta&quot;}}\" target=\"_blank\">Mon Actu<\/a>.<\/p>\n","protected":false},"excerpt":{"rendered":"Par Ivan CAPECCHI Publi\u00e9 le 22 ao\u00fbt 2025 \u00e0 17h53 Le chantier du ring v\u00e9lo, ce contournement cyclable&hellip;\n","protected":false},"author":2,"featured_media":336514,"comment_status":"","ping_status":"","sticky":false,"template":"","format":"standard","meta":{"footnotes":""},"categories":[2820],"tags":[1111,11,1777,674,1011,27,775,12,25,104,640,2086,208],"class_list":{"0":"post-336513","1":"post","2":"type-post","3":"status-publish","4":"format-standard","5":"has-post-thumbnail","7":"category-strasbourg","8":"tag-actu","9":"tag-actualites","10":"tag-eu","11":"tag-europe","12":"tag-fr","13":"tag-france","14":"tag-grand-est","15":"tag-news","16":"tag-republique-francaise","17":"tag-societe","18":"tag-strasbourg","19":"tag-travaux","20":"tag-velo"},"share_on_mastodon":{"url":"https:\/\/pubeurope.com\/@fr\/115073286608294401","error":""},"_links":{"self":[{"href":"https:\/\/www.europesays.com\/fr\/wp-json\/wp\/v2\/posts\/336513","targetHints":{"allow":["GET"]}}],"collection":[{"href":"https:\/\/www.europesays.com\/fr\/wp-json\/wp\/v2\/posts"}],"about":[{"href":"https:\/\/www.europesays.com\/fr\/wp-json\/wp\/v2\/types\/post"}],"author":[{"embeddable":true,"href":"https:\/\/www.europesays.com\/fr\/wp-json\/wp\/v2\/users\/2"}],"replies":[{"embeddable":true,"href":"https:\/\/www.europesays.com\/fr\/wp-json\/wp\/v2\/comments?post=336513"}],"version-history":[{"count":0,"href":"https:\/\/www.europesays.com\/fr\/wp-json\/wp\/v2\/posts\/336513\/revisions"}],"wp:featuredmedia":[{"embeddable":true,"href":"https:\/\/www.europesays.com\/fr\/wp-json\/wp\/v2\/media\/336514"}],"wp:attachment":[{"href":"https:\/\/www.europesays.com\/fr\/wp-json\/wp\/v2\/media?parent=336513"}],"wp:term":[{"taxonomy":"category","embeddable":true,"href":"https:\/\/www.europesays.com\/fr\/wp-json\/wp\/v2\/categories?post=336513"},{"taxonomy":"post_tag","embeddable":true,"href":"https:\/\/www.europesays.com\/fr\/wp-json\/wp\/v2\/tags?post=336513"}],"curies":[{"name":"wp","href":"https:\/\/api.w.org\/{rel}","templated":true}]}}