{"id":336515,"date":"2025-08-22T16:09:11","date_gmt":"2025-08-22T16:09:11","guid":{"rendered":"https:\/\/www.europesays.com\/fr\/336515\/"},"modified":"2025-08-22T16:09:11","modified_gmt":"2025-08-22T16:09:11","slug":"nice-interdiction-des-bateaux-de-croisiere-sur-la-cote-dazur-ou-en-est-on","status":"publish","type":"post","link":"https:\/\/www.europesays.com\/fr\/336515\/","title":{"rendered":"Nice. Interdiction des bateaux de croisi\u00e8re sur la C\u00f4te d&rsquo;Azur : o\u00f9 en-est on\u00a0?"},"content":{"rendered":"<p>            Par<br \/>\n        <strong><br \/>\n            <a href=\"https:\/\/actu.fr\/auteur\/ugo-maillard\" title=\"Consulter tous les articles de Ugo Maillard\" target=\"_blank\" rel=\"noopener\">Ugo Maillard<\/a><br \/>\n        <\/strong><\/p>\n<p>        Publi\u00e9 le<\/p>\n<p>            22 ao\u00fbt 2025 \u00e0 16h35        <\/p>\n<p>Pour mettre un terme aux pol\u00e9miques, tout le monde se met autour de la table. Alors que l\u2019arr\u00eat\u00e9 pris par la ville de <a href=\"https:\/\/actu.fr\/nice\/\" target=\"_blank\" rel=\"noopener\">Nice<\/a> pour <strong>interdire les bateaux de croisi\u00e8re<\/strong> de plus de 2\u2009500 passagers a \u00e9t\u00e9<a href=\"https:\/\/actu.fr\/provence-alpes-cote-d-azur\/nice_06088\/mega-croisieres-a-nice-pas-competent-la-justice-donne-tort-a-christian-estrosi_62893638.html\" target=\"_blank\" rel=\"noopener\"> jug\u00e9 ill\u00e9gal<\/a> par le tribunal administratif, des <strong>discussions<\/strong> ont \u00e9t\u00e9 entam\u00e9es \u00e0 l\u2019initiative de la pr\u00e9fecture des <a href=\"https:\/\/actu.fr\/provence-alpes-cote-d-azur\/alpes-maritimes_06\" target=\"_blank\" rel=\"noopener\">Alpes-Maritimes<\/a>. Se sont r\u00e9unis, les communes de Nice, de <a href=\"https:\/\/actu.fr\/provence-alpes-cote-d-azur\/villefranche-sur-mer_06159\" target=\"_blank\" rel=\"noopener\">Villefranche-sur-Mer<\/a>, de <a href=\"https:\/\/actu.fr\/provence-alpes-cote-d-azur\/cannes_06029\" target=\"_blank\" rel=\"noopener\">Cannes<\/a> ainsi que l\u2019union maritime, les repr\u00e9sentants croisi\u00e9ristes, l\u2019Union pour les entreprises, la Chambre de commerce et d\u2019industrie et le Conseil d\u00e9partemental.<\/p>\n<p class=\" wall-content\">L\u2019objectif des \u00e9changes\u2009? R\u00e9diger un texte commun dans l\u2019optique de <strong>limiter la pr\u00e9sence des m\u00e9ga bateaux<\/strong> de croisi\u00e8re.<\/p>\n<p class=\" wall-content\">Voici tous les d\u00e9tails qu\u2019actu Nice a pu se procurer.<\/p>\n<p>Un retour en octobre<\/p>\n<p class=\" wall-content\">Lors d\u2019une r\u00e9union organis\u00e9e le 11 juillet 2025, les diff\u00e9rents acteurs locaux ont \u00e9voqu\u00e9 leur position quant \u00e0 l\u2019accueil des bateaux de croisi\u00e8re. \u00ab\u2009Chacun a convenu de l\u2019importance de la n\u00e9cessit\u00e9 d\u2019une <strong>approche coordonn\u00e9e<\/strong>, d\u00e9partementale et concert\u00e9e, pour la premi\u00e8re fois, et exprim\u00e9 la volont\u00e9 de mettre fin \u00e0 des pol\u00e9miques incessantes\u2009\u00bb, expliquent les services de la pr\u00e9fecture.<\/p>\n<p class=\" wall-content\">Selon nos informations, un groupe de travail technique, pilot\u00e9 par la Direction d\u00e9partementale des territoires et de la mer et la direction r\u00e9gionale de la mer <a href=\"https:\/\/actu.fr\/tag\/mediterranee\" target=\"_blank\" rel=\"noopener\">M\u00e9diterran\u00e9e<\/a> va se r\u00e9unir en septembre.\u00a0<\/p>\n<p class=\" wall-content\">L\u2019objectif \u00e9tant d\u2019\u00e9laborer une <strong>charte d\u00e9partementale<\/strong> ou d\u2019un arr\u00eat\u00e9 pr\u00e9fectoral consensuel d\u2019accueil des navires de croisi\u00e8res dans les ports et sur le littoral de d\u00e9partement. Une charte qui, si le planning est respect\u00e9, verra le jour en <strong>octobre\u00a02025<\/strong>.<\/p>\n<p>Deux particularit\u00e9s pour le d\u00e9partement<\/p>\n<p class=\" wall-content\">Les \u00e9quipes r\u00e9unies sur le projet de texte s\u2019appuieront sur la <a href=\"https:\/\/www.mer.gouv.fr\/sites\/default\/files\/2022-10\/charte.pdf\" target=\"_blank\" rel=\"noopener\">charte croisi\u00e8res nationale<\/a> dans laquelle on retrouve <strong>treize engagements<\/strong> dont des mesures sur les \u00e9missions atmosph\u00e9riques ou sur la protection des habitats.<\/p>\n<p>Votre r\u00e9gion, votre actu !<\/p>\n<p>Recevez chaque jour les infos qui comptent pour vous.<\/p>\n<p>\t<a href=\"https:\/\/actu.fr\/newsletter\" class=\"ac-btn ac-btn--corner ac-btn--medium ac-btn--blue800\" target=\"_blank\" rel=\"noopener\">S&rsquo;incrire<\/a><\/p>\n<p class=\" wall-content\">Les pouvoirs locaux vont aller plus loin que la carte nationale sur deux points importants :\u00a0la capacit\u00e9 des navires et des passagers et la gestion des flux.<\/p>\n<p class=\" wall-content\">Personnalisez votre actualit\u00e9 en ajoutant vos villes et m\u00e9dias en favori avec <a href=\"https:\/\/moncompte.actu.fr\" title=\"D\u00e9couvez Mon Actu\" rel=\"nofollow noopener\" data-trk=\"{&quot;cta&quot;:{&quot;action&quot;:&quot;https:\\\/\\\/moncompte.actu.fr&quot;,&quot;category&quot;:&quot;mon compte&quot;,&quot;from&quot;:&quot;article footer&quot;,&quot;name&quot;:&quot;Mon actu&quot;,&quot;type&quot;:&quot;cta&quot;}}\" target=\"_blank\">Mon Actu<\/a>.<\/p>\n","protected":false},"excerpt":{"rendered":"Par Ugo Maillard Publi\u00e9 le 22 ao\u00fbt 2025 \u00e0 16h35 Pour mettre un terme aux pol\u00e9miques, tout le&hellip;\n","protected":false},"author":2,"featured_media":336516,"comment_status":"","ping_status":"","sticky":false,"template":"","format":"standard","meta":{"footnotes":""},"categories":[2819],"tags":[1111,11,2397,2380,1777,674,1011,27,1252,12,2401,52,882,25],"class_list":{"0":"post-336515","1":"post","2":"type-post","3":"status-publish","4":"format-standard","5":"has-post-thumbnail","7":"category-nice","8":"tag-actu","9":"tag-actualites","10":"tag-christian-estrosi","11":"tag-croisiere","12":"tag-eu","13":"tag-europe","14":"tag-fr","15":"tag-france","16":"tag-mediterranee","17":"tag-news","18":"tag-nice","19":"tag-planete","20":"tag-provence-alpes-cote-dazur","21":"tag-republique-francaise"},"share_on_mastodon":{"url":"https:\/\/pubeurope.com\/@fr\/115073290508359471","error":""},"_links":{"self":[{"href":"https:\/\/www.europesays.com\/fr\/wp-json\/wp\/v2\/posts\/336515","targetHints":{"allow":["GET"]}}],"collection":[{"href":"https:\/\/www.europesays.com\/fr\/wp-json\/wp\/v2\/posts"}],"about":[{"href":"https:\/\/www.europesays.com\/fr\/wp-json\/wp\/v2\/types\/post"}],"author":[{"embeddable":true,"href":"https:\/\/www.europesays.com\/fr\/wp-json\/wp\/v2\/users\/2"}],"replies":[{"embeddable":true,"href":"https:\/\/www.europesays.com\/fr\/wp-json\/wp\/v2\/comments?post=336515"}],"version-history":[{"count":0,"href":"https:\/\/www.europesays.com\/fr\/wp-json\/wp\/v2\/posts\/336515\/revisions"}],"wp:featuredmedia":[{"embeddable":true,"href":"https:\/\/www.europesays.com\/fr\/wp-json\/wp\/v2\/media\/336516"}],"wp:attachment":[{"href":"https:\/\/www.europesays.com\/fr\/wp-json\/wp\/v2\/media?parent=336515"}],"wp:term":[{"taxonomy":"category","embeddable":true,"href":"https:\/\/www.europesays.com\/fr\/wp-json\/wp\/v2\/categories?post=336515"},{"taxonomy":"post_tag","embeddable":true,"href":"https:\/\/www.europesays.com\/fr\/wp-json\/wp\/v2\/tags?post=336515"}],"curies":[{"name":"wp","href":"https:\/\/api.w.org\/{rel}","templated":true}]}}