{"id":336517,"date":"2025-08-22T16:10:12","date_gmt":"2025-08-22T16:10:12","guid":{"rendered":"https:\/\/www.europesays.com\/fr\/336517\/"},"modified":"2025-08-22T16:10:12","modified_gmt":"2025-08-22T16:10:12","slug":"nice-cpm06-revue-de-presse-2-0-de-la-semaine-du-22-aout","status":"publish","type":"post","link":"https:\/\/www.europesays.com\/fr\/336517\/","title":{"rendered":"NICE : CPM06 &#8211; Revue de presse 2.0 de la semaine du 22 ao\u00fbt"},"content":{"rendered":"<p><strong>Chaque semaine, le Club de la Presse M\u00e9diterran\u00e9e 06 propose de retrouver une s\u00e9lection d\u2019articles sur l\u2019actualit\u00e9 des m\u00e9dias et du journalisme.\u00a0<\/strong><\/p>\n<p>Bonne lecture\u00a0\u00e0 tous\u00a0!<\/p>\n<p><a href=\"https:\/\/www.lemonde.fr\/sport\/article\/2025\/08\/18\/le-commentateur-de-foot-stephane-guy-reintegre-canal-apres-l-annulation-de-son-licenciement-par-la-justice_6631645_3242.html\" rel=\"nofollow noopener\" target=\"_blank\">Le commentateur de foot St\u00e9phane Guy r\u00e9int\u00e8gre Canal+, apr\u00e8s l\u2019annulation de son licenciement par la justice<\/a><\/p>\n<p>Apr\u00e8s trois ans d\u2019absence et un long combat judiciaire, St\u00e9phane Guy retrouve le micro de Canal+ pour un retour tr\u00e8s attendu par les amateurs de football anglais.<\/p>\n<p>18\/08 <a href=\"http:\/\/lemonde.fr\" rel=\"nofollow noopener\" target=\"_blank\">lemonde.fr<\/a><\/p>\n<p><a href=\"https:\/\/www.franceinfo.fr\/politique\/la-france-insoumise\/la-france-insoumise-interdit-ses-universites-d-ete-a-un-journaliste-du-monde-co-auteur-du-livre-la-meute_7447420.html\" rel=\"nofollow noopener\" target=\"_blank\">La France insoumise interdit ses universit\u00e9s d\u2019\u00e9t\u00e9 \u00e0 un journaliste du \u00ab\u00a0Monde\u00a0\u00bb, co-auteur du livre \u00ab\u00a0La Meute\u00a0\u00bb<\/a><\/p>\n<p>Paru d\u00e9but mai, ce livre d\u00e9crit une formation totalement organis\u00e9e autour de la personnalit\u00e9 de Jean-Luc M\u00e9lenchon, o\u00f9 intimidations et menaces sont monnaie courante. Lors de la parution, LFI avait rejet\u00e9 en bloc les affirmations de l\u2019ouvrage.<\/p>\n<p>21\/08 <a href=\"http:\/\/franceinfo.fr\" rel=\"nofollow noopener\" target=\"_blank\">franceinfo.fr<\/a><\/p>\n<p><a href=\"https:\/\/www.20minutes.fr\/sport\/football\/ligue-1\/4168834-20250821-ligue-1-canal-adresse-ultimatum-lfp-media-distribution-l1\" rel=\"nofollow noopener\" target=\"_blank\">Ligue 1 + : Canal+ a adress\u00e9 un ultimatum \u00e0 LFP M\u00e9dia pour la distribution de la L1<\/a><\/p>\n<p>M\u00c9DIAS\u2022Canal+ a adress\u00e9 un courrier \u00e0 LFP Media afin de pouvoir distribuer la cha\u00eene Ligue 1 + \u00e0 compter de jeudi, sans avoir \u00e0 retirer sa plainte\u2026 sous peine de l\u2019attaquer en justice<\/p>\n<p>21\/08 20 <a href=\"http:\/\/minutes.fr\" rel=\"nofollow noopener\" target=\"_blank\">minutes.fr<\/a><\/p>\n<p><a href=\"https:\/\/www.20minutes.fr\/sport\/football\/ligue-1\/4168880-20250821-droits-tv-ligue-repond-sechement-canal-accuse-etre-hostile-belliqueuse\" rel=\"nofollow noopener\" target=\"_blank\">Droits TV : La Ligue r\u00e9pond s\u00e8chement \u00e0 Canal+, qu\u2019elle accuse d\u2019\u00eatre \u00ab hostile et belliqueuse \u00bb<\/a><\/p>\n<p>FOOTBALL\u2022Somm\u00e9e par Canal+ de permettre \u00e0 la cha\u00eene crypt\u00e9e de diffuser Ligue 1 + sur ses antennes, sous peine de mise en demeure devant la justice, la LFP a hauss\u00e9 le ton ce jeudi<\/p>\n<p>21\/08 <a href=\"http:\/\/20minutes.fr\" rel=\"nofollow noopener\" target=\"_blank\">20minutes.fr<\/a><\/p>\n<p>\u00a0<\/p>\n<p><strong>Club de la Presse M\u00e9diterran\u00e9e 06\u00a0<\/strong><\/p>\n<p><strong>Maison des Associations Garibaldi<\/strong><br \/><strong>12 Ter Place Garibaldi<\/strong><br \/><strong>Nice <\/strong><br \/><strong><a href=\"https:\/\/presseagence.fr\/nice-cpm06-revue-de-presse-2-0-de-la-semaine-du-22-aout\/mailto:info@clubpresse06.com\" rel=\"nofollow noopener\" target=\"_blank\">info@clubpresse06.com<\/a><\/strong><\/p>\n<p><strong><a href=\"http:\/\/www.clubpresse06.com\/\" rel=\"nofollow noopener\" target=\"_blank\">http:\/\/www.clubpresse06.com<\/a>\u00a0<\/strong><\/p>\n","protected":false},"excerpt":{"rendered":"Chaque semaine, le Club de la Presse M\u00e9diterran\u00e9e 06 propose de retrouver une s\u00e9lection d\u2019articles sur l\u2019actualit\u00e9 des&hellip;\n","protected":false},"author":2,"featured_media":336518,"comment_status":"","ping_status":"","sticky":false,"template":"","format":"standard","meta":{"footnotes":""},"categories":[2819],"tags":[1111,11,1777,674,1011,27,12,2401,882,25],"class_list":{"0":"post-336517","1":"post","2":"type-post","3":"status-publish","4":"format-standard","5":"has-post-thumbnail","7":"category-nice","8":"tag-actu","9":"tag-actualites","10":"tag-eu","11":"tag-europe","12":"tag-fr","13":"tag-france","14":"tag-news","15":"tag-nice","16":"tag-provence-alpes-cote-dazur","17":"tag-republique-francaise"},"share_on_mastodon":{"url":"https:\/\/pubeurope.com\/@fr\/115073294320338961","error":""},"_links":{"self":[{"href":"https:\/\/www.europesays.com\/fr\/wp-json\/wp\/v2\/posts\/336517","targetHints":{"allow":["GET"]}}],"collection":[{"href":"https:\/\/www.europesays.com\/fr\/wp-json\/wp\/v2\/posts"}],"about":[{"href":"https:\/\/www.europesays.com\/fr\/wp-json\/wp\/v2\/types\/post"}],"author":[{"embeddable":true,"href":"https:\/\/www.europesays.com\/fr\/wp-json\/wp\/v2\/users\/2"}],"replies":[{"embeddable":true,"href":"https:\/\/www.europesays.com\/fr\/wp-json\/wp\/v2\/comments?post=336517"}],"version-history":[{"count":0,"href":"https:\/\/www.europesays.com\/fr\/wp-json\/wp\/v2\/posts\/336517\/revisions"}],"wp:featuredmedia":[{"embeddable":true,"href":"https:\/\/www.europesays.com\/fr\/wp-json\/wp\/v2\/media\/336518"}],"wp:attachment":[{"href":"https:\/\/www.europesays.com\/fr\/wp-json\/wp\/v2\/media?parent=336517"}],"wp:term":[{"taxonomy":"category","embeddable":true,"href":"https:\/\/www.europesays.com\/fr\/wp-json\/wp\/v2\/categories?post=336517"},{"taxonomy":"post_tag","embeddable":true,"href":"https:\/\/www.europesays.com\/fr\/wp-json\/wp\/v2\/tags?post=336517"}],"curies":[{"name":"wp","href":"https:\/\/api.w.org\/{rel}","templated":true}]}}