{"id":336519,"date":"2025-08-22T16:11:22","date_gmt":"2025-08-22T16:11:22","guid":{"rendered":"https:\/\/www.europesays.com\/fr\/336519\/"},"modified":"2025-08-22T16:11:22","modified_gmt":"2025-08-22T16:11:22","slug":"un-homme-est-mort-apres-avoir-ete-percute-par-un-train-le-trafic-perturbe","status":"publish","type":"post","link":"https:\/\/www.europesays.com\/fr\/336519\/","title":{"rendered":"un homme est mort apr\u00e8s avoir \u00e9t\u00e9 percut\u00e9 par un train, le trafic perturb\u00e9"},"content":{"rendered":"<p>            Par<br \/>\n        <strong><br \/>\n            <a href=\"https:\/\/actu.fr\/auteur\/simon-mauviel\" title=\"Consulter tous les articles de Simon Mauviel\" target=\"_blank\" rel=\"noopener\">Simon Mauviel<\/a><br \/>\n        <\/strong><\/p>\n<p>        Publi\u00e9 le<\/p>\n<p>            22 ao\u00fbt 2025 \u00e0 13h36        <\/p>\n<p>Le <b>trafic ferroviaire a \u00e9t\u00e9 perturb\u00e9<\/b> ce vendredi 22\u00a0ao\u00fbt 2025 dans la matin\u00e9e sur la ligne entre Nantes (Loire-Atlantique) et <a href=\"https:\/\/actu.fr\/pays-de-la-loire\/pornic_44131\" target=\"_blank\" rel=\"noopener\">Pornic<\/a> et Nantes \u2013 Saint-Gilles-Croix-de-Vie (Vend\u00e9e).<\/p>\n<p class=\" wall-content\">Vers 8\u2009h\u200930, un homme a \u00e9t\u00e9 <b>heurt\u00e9 sur la voie ferr\u00e9e<\/b> par un train TER qui ne transportait pas de passagers au niveau du passage \u00e0 niveau 20, le long de la route des \u00c9cobuts, sur la commune de <a href=\"https:\/\/actu.fr\/pays-de-la-loire\/saint-aignan-grandlieu_44150\" target=\"_blank\" rel=\"noopener\">Saint-Aignan-de-Grand-Lieu<\/a>.<\/p>\n<p>L\u2019homme est d\u00e9c\u00e9d\u00e9<\/p>\n<p class=\" wall-content\">\u00c0 leur arriv\u00e9e, les pompiers ont constat\u00e9 que le <b>pi\u00e9ton \u00e9tait d\u00e9c\u00e9d\u00e9<\/b>. Le conducteur du train a \u00e9t\u00e9 pris en charge par les pompiers, puis laiss\u00e9 sur place apr\u00e8s bilan.<\/p>\n<p class=\" wall-content\">La<b> circulation a \u00e9t\u00e9 interrompue<\/b> jusqu\u2019\u00e0 environ 11\u2009h\u200945 sur la ligne reliant Nantes \u00e0 <a href=\"https:\/\/actu.fr\/pays-de-la-loire\/sainte-pazanne_44186\" target=\"_blank\" rel=\"noopener\">Sainte-Pazanne<\/a>.<\/p>\n<p class=\" wall-content\">Personnalisez votre actualit\u00e9 en ajoutant vos villes et m\u00e9dias en favori avec <a href=\"https:\/\/moncompte.actu.fr\" title=\"D\u00e9couvez Mon Actu\" rel=\"nofollow noopener\" data-trk=\"{&quot;cta&quot;:{&quot;action&quot;:&quot;https:\\\/\\\/moncompte.actu.fr&quot;,&quot;category&quot;:&quot;mon compte&quot;,&quot;from&quot;:&quot;article footer&quot;,&quot;name&quot;:&quot;Mon actu&quot;,&quot;type&quot;:&quot;cta&quot;}}\" target=\"_blank\">Mon Actu<\/a>.<\/p>\n","protected":false},"excerpt":{"rendered":"Par Simon Mauviel Publi\u00e9 le 22 ao\u00fbt 2025 \u00e0 13h36 Le trafic ferroviaire a \u00e9t\u00e9 perturb\u00e9 ce vendredi&hellip;\n","protected":false},"author":2,"featured_media":336520,"comment_status":"","ping_status":"","sticky":false,"template":"","format":"standard","meta":{"footnotes":""},"categories":[2818],"tags":[1111,11,1777,674,118,1011,27,766,12,2636,25,2215],"class_list":{"0":"post-336519","1":"post","2":"type-post","3":"status-publish","4":"format-standard","5":"has-post-thumbnail","7":"category-nantes","8":"tag-actu","9":"tag-actualites","10":"tag-eu","11":"tag-europe","12":"tag-faits-divers","13":"tag-fr","14":"tag-france","15":"tag-nantes","16":"tag-news","17":"tag-pays-de-la-loire","18":"tag-republique-francaise","19":"tag-sncf"},"share_on_mastodon":{"url":"https:\/\/pubeurope.com\/@fr\/115073298402757447","error":""},"_links":{"self":[{"href":"https:\/\/www.europesays.com\/fr\/wp-json\/wp\/v2\/posts\/336519","targetHints":{"allow":["GET"]}}],"collection":[{"href":"https:\/\/www.europesays.com\/fr\/wp-json\/wp\/v2\/posts"}],"about":[{"href":"https:\/\/www.europesays.com\/fr\/wp-json\/wp\/v2\/types\/post"}],"author":[{"embeddable":true,"href":"https:\/\/www.europesays.com\/fr\/wp-json\/wp\/v2\/users\/2"}],"replies":[{"embeddable":true,"href":"https:\/\/www.europesays.com\/fr\/wp-json\/wp\/v2\/comments?post=336519"}],"version-history":[{"count":0,"href":"https:\/\/www.europesays.com\/fr\/wp-json\/wp\/v2\/posts\/336519\/revisions"}],"wp:featuredmedia":[{"embeddable":true,"href":"https:\/\/www.europesays.com\/fr\/wp-json\/wp\/v2\/media\/336520"}],"wp:attachment":[{"href":"https:\/\/www.europesays.com\/fr\/wp-json\/wp\/v2\/media?parent=336519"}],"wp:term":[{"taxonomy":"category","embeddable":true,"href":"https:\/\/www.europesays.com\/fr\/wp-json\/wp\/v2\/categories?post=336519"},{"taxonomy":"post_tag","embeddable":true,"href":"https:\/\/www.europesays.com\/fr\/wp-json\/wp\/v2\/tags?post=336519"}],"curies":[{"name":"wp","href":"https:\/\/api.w.org\/{rel}","templated":true}]}}