{"id":336521,"date":"2025-08-22T16:12:19","date_gmt":"2025-08-22T16:12:19","guid":{"rendered":"https:\/\/www.europesays.com\/fr\/336521\/"},"modified":"2025-08-22T16:12:19","modified_gmt":"2025-08-22T16:12:19","slug":"exposition-concerts-ultimate-que-faire-a-nantes-ce-week-end-decouvrez-nos-idees-de-sorties","status":"publish","type":"post","link":"https:\/\/www.europesays.com\/fr\/336521\/","title":{"rendered":"Exposition, concerts, ultimate&#8230; Que faire \u00e0 Nantes ce week-end ? D\u00e9couvrez nos id\u00e9es de sorties"},"content":{"rendered":"<p>            Par<br \/>\n        <strong><br \/>\n            <a href=\"https:\/\/actu.fr\/auteur\/clemence-pays02-actu-fr\" title=\"Consulter tous les articles de Cl\u00e9mence Pays\" rel=\"nofollow noopener\" target=\"_blank\">Cl\u00e9mence Pays<\/a><br \/>\n        <\/strong><\/p>\n<p>        Publi\u00e9 le<\/p>\n<p>            22 ao\u00fbt 2025 \u00e0 17h36        <\/p>\n<p>La fin du mois d\u2019ao\u00fbt approche et les animations estivales se calment quelque peu dans la cit\u00e9 des ducs de Bretagne. La r\u00e9daction d\u2019<a href=\"https:\/\/actu.fr\/nantes\/\" rel=\"nofollow noopener\" target=\"_blank\">actu Nantes<\/a> a tout de m\u00eame d\u00e9gott\u00e9 des <strong>id\u00e9es sorties<\/strong> \u00e0 faire, <strong>du vendredi\u00a022 au dimanche 24\u00a0ao\u00fbt,<\/strong> \u00e0 Nantes et les communes environnantes. \u00c0 <strong>prix libre<\/strong> ou <strong>gratuit,<\/strong> pour faire la f\u00eate ou fl\u00e2ner, en <strong>famille<\/strong> ou entre <strong>amis,<\/strong> vous avez le choix.<\/p>\n<p>Un open air ambiance ann\u00e9e 2000<\/p>\n<p class=\" wall-content\">La Chaumi\u00e8re organise une <strong>soir\u00e9e Fr\u00e9n\u00e9sie<\/strong> pour \u00ab\u2009un vrai saut dans le pass\u00e9\u2009\u00bb direction les ann\u00e9es 2000.<\/p>\n<blockquote class=\"ac-article-quote wall-content\">\n<p>On ressort les strass, les baggys, les strings qui d\u00e9passent et les lunettes teint\u00e9es. On se d\u00e9hanche sur du MP3 compress\u00e9 en 128kbps.<\/p>\n<p>    <strong>La Chaumi\u00e8re<\/strong>\n            <\/p><\/blockquote>\n<p class=\" wall-content\">Durant deux jours, <strong>DJ sets et performances<\/strong> vont se succ\u00e9der.<\/p>\n<p class=\" wall-content\"><strong>Le programme du samedi, de 15h \u00e0 1h\u2009:<\/strong><\/p>\n<ul class=\" wall-content\">\n<li>2VINE B2B FCK MOOD\u2009;<\/li>\n<li>Azhar Sistorms B2B Dynam\u00f8\u2009;<\/li>\n<li>Enigmatik B2B ACID\u00e9ale\u2009;<\/li>\n<li>Zak B2B Nouaila Sistorms\u2009;<\/li>\n<li>performance avec Domina Sin, Itarixy et Gwenie.<\/li>\n<\/ul>\n<p class=\" wall-content\">Les <strong>stands<\/strong> suivants seront pr\u00e9sents samedi\u2009:<\/p>\n<ul class=\" wall-content\">\n<li>Bad Tooth Fairy (strass dentaires)\u2009;<\/li>\n<li>Fairy Doll Wonderland\u2009;<\/li>\n<li>Lucas Laclanche (tattoo)\u2009;<\/li>\n<li>Zaza crea (harnais et chokers)\u2009;<\/li>\n<li>Charlotte Mupro (maquillage et paillettes).<\/li>\n<\/ul>\n<p class=\" wall-content\"><a href=\"https:\/\/www.instagram.com\/p\/DNfioDaMKsf\/embed\" title=\"Ouvrir le lien sur Instagram\" rel=\"nofollow noopener\" target=\"_blank\">Visualiser le contenu sur Instagram<\/a><\/p>\n<p class=\" wall-content\"><strong>Le programme du dimanche, de 14h \u00e0 22h\u2009:<\/strong><\/p>\n<ul class=\" wall-content\">\n<li>MRGX B2B Eostre\u2009;<\/li>\n<li>Arkhan\u2009;<\/li>\n<li>Faast\u2009;<\/li>\n<li>\u00c0 Chval Chantale (lowbass B2B betises)\u2009;<\/li>\n<li>performance avec Domina Sin, Itarixy et MC. Chericherie.<\/li>\n<\/ul>\n<p>Votre r\u00e9gion, votre actu !<\/p>\n<p>Recevez chaque jour les infos qui comptent pour vous.<\/p>\n<p>\t<a href=\"https:\/\/actu.fr\/newsletter\" class=\"ac-btn ac-btn--corner ac-btn--medium ac-btn--blue800\" rel=\"nofollow noopener\" target=\"_blank\">S&rsquo;incrire<\/a><\/p>\n<p class=\" wall-content\">Les <strong>stands<\/strong> suivants seront pr\u00e9sents dimanche\u2009:<\/p>\n<ul class=\" wall-content\">\n<li>Manon Paillettes (bijoux et paillettes)\u2009;<\/li>\n<li>Fairy Doll Wonderland\u2009;<\/li>\n<li>Lucas Laclanche (tattoo)\u2009;<\/li>\n<li>strass dentaires\u2009;<\/li>\n<li>Noizy Joy (accessoires harnais).<\/li>\n<\/ul>\n<p class=\" wall-content\">\u00ab\u2009Fr\u00e9n\u00e9sie est<strong> une soir\u00e9e LGBTQIA +\u00a0friendly, inclusive, safe et bienveillante.<\/strong> Tout comportement ou geste homophobe, transphobe, raciste, misogyne, x\u00e9nophobe, insultant est interdit et entra\u00eenera une exclusion d\u00e9finitive de nos \u00e9v\u00e9nements\u2009\u00bb, pr\u00e9cisent les organisateurs.<\/p>\n<p>Samedi 23\u00a0ao\u00fbt, de 15h \u00e0 1h et dimanche 24\u00a0ao\u00fbt, de 14h \u00e0 22h, \u00e0 La Chaumi\u00e8re, 59, boulevard Gustave-Roch, Nantes. Prix libre (paiement en esp\u00e8ce ou CB).<\/p>\n<p>Faire du sport en famille<\/p>\n<p class=\" wall-content\">Durant l\u2019\u00e9t\u00e9, la Ville de <a href=\"https:\/\/actu.fr\/pays-de-la-loire\/saint-sebastien-sur-loire_44190\" rel=\"nofollow noopener\" target=\"_blank\">Saint-S\u00e9bastien-sur-Loire<\/a> organise des <strong>activit\u00e9s ludiques,<\/strong> \u00ab\u2009\u00e0 la fra\u00eeche\u2009\u00bb. Celles-ci sont encadr\u00e9es par des animateurs et animatrices sportifs (ives) municipaux (ales).<\/p>\n<p class=\" wall-content\">Vendredi, une<strong> initiation \u00e0 l\u2019ultimate parents\/enfants<\/strong> et au maniement du freesby est pr\u00e9vue.<\/p>\n<p class=\" wall-content\"><a href=\"https:\/\/www.instagram.com\/p\/DNfO-iaI0Gf\/embed\" title=\"Ouvrir le lien sur Instagram\" rel=\"nofollow noopener\" target=\"_blank\">Visualiser le contenu sur Instagram<\/a><\/p>\n<p>Vendredi 22\u00a0ao\u00fbt, \u00e0 10h30, ultimate parents\/enfants. Rendez-vous \u00e0 la Station Nuage. Gratuit, <a href=\"https:\/\/www.saintsebastien.fr\/agenda\/sport-a-la-fraiche\/\" rel=\"nofollow noopener\" target=\"_blank\">inscription obligatoire sur le site de la Ville<\/a>.D\u00e9couvrir une exposition sur la Lib\u00e9ration<\/p>\n<p class=\" wall-content\">Les Archives de Nantes pr\u00e9sentent une <strong>exposition hors les murs<\/strong> sur la fin de la Seconde Guerre mondiale, dans le territoire de Nantes et de sa m\u00e9tropole.<\/p>\n<blockquote class=\"ac-article-quote wall-content\">\n<p> Des derniers mois de l\u2019occupation allemande en 1944 aux premiers projets de reconstruction de la ville en 1947, cette exposition propose de d\u00e9couvrir le contexte de la Lib\u00e9ration et des premi\u00e8res ann\u00e9es du retour de la R\u00e9publique \u00e0 Nantes et dans les communes de la m\u00e9tropole.<\/p>\n<p>    <strong>Ville de Nantes<\/strong>\n            <\/p><\/blockquote>\n<p class=\" wall-content\">Archives priv\u00e9es et fonds d\u2019archives publiques se m\u00ealent pour comm\u00e9morer <a href=\"https:\/\/actu.fr\/pays-de-la-loire\/nantes_44109\/80-ans-de-la-liberation-a-nantes-des-vehicules-americains-d-epoque-pour-les-commemorations_61476843.html\" rel=\"nofollow noopener\" target=\"_blank\">les <\/a><strong><a href=\"https:\/\/actu.fr\/pays-de-la-loire\/nantes_44109\/80-ans-de-la-liberation-a-nantes-des-vehicules-americains-d-epoque-pour-les-commemorations_61476843.html\" rel=\"nofollow noopener\" target=\"_blank\">80\u00a0ans de la Lib\u00e9ration<\/a>.<\/strong><\/p>\n<p>Jusqu\u2019au lundi 1er\u00a0septembre, exposition \u00ab\u2009Libres\u2009! 1944-1947\u2009\u00bb, parvis Neptune, en face de la place du Bouffay, \u00e0 Nantes. Gratuit.<\/p>\n<p>Un open air face \u00e0 la Loire<\/p>\n<p class=\" wall-content\">Un <strong>open air gratuit<\/strong> est organis\u00e9 sur l\u2019esplanade de la Terrasse des Vents sur l\u2019\u00eele de Nantes. Un rendez-vous \u00ab\u2009alliant <strong>musique progressive, pointue,<\/strong> convivialit\u00e9 estivale et d\u00e9couverte alimentaire responsable\u2009\u00bb, indique la Ville de Nantes.<\/p>\n<p class=\" wall-content\"><a href=\"https:\/\/www.instagram.com\/p\/DNlS7A0Ilyf\/embed\" title=\"Ouvrir le lien sur Instagram\" rel=\"nofollow noopener\" target=\"_blank\">Visualiser le contenu sur Instagram<\/a><\/p>\n<p class=\" wall-content\">Lors de cet \u00e9v\u00e9nement appel\u00e9<strong> Transitions sonores,<\/strong> les Nantaises et Nantais pourront danser tout l\u2019apr\u00e8s-midi gr\u00e2ce aux artistes suivants\u2009:<\/p>\n<ul class=\" wall-content\">\n<li>Na\u00efm (downtempo, organic house), \u00e0 16h\u2009;<\/li>\n<li>Jocan Dek\u00e4 (live hybrid techno), \u00e0 17h30\u2009;<\/li>\n<li>N\u2019Gwa (psy bass), \u00e0 18h30\u2009;<\/li>\n<li>Suenomada (global groove &amp; bass), \u00e0 19h45\u2009;<\/li>\n<li>Pink Empire (closing groovy), \u00e0 21h.<\/li>\n<\/ul>\n<p>Samedi 23\u00a0ao\u00fbt, de 16h \u00e0 22h, Terrasse des Vents, parc des Chantiers, \u00e0 Nantes. \u00c9v\u00e9nement gratuit sur <a href=\"https:\/\/shotgun.live\/fr\/events\/transitions-sonores-6-open-air-terrasse-des-vents\" rel=\"nofollow noopener\" target=\"_blank\">inscription en ligne<\/a>.D\u00e9couvrir le site des Renaudi\u00e8res<\/p>\n<p class=\" wall-content\">Pour profiter du beau temps, il est possible de se promener \u00e0 <a href=\"https:\/\/actu.fr\/pays-de-la-loire\/carquefou_44026\" rel=\"nofollow noopener\" target=\"_blank\">Carquefou<\/a> et de d\u00e9couvrir Les Renaudi\u00e8res. Un <strong>parcours Art&amp;Nature<\/strong> invite \u00e0 cheminer sur le site \u00ab\u2009\u00e0 travers le prisme sensible des artistes\u2009\u00bb.<\/p>\n<p class=\" wall-content\"><a href=\"https:\/\/www.instagram.com\/p\/DKZ4KXmJDaE\/embed\" title=\"Ouvrir le lien sur Instagram\" rel=\"nofollow noopener\" target=\"_blank\">Visualiser le contenu sur Instagram<\/a><\/p>\n<p class=\" wall-content\">Jusqu\u2019au 28\u00a0septembre, la huiti\u00e8me \u00e9dition de ce parcours permet de d\u00e9couvrir la<strong> quinzaine d\u2019installations de huit artistes,<\/strong> une \u0153uvre participative et une \u0153uvre collective.<\/p>\n<p>Jusqu\u2019au dimanche 28\u00a0septembre, en acc\u00e8s libre et gratuit, site des Renaudi\u00e8res, \u00e0 Carquefou. <a href=\"https:\/\/www.carquefou.fr\/parcours-artnature-2025\/\" rel=\"nofollow noopener\" target=\"_blank\">Plan du parcours disponible en ligne<\/a>.<br \/>\nVisite libre, possibilit\u00e9 de faire une visite avec un m\u00e9diateur sur r\u00e9servation (<a href=\"https:\/\/actu.fr\/cdn-cgi\/l\/email-protection\" class=\"__cf_email__\" data-cfemail=\"acc8cfcddaecc1cdc5dec5c981cfcddeddd9c9cac3d982cade\" rel=\"nofollow noopener\" target=\"_blank\">[email\u00a0protected]<\/a> ou 02\u200928\u200922\u200924\u200940).<\/p>\n<p class=\" wall-content\">Personnalisez votre actualit\u00e9 en ajoutant vos villes et m\u00e9dias en favori avec <a href=\"https:\/\/moncompte.actu.fr\" title=\"D\u00e9couvez Mon Actu\" rel=\"nofollow noopener\" data-trk=\"{&quot;cta&quot;:{&quot;action&quot;:&quot;https:\\\/\\\/moncompte.actu.fr&quot;,&quot;category&quot;:&quot;mon compte&quot;,&quot;from&quot;:&quot;article footer&quot;,&quot;name&quot;:&quot;Mon actu&quot;,&quot;type&quot;:&quot;cta&quot;}}\" target=\"_blank\">Mon Actu<\/a>.<\/p>\n<p>                    <script async src=\"\/\/www.instagram.com\/embed.js\"><\/script><\/p>\n","protected":false},"excerpt":{"rendered":"Par Cl\u00e9mence Pays Publi\u00e9 le 22 ao\u00fbt 2025 \u00e0 17h36 La fin du mois d\u2019ao\u00fbt approche et les&hellip;\n","protected":false},"author":2,"featured_media":336522,"comment_status":"","ping_status":"","sticky":false,"template":"","format":"standard","meta":{"footnotes":""},"categories":[2818],"tags":[1111,11,1063,1777,674,1011,27,1305,766,12,2636,25],"class_list":{"0":"post-336521","1":"post","2":"type-post","3":"status-publish","4":"format-standard","5":"has-post-thumbnail","7":"category-nantes","8":"tag-actu","9":"tag-actualites","10":"tag-animations","11":"tag-eu","12":"tag-europe","13":"tag-fr","14":"tag-france","15":"tag-lifestyle","16":"tag-nantes","17":"tag-news","18":"tag-pays-de-la-loire","19":"tag-republique-francaise"},"share_on_mastodon":{"url":"https:\/\/pubeurope.com\/@fr\/115073302099666758","error":""},"_links":{"self":[{"href":"https:\/\/www.europesays.com\/fr\/wp-json\/wp\/v2\/posts\/336521","targetHints":{"allow":["GET"]}}],"collection":[{"href":"https:\/\/www.europesays.com\/fr\/wp-json\/wp\/v2\/posts"}],"about":[{"href":"https:\/\/www.europesays.com\/fr\/wp-json\/wp\/v2\/types\/post"}],"author":[{"embeddable":true,"href":"https:\/\/www.europesays.com\/fr\/wp-json\/wp\/v2\/users\/2"}],"replies":[{"embeddable":true,"href":"https:\/\/www.europesays.com\/fr\/wp-json\/wp\/v2\/comments?post=336521"}],"version-history":[{"count":0,"href":"https:\/\/www.europesays.com\/fr\/wp-json\/wp\/v2\/posts\/336521\/revisions"}],"wp:featuredmedia":[{"embeddable":true,"href":"https:\/\/www.europesays.com\/fr\/wp-json\/wp\/v2\/media\/336522"}],"wp:attachment":[{"href":"https:\/\/www.europesays.com\/fr\/wp-json\/wp\/v2\/media?parent=336521"}],"wp:term":[{"taxonomy":"category","embeddable":true,"href":"https:\/\/www.europesays.com\/fr\/wp-json\/wp\/v2\/categories?post=336521"},{"taxonomy":"post_tag","embeddable":true,"href":"https:\/\/www.europesays.com\/fr\/wp-json\/wp\/v2\/tags?post=336521"}],"curies":[{"name":"wp","href":"https:\/\/api.w.org\/{rel}","templated":true}]}}