{"id":336525,"date":"2025-08-22T16:14:17","date_gmt":"2025-08-22T16:14:17","guid":{"rendered":"https:\/\/www.europesays.com\/fr\/336525\/"},"modified":"2025-08-22T16:14:17","modified_gmt":"2025-08-22T16:14:17","slug":"malgre-la-contestation-des-riverains-le-projet-de-la-future-mega-usine-pour-batteries-creuse-son-sillon","status":"publish","type":"post","link":"https:\/\/www.europesays.com\/fr\/336525\/","title":{"rendered":"malgr\u00e9 la contestation des riverains, le projet de la future m\u00e9ga-usine pour batteries creuse son sillon"},"content":{"rendered":"<p>Le projet de raffinerie EMME, implant\u00e9 \u00e0 Parempuyre (Gironde), se poursuit. Ce vendredi, la soci\u00e9t\u00e9 annonce l\u2019organisation de plusieurs r\u00e9unions publiques \u00e0 la rentr\u00e9e, pour encore et toujours tenter de convaincre ses d\u00e9tracteurs.<\/p>\n<p class=\"fig-paragraph\">Contest\u00e9 par\u00a0<a href=\"https:\/\/www.lefigaro.fr\/bordeaux\/le-risque-de-contamination-est-extremement-eleve-pres-de-bordeaux-la-future-mega-usine-pour-batteries-toujours-tres-contestee-20250407?msockid=258c4318a154643d05395665a0ed65f9\" target=\"_blank\" data-fig-type=\"NewsFlash\" rel=\"sponsored noopener\" data-gtm-custom-categorie=\"navigation\" data-gtm-custom-action=\"crossclick\" data-gtm-custom-label=\"Contextuel\" data-gtm-event=\"customEventSPE\" data-fig-domain=\"LEFIGARO\">des riverains et associations environnementales<\/a>, le projet de la soci\u00e9t\u00e9 EMME entre dans une nouvelle phase de dialogue. \u00c0 l\u2019issue d\u2019une concertation volontaire men\u00e9e du 24 mars au 15 mai sous l\u2019\u00e9gide de la Commission nationale du d\u00e9bat public (CNDP), la soci\u00e9t\u00e9 a confirm\u00e9, le 10 juin, sa d\u00e9cision de poursuivre l\u2019implantation de son p\u00f4le sur la zone industrialo-portuaire de Grattequina, au nord de Bordeaux, entre Blanquefort et Parempuyre.<\/p>\n<p class=\"fig-paragraph\">L\u2019entreprise projette d\u2019installer\u00a0<a href=\"http:\/\/www.lefigaro.fr\/bordeaux\/voitures-electriques-une-usine-geante-convertissant-cobalt-et-nickel-pour-des-batteries-en-projet-sur-la-garonne-20240429\" target=\"_blank\" data-fig-type=\"NewsFlash\" rel=\"noopener\" data-gtm-custom-categorie=\"navigation\" data-gtm-custom-action=\"crossclick\" data-gtm-custom-label=\"Contextuel\" data-gtm-event=\"customEventSPE\" data-fig-domain=\"LEFIGARO\">une m\u00e9ga-usine au c\u0153ur d\u2019un parc de 6000 hectares<\/a>, en bordure de la Garonne, avec pour objectif de convertir du nickel et du cobalt destin\u00e9s \u00e0 la fabrication de batteries de voitures \u00e9lectriques. Un chantier estim\u00e9 \u00e0 plus de 500 millions d\u2019euros, qui avait \u00e9t\u00e9 mis en avant par Emmanuel Macron\u00a0<a href=\"http:\/\/www.lefigaro.fr\/bordeaux\/choose-france-met-en-avant-un-projet-conteste-d-usine-de-conversion-de-cobalt-et-nickel-dans-l-estuaire-de-la-gironde-20240513\" target=\"_blank\" data-fig-type=\"NewsFlash\" rel=\"noopener\" data-gtm-custom-categorie=\"navigation\" data-gtm-custom-action=\"crossclick\" data-gtm-custom-label=\"Contextuel\" data-gtm-event=\"customEventSPE\" data-fig-domain=\"LEFIGARO\">lors du sommet Choose France<\/a>, en mai 2024. Promis \u00e0 la cr\u00e9ation de 500 emplois dont 200 directs, le projet entend devenir \u00abun site unique en France\u00bb pour la mobilit\u00e9 \u00e9lectrique.<\/p>\n<p>                                    <a class=\"fig-a11y-skip a11y-hidden\" href=\"#fig-a11y-skip-main-inarticle\"><br \/>\n        Passer la publicit\u00e9<br \/>\n    <\/a><\/p>\n<p class=\"fig-paragraph\">Cependant, cette installation suscite de vives interrogations. Le site sera class\u00e9 Seveso seuil haut, le niveau maximal de dangerosit\u00e9, en raison de la toxicit\u00e9 des produits manipul\u00e9s au contact de l\u2019eau. \u00c0 Parempuyre comme dans les communes voisines, habitants et associations locales alertent depuis des mois sur les risques environnementaux, en particulier celui li\u00e9 aux inondations.<\/p>\n<p>Autorisation environnementale en cours d\u2019examen<\/p>\n<p class=\"fig-paragraph\">Sur le plan administratif, EMME a d\u00e9pos\u00e9 cet \u00e9t\u00e9 son dossier de demande d\u2019autorisation environnementale (plus de 3700 pages) aupr\u00e8s des services de l\u2019\u00c9tat. Il est d\u00e9sormais en instruction. Une enqu\u00eate publique se tiendra en fin d\u2019ann\u00e9e. En attendant les conclusions de cette enqu\u00eate, EMME va mettre en place \u00e0 la rentr\u00e9e une s\u00e9rie d\u2019initiatives destin\u00e9es \u00e0 associer les habitants \u00e0 son projet de raffinerie \u00e9lectrique. Objectif affich\u00e9\u00a0: maintenir un fil continu avec le territoire.<\/p>\n<p class=\"fig-paragraph\">Une premi\u00e8re r\u00e9union publique se tiendra le 16 septembre, \u00e0 18h30, \u00e0 la salle Art y Show de Parempuyre. Une seconde, centr\u00e9e sur la question sensible des risques et inondations, est programm\u00e9e le 28 octobre \u00e0 Blanquefort. En parall\u00e8le, des stands d\u2019information itin\u00e9rants feront halte \u00e0 Parempuyre les 27 ao\u00fbt et 3 septembre, puis sur le march\u00e9 de Blanquefort, le 4 octobre.<\/p>\n","protected":false},"excerpt":{"rendered":"Le projet de raffinerie EMME, implant\u00e9 \u00e0 Parempuyre (Gironde), se poursuit. Ce vendredi, la soci\u00e9t\u00e9 annonce l\u2019organisation de&hellip;\n","protected":false},"author":2,"featured_media":336526,"comment_status":"","ping_status":"","sticky":false,"template":"","format":"standard","meta":{"footnotes":""},"categories":[2817],"tags":[1111,11,1997,436,1777,674,1011,27,12,2219,22257,25],"class_list":{"0":"post-336525","1":"post","2":"type-post","3":"status-publish","4":"format-standard","5":"has-post-thumbnail","7":"category-bordeaux","8":"tag-actu","9":"tag-actualites","10":"tag-bordeaux","11":"tag-environnement","12":"tag-eu","13":"tag-europe","14":"tag-fr","15":"tag-france","16":"tag-news","17":"tag-nouvelle-aquitaine","18":"tag-raffinerie","19":"tag-republique-francaise"},"share_on_mastodon":{"url":"https:\/\/pubeurope.com\/@fr\/115073310111017366","error":""},"_links":{"self":[{"href":"https:\/\/www.europesays.com\/fr\/wp-json\/wp\/v2\/posts\/336525","targetHints":{"allow":["GET"]}}],"collection":[{"href":"https:\/\/www.europesays.com\/fr\/wp-json\/wp\/v2\/posts"}],"about":[{"href":"https:\/\/www.europesays.com\/fr\/wp-json\/wp\/v2\/types\/post"}],"author":[{"embeddable":true,"href":"https:\/\/www.europesays.com\/fr\/wp-json\/wp\/v2\/users\/2"}],"replies":[{"embeddable":true,"href":"https:\/\/www.europesays.com\/fr\/wp-json\/wp\/v2\/comments?post=336525"}],"version-history":[{"count":0,"href":"https:\/\/www.europesays.com\/fr\/wp-json\/wp\/v2\/posts\/336525\/revisions"}],"wp:featuredmedia":[{"embeddable":true,"href":"https:\/\/www.europesays.com\/fr\/wp-json\/wp\/v2\/media\/336526"}],"wp:attachment":[{"href":"https:\/\/www.europesays.com\/fr\/wp-json\/wp\/v2\/media?parent=336525"}],"wp:term":[{"taxonomy":"category","embeddable":true,"href":"https:\/\/www.europesays.com\/fr\/wp-json\/wp\/v2\/categories?post=336525"},{"taxonomy":"post_tag","embeddable":true,"href":"https:\/\/www.europesays.com\/fr\/wp-json\/wp\/v2\/tags?post=336525"}],"curies":[{"name":"wp","href":"https:\/\/api.w.org\/{rel}","templated":true}]}}