{"id":336531,"date":"2025-08-22T16:17:14","date_gmt":"2025-08-22T16:17:14","guid":{"rendered":"https:\/\/www.europesays.com\/fr\/336531\/"},"modified":"2025-08-22T16:17:14","modified_gmt":"2025-08-22T16:17:14","slug":"seclin-cest-quoi-cette-redoutable-maladie-qui-a-tue-de-nombreux-canards","status":"publish","type":"post","link":"https:\/\/www.europesays.com\/fr\/336531\/","title":{"rendered":"Seclin. C&rsquo;est quoi cette redoutable maladie qui a tu\u00e9 de nombreux canards\u00a0?"},"content":{"rendered":"<p>            Par<br \/>\n        <strong><br \/>\n            <a href=\"https:\/\/actu.fr\/auteur\/bastien-grossin\" title=\"Consulter tous les articles de Bastien Grossin\" target=\"_blank\" rel=\"noopener\">Bastien Grossin<\/a><br \/>\n        <\/strong><\/p>\n<p>        Publi\u00e9 le<\/p>\n<p>            22 ao\u00fbt 2025 \u00e0 17h28        <\/p>\n<p>Depuis une dizaine de jours, de nombreux <b>canards sauvages<\/b> ont \u00e9t\u00e9 retrouv\u00e9s morts sur le canal de<a href=\"https:\/\/actu.fr\/hauts-de-france\/seclin_59560\" target=\"_blank\" rel=\"noopener\"> Seclin <\/a>(Nord). Ce ph\u00e9nom\u00e8ne a rapidement commenc\u00e9 a inqui\u00e9ter les habitants. Ce vendredi <b>22\u00a0ao\u00fbt 2025<\/b>, la mairie apporte une r\u00e9ponse aux questions\u2009: il s\u2019agit d\u2019un \u00e9pisode de <b data-end=\"501\">botulisme aviaire<\/b>, une maladie redoutable pour les oiseaux aquatiques. On vous explique tout.<\/p>\n<p>Un ph\u00e9nom\u00e8ne naturel<\/p>\n<p class=\" wall-content\">Le botulisme aviaire est caus\u00e9 par une toxine bact\u00e9rienne qui se d\u00e9veloppe dans les<b> zones humides et les eaux stagnantes,<\/b> notamment l\u2019\u00e9t\u00e9. \u00ab\u2009Les fortes chaleurs et la hausse de la temp\u00e9rature de l\u2019eau favorisent malheureusement son apparition\u2009\u00bb pr\u00e9cise la mairie qui rassure\u2009: \u00ab\u2009Ce ph\u00e9nom\u00e8ne naturel n\u2019est <b>en aucun cas li\u00e9 \u00e0 un probl\u00e8me de pollution de l\u2019eau.\u2009<\/b>\u00bb<\/p>\n<p class=\" wall-content\">Pour les riverains et les promeneurs, pas d\u2019inqui\u00e9tude\u2009: cette bact\u00e9rie <b data-end=\"1072\">n\u2019est pas dangereuse pour l\u2019homme<\/b>. Pour les oiseaux, elle peut provoquer une forte mortalit\u00e9 et est m\u00eame consid\u00e9r\u00e9e comme la<b> premi\u00e8re cause de mortalit\u00e9 chez les oiseaux quatique .<\/b><\/p>\n<p>Quelques pr\u00e9cautions \u00e0 prendre<\/p>\n<p class=\" wall-content\">M\u00eame si elle n\u2019est pas dangereuse pour l\u2019homme la municipalit\u00e9 de Seclin a tout de m\u00eame dress\u00e9 une liste de pr\u00e9cautions\u2009:<\/p>\n<ul class=\" wall-content\">\n<li data-end=\"1443\">ne pas manipuler les oiseaux morts ou malades.<\/li>\n<li data-end=\"1494\">tenir les chiens \u00e9loign\u00e9s des berges du canal.<\/li>\n<\/ul>\n<p class=\" wall-content\">L\u2019\u00e9pisode pourrait durer tant que les fortes chaleurs se maintiennent, mais les autorit\u00e9s rappellent qu\u2019il s\u2019agit d\u2019un ph\u00e9nom\u00e8ne naturel, d\u00e9j\u00e0 observ\u00e9 ailleurs dans la r\u00e9gion.<\/p>\n<p class=\" wall-content\">Personnalisez votre actualit\u00e9 en ajoutant vos villes et m\u00e9dias en favori avec <a href=\"https:\/\/moncompte.actu.fr\" title=\"D\u00e9couvez Mon Actu\" rel=\"nofollow noopener\" data-trk=\"{&quot;cta&quot;:{&quot;action&quot;:&quot;https:\\\/\\\/moncompte.actu.fr&quot;,&quot;category&quot;:&quot;mon compte&quot;,&quot;from&quot;:&quot;article footer&quot;,&quot;name&quot;:&quot;Mon actu&quot;,&quot;type&quot;:&quot;cta&quot;}}\" target=\"_blank\">Mon Actu<\/a>.<\/p>\n","protected":false},"excerpt":{"rendered":"Par Bastien Grossin Publi\u00e9 le 22 ao\u00fbt 2025 \u00e0 17h28 Depuis une dizaine de jours, de nombreux canards&hellip;\n","protected":false},"author":2,"featured_media":336532,"comment_status":"","ping_status":"","sticky":false,"template":"","format":"standard","meta":{"footnotes":""},"categories":[2815],"tags":[1111,11,1867,25669,1777,674,1011,27,811,1307,226,12,25,104],"class_list":{"0":"post-336531","1":"post","2":"type-post","3":"status-publish","4":"format-standard","5":"has-post-thumbnail","7":"category-lille","8":"tag-actu","9":"tag-actualites","10":"tag-animaux","11":"tag-canard","12":"tag-eu","13":"tag-europe","14":"tag-fr","15":"tag-france","16":"tag-hauts-de-france","17":"tag-lille","18":"tag-maladie","19":"tag-news","20":"tag-republique-francaise","21":"tag-societe"},"share_on_mastodon":{"url":"https:\/\/pubeurope.com\/@fr\/115073321840592664","error":""},"_links":{"self":[{"href":"https:\/\/www.europesays.com\/fr\/wp-json\/wp\/v2\/posts\/336531","targetHints":{"allow":["GET"]}}],"collection":[{"href":"https:\/\/www.europesays.com\/fr\/wp-json\/wp\/v2\/posts"}],"about":[{"href":"https:\/\/www.europesays.com\/fr\/wp-json\/wp\/v2\/types\/post"}],"author":[{"embeddable":true,"href":"https:\/\/www.europesays.com\/fr\/wp-json\/wp\/v2\/users\/2"}],"replies":[{"embeddable":true,"href":"https:\/\/www.europesays.com\/fr\/wp-json\/wp\/v2\/comments?post=336531"}],"version-history":[{"count":0,"href":"https:\/\/www.europesays.com\/fr\/wp-json\/wp\/v2\/posts\/336531\/revisions"}],"wp:featuredmedia":[{"embeddable":true,"href":"https:\/\/www.europesays.com\/fr\/wp-json\/wp\/v2\/media\/336532"}],"wp:attachment":[{"href":"https:\/\/www.europesays.com\/fr\/wp-json\/wp\/v2\/media?parent=336531"}],"wp:term":[{"taxonomy":"category","embeddable":true,"href":"https:\/\/www.europesays.com\/fr\/wp-json\/wp\/v2\/categories?post=336531"},{"taxonomy":"post_tag","embeddable":true,"href":"https:\/\/www.europesays.com\/fr\/wp-json\/wp\/v2\/tags?post=336531"}],"curies":[{"name":"wp","href":"https:\/\/api.w.org\/{rel}","templated":true}]}}