{"id":336556,"date":"2025-08-22T16:32:11","date_gmt":"2025-08-22T16:32:11","guid":{"rendered":"https:\/\/www.europesays.com\/fr\/336556\/"},"modified":"2025-08-22T16:32:11","modified_gmt":"2025-08-22T16:32:11","slug":"les-etats-unis-suspendent-la-delivrance-de-visas-aux-chauffeurs-routiers-etrangers-2","status":"publish","type":"post","link":"https:\/\/www.europesays.com\/fr\/336556\/","title":{"rendered":"Les \u00c9tats-Unis suspendent la d\u00e9livrance de visas aux chauffeurs routiers \u00e9trangers"},"content":{"rendered":"<p>Le gouvernement am\u00e9ricain a annonc\u00e9, jeudi, suspendre la d\u00e9livrance de visas aux chauffeurs routiers \u00e9trangers, accus\u00e9s de \u00ab mettre en danger la vie des Am\u00e9ricains \u00bb sur les routes aux \u00c9tats-Unis.<\/p>\n<blockquote class=\"twitter-tweet\">\n<p lang=\"en\" dir=\"ltr\">Effective immediately we are pausing all issuance of worker visas for commercial truck drivers. <\/p>\n<p>The increasing number of foreign drivers operating large tractor-trailer trucks on U.S. roads is endangering American lives and undercutting the livelihoods of American truckers.<\/p>\n<p>\u2014 Secretary Marco Rubio (@SecRubio) <a href=\"https:\/\/twitter.com\/SecRubio\/status\/1958644528253948015?ref_src=twsrc%5Etfw\" rel=\"nofollow noopener\" target=\"_blank\">August 21, 2025<\/a><\/p><\/blockquote>\n<p>\u00ab Nous suspendons toute d\u00e9livrance de visas de travail pour les chauffeurs routiers commerciaux avec effet imm\u00e9diat \u00bb, a d\u00e9clar\u00e9 le secr\u00e9taire d\u2019\u00c9tat, Marco Rubio, sur le r\u00e9seau X.<\/p>\n<p>\u00ab Le nombre croissant de conducteurs \u00e9trangers conduisant de gros camions semi-remorques sur les routes am\u00e9ricaines met en danger la vie des Am\u00e9ricains et nuit aux moyens de subsistance des camionneurs am\u00e9ricains \u00bb, a-t-il ajout\u00e9.<\/p>\n<p>Il n\u2019a donn\u00e9 aucun chiffre permettant d\u2019\u00e9tayer cette accusation mais celle-ci est r\u00e9guli\u00e8rement relay\u00e9e par les partisans du pr\u00e9sident am\u00e9ricain Donald Trump au nom de sa politique de \u00ab l\u2019Am\u00e9rique d\u2019abord \u00bb.<\/p>\n<p>L\u2019administration Trump a d\u00e9nonc\u00e9 par le pass\u00e9 le fait que nombre de ces chauffeurs routiers \u00e9trangers ne s\u2019expriment pas ou mal dans la langue anglaise.<\/p>\n<p><script async src=\"https:\/\/platform.twitter.com\/widgets.js\" charset=\"utf-8\"><\/script><\/p>\n","protected":false},"excerpt":{"rendered":"Le gouvernement am\u00e9ricain a annonc\u00e9, jeudi, suspendre la d\u00e9livrance de visas aux chauffeurs routiers \u00e9trangers, accus\u00e9s de \u00ab&hellip;\n","protected":false},"author":2,"featured_media":336557,"comment_status":"","ping_status":"","sticky":false,"template":"","format":"standard","meta":{"footnotes":""},"categories":[1589],"tags":[11,73,1866,74,12,1864,1865,1863,308],"class_list":{"0":"post-336556","1":"post","2":"type-post","3":"status-publish","4":"format-standard","5":"has-post-thumbnail","7":"category-etats-unis","8":"tag-actualites","9":"tag-etats-unis","10":"tag-etats-unis-damerique","11":"tag-monde","12":"tag-news","13":"tag-united-states","14":"tag-united-states-of-america","15":"tag-us","16":"tag-usa"},"share_on_mastodon":{"url":"https:\/\/pubeurope.com\/@fr\/115073380931914016","error":""},"_links":{"self":[{"href":"https:\/\/www.europesays.com\/fr\/wp-json\/wp\/v2\/posts\/336556","targetHints":{"allow":["GET"]}}],"collection":[{"href":"https:\/\/www.europesays.com\/fr\/wp-json\/wp\/v2\/posts"}],"about":[{"href":"https:\/\/www.europesays.com\/fr\/wp-json\/wp\/v2\/types\/post"}],"author":[{"embeddable":true,"href":"https:\/\/www.europesays.com\/fr\/wp-json\/wp\/v2\/users\/2"}],"replies":[{"embeddable":true,"href":"https:\/\/www.europesays.com\/fr\/wp-json\/wp\/v2\/comments?post=336556"}],"version-history":[{"count":0,"href":"https:\/\/www.europesays.com\/fr\/wp-json\/wp\/v2\/posts\/336556\/revisions"}],"wp:featuredmedia":[{"embeddable":true,"href":"https:\/\/www.europesays.com\/fr\/wp-json\/wp\/v2\/media\/336557"}],"wp:attachment":[{"href":"https:\/\/www.europesays.com\/fr\/wp-json\/wp\/v2\/media?parent=336556"}],"wp:term":[{"taxonomy":"category","embeddable":true,"href":"https:\/\/www.europesays.com\/fr\/wp-json\/wp\/v2\/categories?post=336556"},{"taxonomy":"post_tag","embeddable":true,"href":"https:\/\/www.europesays.com\/fr\/wp-json\/wp\/v2\/tags?post=336556"}],"curies":[{"name":"wp","href":"https:\/\/api.w.org\/{rel}","templated":true}]}}