{"id":336560,"date":"2025-08-22T16:34:13","date_gmt":"2025-08-22T16:34:13","guid":{"rendered":"https:\/\/www.europesays.com\/fr\/336560\/"},"modified":"2025-08-22T16:34:13","modified_gmt":"2025-08-22T16:34:13","slug":"tour-dallemagne-sheehan-leve-les-bras-sur-la-ligne-mais-narvaez-simpose-waerenskjold-reprend-le-maillot-de-leader-video","status":"publish","type":"post","link":"https:\/\/www.europesays.com\/fr\/336560\/","title":{"rendered":"Tour d&rsquo;Allemagne: Sheehan l\u00e8ve les bras sur la ligne mais Narvaez s&rsquo;impose, Waerenskjold reprend le maillot de leader (VID\u00c9O)"},"content":{"rendered":"<p class=\"ap-StoryElement ap-StoryElement--mb ap-StoryText\">Apr\u00e8s le sprint pour les bonifications, situ\u00e9 \u00e0 15 km de la ligne et remport\u00e9 comme hier par Wout van Aert, un gros groupe contenant Ilan Van Wilder (Soudal Quick-Step) et Jonathan Milan (Lidl-Trek) est sorti puis Narvaez, Sheehan et Waerenskjold, vainqueur du prologue mercredi, ont r\u00e9ussi \u00e0 s&rsquo;isoler.<\/p>\n<p class=\"ap-StoryElement ap-StoryElement--mb ap-StoryText\">Les trois hommes ont r\u00e9sist\u00e9 au retour de Marius Mayrhofer (Tudor), qui a \u00e9chou\u00e9 \u00e0 huit secondes du trio de t\u00eate. Au sprint, Narvaez, d\u00e9j\u00e0 vainqueur du classement g\u00e9n\u00e9ral du Tour Down Under cette saison, a remport\u00e9 sa 15e victoire professionnelle, la 73e pour son \u00e9quipe en 2025.<\/p>\n<p><a href=\"https:\/\/www.dhnet.be\/sports\/cyclisme\/courses-par-etapes\/2025\/08\/21\/van-aert-brennan-duo-de-choc-au-tour-dallemagne-3QJAAMJROZD67IKKROFB2HP7VU\/\" target=\"_blank\" rel=\"noopener noreferrer nofollow\" class=\"ap-StoryInterstitialLink ap-StoryElement ap-StoryElement--mb\">Van Aert-Brennan, duo de choc au Tour d&rsquo;Allemagne !<\/a><\/p>\n<p class=\"ap-StoryElement ap-StoryElement--mb ap-StoryText\">Au classement g\u00e9n\u00e9ral, Waerenskjold poss\u00e8de une seconde d&rsquo;avance sur Narvaez et quatre sur Sheehan. <a href=\"https:\/\/www.dhnet.be\/sports\/cyclisme\/courses-par-etapes\/2025\/08\/20\/tour-dallemagne-wout-van-aert-prend-la-5e-place-dun-prologue-remporte-par-soren-waerenskjold-3GBFIV3MAZEOLDZ4CR3N4QIHPY\/\" target=\"_self\" rel=\"nofollow noopener\">Van Aert<\/a> pointe \u00e0 la 4e place, \u00e0 15 secondes du Norv\u00e9gien.<\/p>\n<p class=\"ap-StoryElement ap-StoryElement--mb ap-StoryText\">Samedi, les coureurs parcourront 176,5 km entre Arnsberg et Kassel. L&rsquo;\u00e9preuve allemande se terminera dimanche \u00e0 Magdebourg.<\/p>\n","protected":false},"excerpt":{"rendered":"Apr\u00e8s le sprint pour les bonifications, situ\u00e9 \u00e0 15 km de la ligne et remport\u00e9 comme hier par&hellip;\n","protected":false},"author":2,"featured_media":336561,"comment_status":"","ping_status":"","sticky":false,"template":"","format":"standard","meta":{"footnotes":""},"categories":[1587],"tags":[11,672,1804,1154,207,1805,1803,1777,674,23685,1801,23687,12,1802,23690,23692,1172],"class_list":{"0":"post-336560","1":"post","2":"type-post","3":"status-publish","4":"format-standard","5":"has-post-thumbnail","7":"category-allemagne","8":"tag-actualites","9":"tag-allemagne","10":"tag-bundesrepublik-deutschland","11":"tag-cycling","12":"tag-cyclisme","13":"tag-de","14":"tag-deutschland","15":"tag-eu","16":"tag-europe","17":"tag-frankrijk","18":"tag-germany","19":"tag-letour","20":"tag-news","21":"tag-republique-federale-dallemagne","22":"tag-ronde-van-frankrijk","23":"tag-tdf","24":"tag-wielrennen"},"share_on_mastodon":{"url":"https:\/\/pubeurope.com\/@fr\/115073388783501424","error":""},"_links":{"self":[{"href":"https:\/\/www.europesays.com\/fr\/wp-json\/wp\/v2\/posts\/336560","targetHints":{"allow":["GET"]}}],"collection":[{"href":"https:\/\/www.europesays.com\/fr\/wp-json\/wp\/v2\/posts"}],"about":[{"href":"https:\/\/www.europesays.com\/fr\/wp-json\/wp\/v2\/types\/post"}],"author":[{"embeddable":true,"href":"https:\/\/www.europesays.com\/fr\/wp-json\/wp\/v2\/users\/2"}],"replies":[{"embeddable":true,"href":"https:\/\/www.europesays.com\/fr\/wp-json\/wp\/v2\/comments?post=336560"}],"version-history":[{"count":0,"href":"https:\/\/www.europesays.com\/fr\/wp-json\/wp\/v2\/posts\/336560\/revisions"}],"wp:featuredmedia":[{"embeddable":true,"href":"https:\/\/www.europesays.com\/fr\/wp-json\/wp\/v2\/media\/336561"}],"wp:attachment":[{"href":"https:\/\/www.europesays.com\/fr\/wp-json\/wp\/v2\/media?parent=336560"}],"wp:term":[{"taxonomy":"category","embeddable":true,"href":"https:\/\/www.europesays.com\/fr\/wp-json\/wp\/v2\/categories?post=336560"},{"taxonomy":"post_tag","embeddable":true,"href":"https:\/\/www.europesays.com\/fr\/wp-json\/wp\/v2\/tags?post=336560"}],"curies":[{"name":"wp","href":"https:\/\/api.w.org\/{rel}","templated":true}]}}