{"id":336578,"date":"2025-08-22T16:45:12","date_gmt":"2025-08-22T16:45:12","guid":{"rendered":"https:\/\/www.europesays.com\/fr\/336578\/"},"modified":"2025-08-22T16:45:12","modified_gmt":"2025-08-22T16:45:12","slug":"zarco-veut-etre-numero-un-mais-na-pas-encore-assez-parle-avec-honda","status":"publish","type":"post","link":"https:\/\/www.europesays.com\/fr\/336578\/","title":{"rendered":"Zarco veut \u00ab\u00a0\u00eatre num\u00e9ro un\u00a0\u00bb mais n&rsquo;a \u00ab\u00a0pas encore assez parl\u00e9\u00a0\u00bb avec Honda"},"content":{"rendered":"<p><a href=\"https:\/\/fr.motorsport.com\/driver\/johann-zarco\/96107\/\" target=\"_blank\" rel=\"noopener\">Johann Zarco<\/a> ne se cache plus et, \u00e0 l&rsquo;heure o\u00f9 son avenir chez Honda n&rsquo;est toujours pas d\u00e9cid\u00e9, il n&rsquo;a plus qu&rsquo;un objectif : rejoindre l&rsquo;\u00e9quipe d&rsquo;usine et devenir le num\u00e9ro un de la marque en 2026. Le Fran\u00e7ais ignore si son plaidoyer et sa prise de position auront l&rsquo;effet escompt\u00e9, mais il ne veut pas laisser passer sa chance.<\/p>\n<p>Le ton a donc chang\u00e9 dans sa communication, et il l&rsquo;a rappel\u00e9 ce vendredi \u00e0 l&rsquo;issue des Essais du Grand Prix de Hongrie.\u00a0Conscient de ne pas b\u00e9n\u00e9ficier de toutes les nouveaut\u00e9s apport\u00e9es par Honda depuis quelques Grands Prix, Johann Zarco l&rsquo;accepte mais estime qu&rsquo;il ne pouvait pas esp\u00e9rer plus dans sa situation actuelle.\u00a0<\/p>\n<p>\u00ab\u00a0C&rsquo;est pour \u00e7a que le statut de pilote num\u00e9ro un, je veux l&rsquo;avoir\u00a0\u00bb, explique-t-il dans le paddock du Balaton Park. \u00ab\u00a0C&rsquo;est pour \u00e7a qu&rsquo;il faut pouvoir se donner les chances d&rsquo;\u00eatre au HRC. Parce que malheureusement, chez LCR, cette position, on ne peut pas l&rsquo;avoir. C&rsquo;est ainsi, j&rsquo;accepterai, mais avec ce qu&rsquo;il y a eu avant [ses r\u00e9sultats, ndlr], il y a de quoi \u00eatre pilote num\u00e9ro un, et actuellement ce n&rsquo;est pas le cas.\u00a0\u00bb<\/p>\n<p>Le discours du pilote tricolore a \u00e9volu\u00e9, puisqu&rsquo;il s&rsquo;imaginait jusque-l\u00e0 <a href=\"https:\/\/fr.motorsport.com\/motogp\/news\/zarco-pilote-numero-un-honda-lcr\/10742878\/\" target=\"_blank\" rel=\"noopener\">avec ce statut tout en restant chez LC<\/a>R, mais appara\u00eet bien r\u00f4d\u00e9, n\u00e9anmoins les avanc\u00e9es dans les discussions ne sont visiblement pas encore au rendez-vous.\u00a0<\/p>\n<p>\u00ab\u00a0Je n&rsquo;en ai pas encore assez parl\u00e9 avec eux\u00a0\u00bb, admet-il. \u00ab\u00a0C&rsquo;est mon agent qui fait ce job, mais moi en direct, je ne le fais pas. L&rsquo;id\u00e9al serait d&rsquo;\u00eatre num\u00e9ro un chez LCR, mais ce n&rsquo;est pas possible. Donc l\u00e0, j&rsquo;ai pris position en disant qu&rsquo;il fallait viser le HRC.\u00a0\u00bb<\/p>\n<p>Un vendredi qui s&rsquo;ach\u00e8ve par une chute<br \/>\n   <img decoding=\"async\" draggable=\"false\" src=\"https:\/\/www.europesays.com\/fr\/wp-content\/uploads\/2025\/08\/1755881112_882_johann-zarco-team-lcr-honda.jpg\" alt=\"Les premiers essais ont \u00e9t\u00e9 compliqu\u00e9s pour Zarco en Hongrie.\" width=\"1200\" height=\"800\" loading=\"lazy\"\/> <\/p>\n<p class=\"title\">Les premiers essais ont \u00e9t\u00e9 compliqu\u00e9s pour Zarco en Hongrie.<\/p>\n<p class=\"photographer\">Photo de: Gold and Goose Photography \/ LAT Images \/ via Getty Images<\/p>\n<p>Questionn\u00e9 sur les diff\u00e9rences techniques entre les motos du clan Honda en Autriche le week-end dernier et en Hongrie ce week-end, Johann Zarco refuse d&rsquo;\u00eatre trop pollu\u00e9 par les d\u00e9tails et confie qu&rsquo;il n&rsquo;a\u00a0\u00ab\u00a0pas envie de savoir\u00a0\u00bb.\u00a0<\/p>\n<p>\u00ab\u00a0Je sais qu&rsquo;ils ont une a\u00e9ro diff\u00e9rente \u2013 une autre homologation\u00a0\u2013 un autre bras oscillant, mais peut-\u00eatre que Marini n&rsquo;a pas le bras oscillant&#8230;\u00a0\u00bb, avance-t-il. \u00ab\u00a0Parfois, ce sont des petites choses, donc c&rsquo;est dur de dire \u00e0 quel point eux sont bien, dans une meilleure zone que moi, ou si c&rsquo;est parce qu&rsquo;ils ont eu des choses qui leur ont permis de faire des pas en avant.\u00a0\u00bb<\/p>\n<p>Dans l&rsquo;imm\u00e9diat, ce sont le niveau de performance et les sensations en Hongrie qui importent. Et sur ce point, la journ\u00e9e de vendredi a \u00e9t\u00e9 compliqu\u00e9e, se concluant par une 20e place et une chute qui a confirm\u00e9 un blocage d\u00e9j\u00e0 vu sur le Red Bull Ring il y a quelques jours.\u00a0<\/p>\n<p>\u00ab\u00a0Depuis Spielberg, \u00e0 chaque fois qu&rsquo;on met un pneu neuf, on dirait qu&rsquo;il n&rsquo;existe pas\u00a0\u00bb, d\u00e9plore Johann Zarco. \u00ab\u00a0C&rsquo;est tr\u00e8s difficile, parce que j&rsquo;essaie de faire progresser le pilotage et les sensations, et au moment o\u00f9 il faut attaquer, la moto ne r\u00e9pond pas bien. Du coup, je ne peux pas progresser.\u00a0\u00bb <\/p>\n<p>\u00ab\u00a0J&rsquo;esp\u00e8re que demain, comme c&rsquo;est une nouvelle piste, peut-\u00eatre prendre encore des infos, et il y a moyen de faire de gros pas en avant. Mais depuis Spielberg, il y a clairement un manque de contr\u00f4le \u00e0 l&rsquo;acc\u00e9l\u00e9ration qui me fait perdre beaucoup de temps et me met en difficult\u00e9.\u00a0\u00bb<\/p>\n<p>Lire aussi :<\/p>\n<p>Dans cet article<\/p>\n<p>Soyez le premier inform\u00e9 et souscrivez aux alertes mails pour recevoir les infos en temps r\u00e9el<\/p>\n<p>    S&rsquo;abonner aux alertes de news<\/p>\n","protected":false},"excerpt":{"rendered":"Johann Zarco ne se cache plus et, \u00e0 l&rsquo;heure o\u00f9 son avenir chez Honda n&rsquo;est toujours pas d\u00e9cid\u00e9,&hellip;\n","protected":false},"author":2,"featured_media":336579,"comment_status":"","ping_status":"","sticky":false,"template":"","format":"standard","meta":{"footnotes":""},"categories":[1413],"tags":[21747,1011,27,21746,3345,1741,1457,1456,1458,60,3771,47310],"class_list":{"0":"post-336578","1":"post","2":"type-post","3":"status-publish","4":"format-standard","5":"has-post-thumbnail","7":"category-moto","8":"tag-balaton-park","9":"tag-fr","10":"tag-france","11":"tag-gp-de-hongrie","12":"tag-honda-hrc","13":"tag-johann-zarco","14":"tag-moto","15":"tag-motocycle","16":"tag-motogp","17":"tag-sports","18":"tag-team-lcr","19":"tag-zarco-veut-u00eatre-numu00e9ro-un-mais-na-pas-encore-assez-parlu00e9-avec-honda"},"share_on_mastodon":{"url":"https:\/\/pubeurope.com\/@fr\/115073431907986063","error":""},"_links":{"self":[{"href":"https:\/\/www.europesays.com\/fr\/wp-json\/wp\/v2\/posts\/336578","targetHints":{"allow":["GET"]}}],"collection":[{"href":"https:\/\/www.europesays.com\/fr\/wp-json\/wp\/v2\/posts"}],"about":[{"href":"https:\/\/www.europesays.com\/fr\/wp-json\/wp\/v2\/types\/post"}],"author":[{"embeddable":true,"href":"https:\/\/www.europesays.com\/fr\/wp-json\/wp\/v2\/users\/2"}],"replies":[{"embeddable":true,"href":"https:\/\/www.europesays.com\/fr\/wp-json\/wp\/v2\/comments?post=336578"}],"version-history":[{"count":0,"href":"https:\/\/www.europesays.com\/fr\/wp-json\/wp\/v2\/posts\/336578\/revisions"}],"wp:featuredmedia":[{"embeddable":true,"href":"https:\/\/www.europesays.com\/fr\/wp-json\/wp\/v2\/media\/336579"}],"wp:attachment":[{"href":"https:\/\/www.europesays.com\/fr\/wp-json\/wp\/v2\/media?parent=336578"}],"wp:term":[{"taxonomy":"category","embeddable":true,"href":"https:\/\/www.europesays.com\/fr\/wp-json\/wp\/v2\/categories?post=336578"},{"taxonomy":"post_tag","embeddable":true,"href":"https:\/\/www.europesays.com\/fr\/wp-json\/wp\/v2\/tags?post=336578"}],"curies":[{"name":"wp","href":"https:\/\/api.w.org\/{rel}","templated":true}]}}