{"id":336580,"date":"2025-08-22T16:46:13","date_gmt":"2025-08-22T16:46:13","guid":{"rendered":"https:\/\/www.europesays.com\/fr\/336580\/"},"modified":"2025-08-22T16:46:13","modified_gmt":"2025-08-22T16:46:13","slug":"baki-defendra-sa-ceinture-face-a-jordan-zebo-le-18-octobre-a-lares-35-de-strasbourg-lequipe","status":"publish","type":"post","link":"https:\/\/www.europesays.com\/fr\/336580\/","title":{"rendered":"Baki d\u00e9fendra sa ceinture face \u00e0 Jordan Zebo le 18 octobre \u00e0 l&#039;ARES 35 de Strasbourg &#8211; L&#039;\u00c9quipe"},"content":{"rendered":"<ol>\n<li><a href=\"https:\/\/news.google.com\/rss\/articles\/CBMiygFBVV95cUxObU5HenZKZFl6WVd6azVhbmIwNUxEb0Q1Yjh5Zy13T2I3Y0h2azA2Qm1tdDZjME14NTlPaDA3OWJnc0p6TkR1UERneWFGTkd2UHd2NDJacEdHTEdneEVLcTh3aVJwU0p3NU5HekNFNldlRjNOanFNaU55VW9yMDBzMlJ3T0FRUHBRUm9wOTliX25rRlctWFV5bHJSOGYzT1diVkQ5Nk51WG9ScHp5bnNVNmlfaEpzdF95b3VnSGl2Y2R5U0gtSFBPU3Bn?oc=5\" target=\"_blank\" rel=\"nofollow noopener\">Baki d\u00e9fendra sa ceinture face \u00e0 Jordan Zebo le 18 octobre \u00e0 l&rsquo;ARES 35 de Strasbourg<\/a>&nbsp;&nbsp;L&rsquo;\u00c9quipe<\/li>\n<li><a href=\"https:\/\/news.google.com\/rss\/articles\/CBMipwFBVV95cUxQbW9wRXIzbFRPNUt6Q2ZteU1jWlJMSGhsMjZIal9xZFFEMm5vRDE5bWhwTHdOSWJoaGJHdlFfMWJDdjZCTkRYWXl3djIxa1J0bHF6TUZsWmJQdmhRZHRQOGsteUNlMXZvT2FXZFhLTEVrU1JwNHRYQjBod2RhcXFIdXhVODNKX2RwN1owTFVZS1RNNGE2M1ZGQTNMdmhDSFN3Y1lVWnhmTQ?oc=5\" target=\"_blank\" rel=\"nofollow noopener\">Le champion Baki affrontera Jordan Zebo \u00e0 l\u2019ARES 35 \u00e0 Strasbourg<\/a>&nbsp;&nbsp;Boxemag<\/li>\n<li><a href=\"https:\/\/news.google.com\/rss\/articles\/CBMiywFBVV95cUxPeVJETmNJQVJCSHIyUEczUzRvMEd3OVlGUkhsaDVScHptWHEyYVBmb1I5Q09DaGhuUUg5dmFSem03eHBhajBJbi0zZXB4eHhHXzg1LURUb0RvOEV4WHhtTTdlUjdYYnRrZ2FDWnF5WlJMbVdTWGF4QWJISmZVcTN1SGlxZlpnQnhtQWZ4YnNDbUxBNHByMlRCLU4xUV9PQ1JPWlQydmx2VHJRTTVodGRoUmlBTlZ2LWh4WjF5Y21SbzY1TmU1WGxTOEpmTQ?oc=5\" target=\"_blank\" rel=\"nofollow noopener\">MMA. Le Haguenovien Baysangur Chamsoudinov d\u00e9fiera Jordan Zebo le 18 octobre au Z\u00e9nith de Strasbourg<\/a>&nbsp;&nbsp;DNA<\/li>\n<li><a href=\"https:\/\/news.google.com\/rss\/articles\/CBMiggFBVV95cUxPbGFPRnFOQjBNNDBDdndWdU5kVTlHcVlsaGtWa19qSnVjVVJYcDdpQ2pId25DaDJ0SFpEaGFVM2hNbEVXd0NQRGNrSHptR0FsSlh2T1h4d0EweURURGRWUXFSUHNsT2lxRGQ0V19UVjctV0o0ZGw1RDJXMkljcVpQMzZ3?oc=5\" target=\"_blank\" rel=\"nofollow noopener\">La victime de Doumb\u00e9 d\u00e9fie Baki !<\/a>&nbsp;&nbsp;Sports.fr<\/li>\n<li><a href=\"https:\/\/news.google.com\/rss\/articles\/CBMiqwFBVV95cUxOc2ZlQnFiRXNFZmNjcW9ZdE5JUUdoQnBDdEtDaF9LUkhqTUQxMkVST0lsN2U2WDRSVU1ESUgzVlJNT19NQ056MDRLNGN4bGUtRDRvcGlYRVBLOVBMam11VGZaMUNfaTJiV3NpTHBONkRyRktYRjhSQ1d4d0I1LV83VHZLUDZEcWZacmJ3TlBueHlXbDVXelF2dTBwMnQyU1VoSEU5UG95bXctR1E?oc=5\" target=\"_blank\" rel=\"nofollow noopener\">De la MMA au Z\u00e9nith : l\u2019Alsacien Baki va combattre \u00e0 Strasbourg pour la 1\u00e8re fois<\/a>&nbsp;&nbsp;Pokaa<\/li>\n<\/ol>\n","protected":false},"excerpt":{"rendered":"Baki d\u00e9fendra sa ceinture face \u00e0 Jordan Zebo le 18 octobre \u00e0 l&rsquo;ARES 35 de Strasbourg&nbsp;&nbsp;L&rsquo;\u00c9quipe Le champion&hellip;\n","protected":false},"author":2,"featured_media":336581,"comment_status":"","ping_status":"","sticky":false,"template":"","format":"standard","meta":{"footnotes":""},"categories":[1412],"tags":[1451,1452,1453,1454,1455,1011,27,60],"class_list":{"0":"post-336580","1":"post","2":"type-post","3":"status-publish","4":"format-standard","5":"has-post-thumbnail","7":"category-f1","8":"tag-f1","9":"tag-formula-1","10":"tag-formula1","11":"tag-formule-1","12":"tag-formule1","13":"tag-fr","14":"tag-france","15":"tag-sports"},"share_on_mastodon":{"url":"https:\/\/pubeurope.com\/@fr\/115073435818442146","error":""},"_links":{"self":[{"href":"https:\/\/www.europesays.com\/fr\/wp-json\/wp\/v2\/posts\/336580","targetHints":{"allow":["GET"]}}],"collection":[{"href":"https:\/\/www.europesays.com\/fr\/wp-json\/wp\/v2\/posts"}],"about":[{"href":"https:\/\/www.europesays.com\/fr\/wp-json\/wp\/v2\/types\/post"}],"author":[{"embeddable":true,"href":"https:\/\/www.europesays.com\/fr\/wp-json\/wp\/v2\/users\/2"}],"replies":[{"embeddable":true,"href":"https:\/\/www.europesays.com\/fr\/wp-json\/wp\/v2\/comments?post=336580"}],"version-history":[{"count":0,"href":"https:\/\/www.europesays.com\/fr\/wp-json\/wp\/v2\/posts\/336580\/revisions"}],"wp:featuredmedia":[{"embeddable":true,"href":"https:\/\/www.europesays.com\/fr\/wp-json\/wp\/v2\/media\/336581"}],"wp:attachment":[{"href":"https:\/\/www.europesays.com\/fr\/wp-json\/wp\/v2\/media?parent=336580"}],"wp:term":[{"taxonomy":"category","embeddable":true,"href":"https:\/\/www.europesays.com\/fr\/wp-json\/wp\/v2\/categories?post=336580"},{"taxonomy":"post_tag","embeddable":true,"href":"https:\/\/www.europesays.com\/fr\/wp-json\/wp\/v2\/tags?post=336580"}],"curies":[{"name":"wp","href":"https:\/\/api.w.org\/{rel}","templated":true}]}}