{"id":336584,"date":"2025-08-22T16:48:13","date_gmt":"2025-08-22T16:48:13","guid":{"rendered":"https:\/\/www.europesays.com\/fr\/336584\/"},"modified":"2025-08-22T16:48:13","modified_gmt":"2025-08-22T16:48:13","slug":"journal-des-transferts-lille-cash-sur-la-rumeur-pavard-rennes-tient-son-buteur-a-20-m-rebondissement-pour-sanches-maxifoot","status":"publish","type":"post","link":"https:\/\/www.europesays.com\/fr\/336584\/","title":{"rendered":"Journal des Transferts : Lille cash sur la rumeur Pavard, Rennes tient son buteur \u00e0 20 M, rebondissement pour Sanches&#8230; &#8211; Maxifoot"},"content":{"rendered":"<ol>\n<li><a href=\"https:\/\/news.google.com\/rss\/articles\/CBMiX0FVX3lxTE4xWGhGbDFUY09SRmhkT25xR0hlZnluRnJNNHo4aEk3SWhkZ3MzZlhFeXZlV3dfUngxUEkyLU96aFU0QXhqdmhacVFQYXFrSTVKeG1RMGI1N0tmTVlqVElV0gFXQVVfeXFMT0FPbGFEOUZfTkxNak40ZGxHY2lzU09kRXJNeXNjbk5rYnBWZXNlaUcyMHFsU1JhTklNTUtjczkzeDBldDF5UU52cGxSdVNJY2Z6LTVINFFZ?oc=5\" target=\"_blank\" rel=\"noopener\">Journal des Transferts : Lille cash sur la rumeur Pavard, Rennes tient son buteur \u00e0 20 M, rebondissement pour Sanches&#8230;<\/a>&nbsp;&nbsp;Maxifoot<\/li>\n<li><a href=\"https:\/\/news.google.com\/rss\/articles\/CBMi7wFBVV95cUxOLXdrTWZJZHlUQzdZNkpDSk5ITXlpMXB2c0o4R1RjN1JCakpHYloxd3dSa0tnZ1pEY0FNVGV5UHlHakxWWXZSVEdfTDJ6LTc0Tjg5WFhBZDJDN3c0R09yVEZMUTBrc044MFVONjBqc2p1Y3dBLXFTZm4yb194UUVkRHBta2tpRWFxZDBnLVZQbDdIckxTbUNyeEJJVTExQkZHaFJmYWtOVVc4YnNnQWtnVDA1bktjMmctVUozZ3lpNGxuS3U5ZjRIa29zYllKQVBPX3I2Qkp5c0FsQWVNMGRtOUI0eExZUEJfS3dUbFY2RQ?oc=5\" target=\"_blank\" rel=\"noopener\">Olivier L\u00e9tang ironise sur la rumeur Benjamin Pavard au LOSC et ferme la porte \u00e0 d&rsquo;autres d\u00e9parts d&rsquo;ampleur<\/a>&nbsp;&nbsp;L&rsquo;\u00c9quipe<\/li>\n<li><a href=\"https:\/\/news.google.com\/rss\/articles\/CBMixAFBVV95cUxOWE9TYnJlWHlWSkJjMFA3SlpNSWFWZkVaNURNMXdIVG5USDM3eHM4eE9NbU8wYnRBUE9WWDZhT2ZkeFlRWG1uTjlzYUpOOFZGV0twSHdGa1lRT1NwbEhKWG41RkxQelNPaHhNTjBkYU1HVVNmQjhjM0lCZkdVYmpuME9GMG5SZzQ5Q0U5V0YwN2dseVozT2hySXFkYnBHbUgzcXR1cWJGazBHS0VlT0pVajNnQ1dnUGlwY25xaXhONEZQbGNj0gHDAUFVX3lxTE1ab0F4Y0NuT1JGTXZnejl5VlN2ajhRa0V5VVJXUmdKaHd2dnZUVFQxTDJFSGlIRHpFLWtfUlhPYVZuTlhwTFBObzBYSGFKWHlrWjgzOG9YdkVrdHVzOW9nUUhkZHNoQ3pEYzJPVERkU3gyMHEtclAtd1FPOFVrQl9URm13VnVRTlNaeVVSSkRldDRRYWNGNm1od0ZEUTVsc1pWY0NLNkV1ellnVlB2X1Jlelo4cHB6UTJoRnY2WDU4MUxoOA?oc=5\" target=\"_blank\" rel=\"noopener\">Lille : L\u00e9tang annonce l&rsquo;arriv\u00e9e de Pavard avant d&rsquo;en rire<\/a>&nbsp;&nbsp;Orange Actualit\u00e9s | Sports<\/li>\n<li><a href=\"https:\/\/news.google.com\/rss\/articles\/CBMijgJBVV95cUxPV3JVeXFuOTFWdVoycHRVYm5OWUY2TXlsQTdLai1nTkVncnRGMjVDZ1BWTW5nSnV0dHQ5bUxTbWhXbDBROUlGSjRqX1V2bTdyU0xwQnJDVnB3Y1pFLWFrV0wwMXVIRUR3VGVWSjFOdHhUSVBjSUJiZjJ4b1B4U3hNRXYtN2dhSWVYSm8weDE1Z3Y5LVlCZ2d4WlVOeU01dHJveXphYmJDT3plSEYyRGlRdXZkRjN0djVtaHg0cmJzX1FBUGhrb29oWEdvMDduRmFJTEd4Z0lwdllnc090cW5wNjNhQWZOOUh1ZHFUQ0VCbGlycGhXbUZSWl9CSEZfd2J3M0lPY1VJTTExUmNkTnc?oc=5\" target=\"_blank\" rel=\"noopener\">VID\u00c9O. Ligue 1 : \u00ab\u00a0Il devrait arriver lundi !\u00a0\u00bb Quand le pr\u00e9sident de Lille plaisante sur l\u2019\u00e9ventuel retour d\u2019un champion du monde 2018 au club<\/a>&nbsp;&nbsp;ladepeche.fr<\/li>\n<li><a href=\"https:\/\/news.google.com\/rss\/articles\/CBMikAFBVV95cUxQMTF3aHVUdHFwd3FzbDRvUHJKUnZiMkVUNWpLRzA1endwREVsMHZXd1NYR2RhbHc3aWVNMkl2Q3FIc1Y1S1JKQk80SjgwdlB2Mng1RUNtaDAyQzNFZ1lqZ2Eta1Q4ZUhWRVhrSnpZckxpWnBORHdmWGNKelBUaV9RQ0k3dU5fZ2IwbVJtZWZPY04?oc=5\" target=\"_blank\" rel=\"noopener\">Mercato OM : Pavard en plan B de Ordo\u00f1ez ?<\/a>&nbsp;&nbsp;Le Phoc\u00e9en<\/li>\n<\/ol>\n","protected":false},"excerpt":{"rendered":"Journal des Transferts : Lille cash sur la rumeur Pavard, Rennes tient son buteur \u00e0 20 M, rebondissement&hellip;\n","protected":false},"author":2,"featured_media":336585,"comment_status":"","ping_status":"","sticky":false,"template":"","format":"standard","meta":{"footnotes":""},"categories":[1410],"tags":[2266,2262,2261,1981,83,2260,451,2263,462,2269,2257,63,1011,27,2265,1441,453,66,447,2267,955,2268,241,149,70,1817,93,2264,2258,2259,60,969,455],"class_list":{"0":"post-336584","1":"post","2":"type-post","3":"status-publish","4":"format-standard","5":"has-post-thumbnail","7":"category-football","8":"tag-as-monaco","9":"tag-bundesligua","10":"tag-calcio","11":"tag-classement","12":"tag-coupe-de-france","13":"tag-coupe-de-la-ligue","14":"tag-coupe-du-monde","15":"tag-equipe","16":"tag-fc-nantes","17":"tag-fifa","18":"tag-foot","19":"tag-football","20":"tag-fr","21":"tag-france","22":"tag-girondins-bordeaux","23":"tag-joueur","24":"tag-liga","25":"tag-ligue-1","26":"tag-ligue-des-champions","27":"tag-losc","28":"tag-match","29":"tag-ogc-nice","30":"tag-ol","31":"tag-om","32":"tag-premier-league","33":"tag-pronostic","34":"tag-psg","35":"tag-rc-lens","36":"tag-resultat","37":"tag-score","38":"tag-sports","39":"tag-transfert","40":"tag-uefa"},"share_on_mastodon":{"url":"https:\/\/pubeurope.com\/@fr\/115073443691147884","error":""},"_links":{"self":[{"href":"https:\/\/www.europesays.com\/fr\/wp-json\/wp\/v2\/posts\/336584","targetHints":{"allow":["GET"]}}],"collection":[{"href":"https:\/\/www.europesays.com\/fr\/wp-json\/wp\/v2\/posts"}],"about":[{"href":"https:\/\/www.europesays.com\/fr\/wp-json\/wp\/v2\/types\/post"}],"author":[{"embeddable":true,"href":"https:\/\/www.europesays.com\/fr\/wp-json\/wp\/v2\/users\/2"}],"replies":[{"embeddable":true,"href":"https:\/\/www.europesays.com\/fr\/wp-json\/wp\/v2\/comments?post=336584"}],"version-history":[{"count":0,"href":"https:\/\/www.europesays.com\/fr\/wp-json\/wp\/v2\/posts\/336584\/revisions"}],"wp:featuredmedia":[{"embeddable":true,"href":"https:\/\/www.europesays.com\/fr\/wp-json\/wp\/v2\/media\/336585"}],"wp:attachment":[{"href":"https:\/\/www.europesays.com\/fr\/wp-json\/wp\/v2\/media?parent=336584"}],"wp:term":[{"taxonomy":"category","embeddable":true,"href":"https:\/\/www.europesays.com\/fr\/wp-json\/wp\/v2\/categories?post=336584"},{"taxonomy":"post_tag","embeddable":true,"href":"https:\/\/www.europesays.com\/fr\/wp-json\/wp\/v2\/tags?post=336584"}],"curies":[{"name":"wp","href":"https:\/\/api.w.org\/{rel}","templated":true}]}}