{"id":336588,"date":"2025-08-22T16:50:13","date_gmt":"2025-08-22T16:50:13","guid":{"rendered":"https:\/\/www.europesays.com\/fr\/336588\/"},"modified":"2025-08-22T16:50:13","modified_gmt":"2025-08-22T16:50:13","slug":"la-magie-de-niki-de-saint-phalle","status":"publish","type":"post","link":"https:\/\/www.europesays.com\/fr\/336588\/","title":{"rendered":"La magie de Niki de Saint Phalle"},"content":{"rendered":"<p class=\"PopSlotParagraph qg-tx2 qg-xtra-lh svelte-1r0pyek\"><a href=\"https:\/\/www.radiofrance.fr\/personnes\/niki-de-saint-phalle#taxonomy_body\" class=\"\" data-testid=\"link\" rel=\"nofollow noopener\" target=\"_blank\">Niki de Saint Phalle<\/a>\u00a0est une artiste plasticienne, peintre, sculptrice et r\u00e9alisatrice. Elle est une figure majeure de l&rsquo;avant-garde europ\u00e9enne du XXe si\u00e8cle.\u00a0Parmi ses \u0153uvres les plus embl\u00e9matiques figurent les\u00a0Nanas, grandes sculptures color\u00e9es de femmes aux formes g\u00e9n\u00e9reuses, qui c\u00e9l\u00e8brent la f\u00e9minit\u00e9, de fa\u00e7on ludique et politique, rompant avec les repr\u00e9sentations traditionnelles du corps f\u00e9minin.\u00a0Au-del\u00e0 de ses sculptures, Niki de Saint Phalle a \u00e9galement marqu\u00e9 le monde de l&rsquo;art avec des projets monumentaux, dont le\u00a0Jardin des Tarots en Toscane (Italie), entre 1979 et 1993. Ce parc de sculptures est consid\u00e9r\u00e9 comme l&rsquo;une de ses r\u00e9alisations les plus abouties, m\u00ealant architecture, sculpture et spiritualit\u00e9.<\/p>\n<p> Entre joie et subversion\u00a0: l&rsquo;art comme terrain de jeu<\/p>\n<p class=\"PopSlotParagraph qg-tx2 qg-xtra-lh svelte-1r0pyek\">L&rsquo;exposition\u00a0Niki de Saint Phalle, Jean Tinguely, Pontus Hulten au Grand Palais \u00e0 Paris plonge le spectateur\u00a0dans l\u2019univers bouillonnant de Niki de Saint Phalle et\u00a0<a href=\"https:\/\/www.radiofrance.fr\/personnes\/jean-tinguely\" class=\"\" data-testid=\"link\" rel=\"nofollow noopener\" target=\"_blank\">Jean Tinguely<\/a>\u00a0\u00e0 travers le regard visionnaire de Pontus Hulten. Entre passion et cr\u00e9ation sans limites, l&rsquo;alchimie qui unit ces artistes et leur complice leur permet de cr\u00e9er un art libre, participatif et r\u00e9volutionnaire. \u00ab\u00a0Des \u00e2mes s\u0153urs\u00a0\u00bb, comme le dit Niki de Saint Phalle elle-m\u00eame, qui se mettent en valeur l&rsquo;un et l&rsquo;autre\u00a0:\u00a0 \u00ab\u00a0ce qui est absolument g\u00e9nial, et je pense que c&rsquo;est presque unique, c&rsquo;est que Jean Tinguely l va bien souvent \u00eatre l&rsquo;assistant de Niki de Saint Phalle\u00a0\u00bb.<\/p>\n<p>  <img decoding=\"async\" class=\"Image-preview  svelte-1b9cmvl\" data-testid=\"image-preview\" src=\"data:image\/jpeg;charset=utf-8;base64, \/9j\/2wBDACgcHiMeGSgjISMtKygwPGRBPDc3PHtYXUlkkYCZlo+AjIqgtObDoKrarYqMyP\/L2u71\/\/\/\/m8H\/\/\/\/6\/+b9\/\/j\/2wBDASstLTw1PHZBQXb4pYyl+Pj4+Pj4+Pj4+Pj4+Pj4+Pj4+Pj4+Pj4+Pj4+Pj4+Pj4+Pj4+Pj4+Pj4+Pj4+Pj4+Pj\/wAARCAAqABwDASIAAhEBAxEB\/8QAFwABAQEBAAAAAAAAAAAAAAAAAgMAAf\/EABgQAQEBAQEAAAAAAAAAAAAAAAABEQIS\/8QAFAEBAAAAAAAAAAAAAAAAAAAAAP\/EABQRAQAAAAAAAAAAAAAAAAAAAAD\/2gAMAwEAAhEDEQA\/AF1AsWsCwEsbDsbAXoWFa5QDGwncAfTanDgHDkDlSA\/\/2Q==\" alt=\"\" aria-hidden=\"false\"\/>     <img decoding=\"async\" src=\"https:\/\/www.europesays.com\/fr\/wp-content\/uploads\/2025\/08\/860_sc_lors-de-sa-seance-de-tir-realisee-dans-une-cour-a-stockholm-le-14-mai-1961.jpg\" loading=\"lazy\" fetchpriority=\"low\" width=\"860\" height=\"1287\" class=\"Image-main  svelte-1b9cmvl rounded\" data-testid=\"image-src\" alt=\"Niki de Saint Phalle lors de sa s\u00e9ance de tir r\u00e9alis\u00e9e dans une cour \u00e0 Stockholm le 14 mai 1961\" aria-hidden=\"false\" onload=\"this.__e=event\" onerror=\"this.__e=event\"\/> Niki de Saint Phalle lors de sa s\u00e9ance de tir r\u00e9alis\u00e9e dans une cour \u00e0 Stockholm le 14 mai 1961  &#8211; \u00a9 Centre Pompidou, adagp <\/p>\n<p class=\"PopSlotParagraph qg-tx2 qg-xtra-lh svelte-1r0pyek\">Couple mythique, Niki de Saint Phalle (1930 \u2013 2002) et Jean Tinguely (1925 \u2013 1991)\u00a0 sont unis par un lien artistique ind\u00e9fectible et une vision commune de la cr\u00e9ation comme acte de r\u00e9bellion contre les normes \u00e9tablies.\u00a0L\u2019exposition retrace l\u2019itin\u00e9raire prolifique de ces deux artistes \u00e0 travers la figure de Pontus Hulten (1924 \u2013 2006), premier directeur du Mus\u00e9e national d\u2019art moderne au Centre Pompidou, qui partage leur conception d\u2019un art disruptif, pluridisciplinaire et participatif.\u00a0Tout au long de sa carri\u00e8re, il fournit un soutien inconditionnel \u00e0 Saint Phalle et Tinguely\u00a0: acquisitions d\u2019\u0153uvres, r\u00e9trospectives d\u00e9di\u00e9es, cartes blanches et appui \u00e0 des projets hors normes tels que la gigantesque Nanade l&rsquo;exposition\u00a0Hon \u2013 en Katedral\u00a0(1966) au Moderna Museet de Stockholm, ou l\u2019exposition\u00a0Le Crocrodrome de Zig &amp; Puce\u00a0(1977) dans le Forum du Centre Pompidou.<\/p>\n<p class=\"PopSlotParagraph qg-tx2 qg-xtra-lh svelte-1r0pyek\">Niki de Saint Phalle fascine aujourd\u2019hui par la modernit\u00e9 de sa pens\u00e9e et de son action. Camille Morineau, conservatrice et historienne de l\u2019art, souligne qu'\u00a0\u00bbelle se nourrit, au moins autant de ce qui se passe autour d\u2019elle que de son histoire personnelle, qu\u2019elle va au fond sublimer.\u00a0\u00bb<\/p>\n<p class=\"PopSlotParagraph qg-tx2 qg-xtra-lh svelte-1r0pyek\">L\u2019\u0153uvre de Niki de Saint Phalle se d\u00e9ploie ainsi dans une tension constante entre la rondeur, la couleur, la joie, et une forme de violence dont elle s\u2019empare en tant que femme. \u00ab\u00a0Cette brutalit\u00e9, au fond, quand elle est apparue et associ\u00e9e \u00e0 Niki de Saint Phalle, \u00e9tait extraordinaire, parce que c\u2019\u00e9tait une femme qui domptait la brutalit\u00e9, qui prenait la carabine, de telle sorte que son art peut \u00eatre consid\u00e9r\u00e9 comme un art proto-f\u00e9ministe.\u00a0\u00bb Plus largement, cette \u00ab\u00a0col\u00e8re contemporaine\u00a0\u00bb, comme le dit Philippe Azoury, \u00e9tait \u00ab\u00a0une col\u00e8re de consommation, une col\u00e8re de cause politique.\u00a0\u00bb<\/p>\n<p> La mythologie de Niki de Saint Phalle<\/p>\n<p class=\"PopSlotParagraph qg-tx2 qg-xtra-lh svelte-1r0pyek\">L\u2019artiste franco-am\u00e9ricaine Niki de Saint Phalle (1930-2002) a, tout au long de sa carri\u00e8re, peupl\u00e9 ses \u0153uvres d\u2019animaux et de cr\u00e9atures fac\u00e9tieuses. Les Nanas restent l\u2019embl\u00e8me de Niki de Saint Phalle, cependant son bestiaire fascine, car il m\u00eale symboles, \u00e9sot\u00e9risme et r\u00e9cit autobiographique.\u00a0Animaux, monstres ou hybrides, ses personnages rel\u00e8vent souvent de la mythologie et tendent \u00e0 une double signification.<\/p>\n<p>  <img decoding=\"async\" class=\"Image-preview  svelte-1b9cmvl\" data-testid=\"image-preview\" src=\"data:image\/jpeg;charset=utf-8;base64, \/9j\/2wBDACgcHiMeGSgjISMtKygwPGRBPDc3PHtYXUlkkYCZlo+AjIqgtObDoKrarYqMyP\/L2u71\/\/\/\/m8H\/\/\/\/6\/+b9\/\/j\/2wBDASstLTw1PHZBQXb4pYyl+Pj4+Pj4+Pj4+Pj4+Pj4+Pj4+Pj4+Pj4+Pj4+Pj4+Pj4+Pj4+Pj4+Pj4+Pj4+Pj4+Pj\/wAARCAAbACoDASIAAhEBAxEB\/8QAFwABAQEBAAAAAAAAAAAAAAAAAQACBf\/EABYQAQEBAAAAAAAAAAAAAAAAAAARAf\/EABUBAQEAAAAAAAAAAAAAAAAAAAAB\/8QAFBEBAAAAAAAAAAAAAAAAAAAAAP\/aAAwDAQACEQMRAD8A5GYYsIqihIMQRvWRFhrKBqmsoDuhAH\/\/2Q==\" alt=\"\" aria-hidden=\"false\"\/>     <img decoding=\"async\" src=\"https:\/\/www.europesays.com\/fr\/wp-content\/uploads\/2025\/08\/860_sc_capture-d-ecran-2025-08-21-153929.jpg\" loading=\"lazy\" fetchpriority=\"low\" width=\"860\" height=\"563\" class=\"Image-main  svelte-1b9cmvl rounded\" data-testid=\"image-src\" alt=\"Niki de Saint Phalle, &quot;Last Night I Had a Dream&quot;, 1968-1988, plusieurs pi\u00e8ces en polyester peint, dimensions diverses, Niki Charitable Art Foundation\" aria-hidden=\"false\" onload=\"this.__e=event\" onerror=\"this.__e=event\"\/> Niki de Saint Phalle, \u00ab\u00a0Last Night I Had a Dream\u00a0\u00bb, 1968-1988, plusieurs pi\u00e8ces en polyester peint, dimensions diverses, Niki Charitable Art Foundation  &#8211; \u00a9 2025 Niki Charitable Art Foundation \/ Adagp, Paris; Photo: \u00a9 2025 NIKI CHARITABLE ART FOUNDATION, tous droits r\u00e9serv\u00e9s <\/p>\n<p class=\"PopSlotParagraph qg-tx2 qg-xtra-lh svelte-1r0pyek\">L&rsquo;exposition Le bestiaire magique au Centre d&rsquo;art Caumont \u00e0 Aix-en-Provence\u00a0met en lumi\u00e8re l\u2019influence exerc\u00e9e par les animaux et les cr\u00e9atures imaginaires sur l\u2019artiste tout au long de sa vie. \u00c0 travers ce th\u00e8me encore jamais abord\u00e9, l\u2019exposition montre comment son \u0153uvre, tout au long de sa carri\u00e8re, est peupl\u00e9e d\u2019un bestiaire magique fascinant, ancr\u00e9e dans l&rsquo;h\u00e9ritage du surr\u00e9alisme.<\/p>\n<p>  <img decoding=\"async\" class=\"Image-preview  svelte-1b9cmvl\" data-testid=\"image-preview\" src=\"data:image\/jpeg;charset=utf-8;base64, \/9j\/2wBDACgcHiMeGSgjISMtKygwPGRBPDc3PHtYXUlkkYCZlo+AjIqgtObDoKrarYqMyP\/L2u71\/\/\/\/m8H\/\/\/\/6\/+b9\/\/j\/2wBDASstLTw1PHZBQXb4pYyl+Pj4+Pj4+Pj4+Pj4+Pj4+Pj4+Pj4+Pj4+Pj4+Pj4+Pj4+Pj4+Pj4+Pj4+Pj4+Pj4+Pj\/wAARCAAfACoDASIAAhEBAxEB\/8QAGAABAQEBAQAAAAAAAAAAAAAAAgMBBAX\/xAAXEAEBAQEAAAAAAAAAAAAAAAAAAQIR\/8QAFgEBAQEAAAAAAAAAAAAAAAAAAQIA\/8QAFhEBAQEAAAAAAAAAAAAAAAAAAAER\/9oADAMBAAIRAxEAPwD07Rumaqd0CrNHNOaaUzpji8rQzS6UufVS0poLEqg9PNDh5jFXNPqcb0pf\/9k=\" alt=\"\" aria-hidden=\"false\"\/>     <img decoding=\"async\" src=\"https:\/\/www.europesays.com\/fr\/wp-content\/uploads\/2025\/08\/860_sc_capture-d-ecran-2025-08-21-153851.jpg\" loading=\"lazy\" fetchpriority=\"low\" width=\"860\" height=\"640\" class=\"Image-main  svelte-1b9cmvl rounded\" data-testid=\"image-src\" alt=\"Niki de Saint-Phalle, &quot;Le Dragon Rouge&quot;, 1964 Assemblage de pl\u00e2tre, grillage, tissu, peinture a\u00e9rosol, ficelle, cheveux et figurines en plastique, 87 \u00d7 132 \u00d7 58 cm, courtesy galerie Georges-Philippe et Nathalie Vallois\" aria-hidden=\"false\" onload=\"this.__e=event\" onerror=\"this.__e=event\"\/> Niki de Saint-Phalle, \u00ab\u00a0Le Dragon Rouge\u00a0\u00bb, 1964 Assemblage de pl\u00e2tre, grillage, tissu, peinture a\u00e9rosol, ficelle, cheveux et figurines en plastique, 87 \u00d7 132 \u00d7 58 cm, courtesy galerie Georges-Philippe et Nathalie Vallois  &#8211; \u00a9 2025 Niki Charitable Art Foundation \/ Adagp, Paris, Andr\u00e9 Morin photographe Niki au cin\u00e9ma<\/p>\n<p class=\"PopSlotParagraph qg-tx2 qg-xtra-lh svelte-1r0pyek\">Pour son premier long m\u00e9trage, l&rsquo;actrice et r\u00e9alisatrice C\u00e9line Sallette s&rsquo;est pench\u00e9e sur la figure mythique de Niki de Saint Phalle. Niki s\u2019attache aux ann\u00e9es qui suivent l\u2019arriv\u00e9e de l\u2019artiste en France, dans les ann\u00e9es 1950, alors qu\u2019elle vit avec son premier \u00e9poux. Sur une d\u00e9cennie, le r\u00e9cit retrace la naissance d\u2019une vocation et l\u2019\u00e9mancipation d\u2019une femme, depuis ses premiers pas dans les cercles d\u2019avant-garde jusqu\u2019\u00e0 sa rencontre avec Jean Tinguely, avec qui elle partagera sa vie et son art. Un \u00ab\u00a0exemple\u00a0\u00bb, selon C\u00e9line Sallette.<\/p>\n<p class=\"PopSlotParagraph qg-tx2 qg-xtra-lh svelte-1r0pyek\">Le film s&rsquo;appuie sur l&rsquo;autobiographie qu&rsquo;elle \u00e9crit qui s&rsquo;appelle Harry et moi les ann\u00e9es de famille, un \u00ab\u00a0parcours h\u00e9ro\u00efque dans sa d\u00e9couverte de l&rsquo;inceste, dans sa r\u00e9silience, dans ses choix.\u00a0\u00bb L&rsquo;art de la plasticienne est impr\u00e9gn\u00e9 de cet \u00e9v\u00e9nement, ce que le film illustre\u00a0: \u00ab\u00a0elle passe du silence au cri, au cri de r\u00e9volte, au cri de rage\u00a0\u00bb, explique C\u00e9line Sallette.<\/p>\n<p>  <img decoding=\"async\" class=\"Image-preview  svelte-1b9cmvl\" data-testid=\"image-preview\" src=\"data:image\/jpeg;charset=utf-8;base64, \/9j\/2wBDACgcHiMeGSgjISMtKygwPGRBPDc3PHtYXUlkkYCZlo+AjIqgtObDoKrarYqMyP\/L2u71\/\/\/\/m8H\/\/\/\/6\/+b9\/\/j\/2wBDASstLTw1PHZBQXb4pYyl+Pj4+Pj4+Pj4+Pj4+Pj4+Pj4+Pj4+Pj4+Pj4+Pj4+Pj4+Pj4+Pj4+Pj4+Pj4+Pj4+Pj\/wAARCAAbACoDASIAAhEBAxEB\/8QAGAABAQEBAQAAAAAAAAAAAAAAAQACAwT\/xAAWEAEBAQAAAAAAAAAAAAAAAAAAEQH\/xAAWAQEBAQAAAAAAAAAAAAAAAAAAAQL\/xAAUEQEAAAAAAAAAAAAAAAAAAAAA\/9oADAMBAAIRAxEAPwDxZprnTUabqYpzQKKQckQoTjJBqmsoH\/\/Z\" alt=\"\" aria-hidden=\"false\"\/>     <img decoding=\"async\" src=\"https:\/\/www.europesays.com\/fr\/wp-content\/uploads\/2025\/08\/860_sc_niki.jpg\" loading=\"lazy\" fetchpriority=\"low\" width=\"860\" height=\"560\" class=\"Image-main  svelte-1b9cmvl rounded\" data-testid=\"image-src\" alt=\"Niki de Saint Phalle et Jean Tinguely par Charlotte le Bon et Damien Bonnard, dans le film &quot;Niki&quot; de C\u00e9line Sallette\" aria-hidden=\"false\" onload=\"this.__e=event\" onerror=\"this.__e=event\"\/> Niki de Saint Phalle et Jean Tinguely par Charlotte le Bon et Damien Bonnard, dans le film \u00ab\u00a0Niki\u00a0\u00bb de C\u00e9line Sallette  &#8211; Copyright Wild Bunch <\/p>\n<p class=\"PopSlotParagraph qg-tx2 qg-xtra-lh svelte-1r0pyek\">Si elle a entam\u00e9 une carri\u00e8re d&rsquo;actrice avant de se lancer dans l&rsquo;art, Niki de Saint Phalle est aussi pass\u00e9e de l&rsquo;autre c\u00f4t\u00e9 de la cam\u00e9ra.\u00a0Trois ans apr\u00e8s Daddy,\u00a0sc\u00e9nario qu\u2019elle \u00e9crit, mais dont la mise en sc\u00e8ne est confi\u00e9e \u00e0 Peter Whitehead, Niki de Saint Phalle r\u00e9alise Un r\u00eave plus long que la nuit, \u0153uvre totale. Elle y dirige sa propre fille, transform\u00e9e en une Alice moderne, \u00e9gar\u00e9e non pas au pays des merveilles, mais dans celui des grandes personnes et du patriarcat. Devenue adulte par enchantement, Cam\u00e9lia traverse un univers \u00e0 la fois fantastique et cauchemardesque, dans des d\u00e9cors foisonnants imagin\u00e9s par Saint Phalle et Jean Tinguely.<\/p>\n<p class=\"PopSlotParagraph qg-tx2 qg-xtra-lh svelte-1r0pyek\">Un film \u00ab\u00a0incroyablement singulier\u00a0\u00bb\u00a0et \u00ab\u00a0en dehors des r\u00e8gles du bon go\u00fbt et du mauvais go\u00fbt\u00a0\u00bb, selon Philippe Azoury qui illustre l&rsquo;\u00e9mancipation de l&rsquo;artiste et son affirmation.<\/p>\n<p class=\"PopSlotParagraph qg-tx2 qg-xtra-lh svelte-1r0pyek\"><strong>Plus d&rsquo;infos &amp; d&rsquo;actualit\u00e9s<\/strong><\/p>\n<ul>\n<li>Exposition\u00a0Le bestiaire magique au Centre d\u2019art Caumont \u00e0 Aix-en-Provence, commissaire\u00a0: Lucia Pesapane, visible jusqu\u2019au 5 octobre<\/li>\n<li>Exposition Niki de Saint Phalle, Jean Tinguely, Pontus Hulten au Grand Palais \u00e0 Paris, coproduite par le Centre Pompidou et le GrandPalaisRmn, commissaire\u00a0: Sophie Duplaix,\u00a0visible jusqu\u2019au 4 janvier 2026<\/li>\n<li>Niki de Saint Phalle, Pourquoi t&rsquo;es connue\u00a0?\u00a0livre pour enfant\u00a0de Viencent Brocvielle,\u00a0GrandPalaisRmn\u00c9ditions<\/li>\n<\/ul>\n<p>R\u00e9f\u00e9rences<\/p>\n<ul>\n<li>Le film Un R\u00eave plus long que la nuit de Niki de Saint Phalle de 1976 ressorti au cin\u00e9ma en juin 2025<\/li>\n<\/ul>\n<p>Extraits sonores<\/p>\n<ul>\n<li>Extrait du film Un r\u00eave plus long que la nuit, de Niki de Saint Phalle [1976], 2025<\/li>\n<li>Extrait du film Niki, de C\u00e9line Sallette, 2024<\/li>\n<li>\u00ab\u00a0Screw, Blast, Blow\u00a0\u00bb, par Burning lady, 2013<\/li>\n<\/ul>\n<p>Archives<\/p>\n<ul>\n<li>Niki de Saint Phalle sur sa relation avec Jean Tinguely,\u00a0archives d\u2019Albane Penaranda pour les Nuits de France Culture en mai 2022<\/li>\n<li>Niki de Saint Phalle sur les raisons qui l\u2019ont conduite \u00e0 faire du cin\u00e9ma, janvier 1977,\u00a0archives d\u2019Albane Penaranda pour les Nuits de France Culture en mai 2022<\/li>\n<\/ul>\n","protected":false},"excerpt":{"rendered":"Niki de Saint Phalle\u00a0est une artiste plasticienne, peintre, sculptrice et r\u00e9alisatrice. Elle est une figure majeure de l&rsquo;avant-garde&hellip;\n","protected":false},"author":2,"featured_media":336589,"comment_status":"","ping_status":"","sticky":false,"template":"","format":"standard","meta":{"footnotes":""},"categories":[1358],"tags":[1348,1384,1385,1386,58,59,1011,27],"class_list":{"0":"post-336588","1":"post","2":"type-post","3":"status-publish","4":"format-standard","5":"has-post-thumbnail","7":"category-arts-et-design","8":"tag-arts","9":"tag-arts-and-design","10":"tag-arts-et-design","11":"tag-design","12":"tag-divertissement","13":"tag-entertainment","14":"tag-fr","15":"tag-france"},"share_on_mastodon":{"url":"https:\/\/pubeurope.com\/@fr\/115073451743221181","error":""},"_links":{"self":[{"href":"https:\/\/www.europesays.com\/fr\/wp-json\/wp\/v2\/posts\/336588","targetHints":{"allow":["GET"]}}],"collection":[{"href":"https:\/\/www.europesays.com\/fr\/wp-json\/wp\/v2\/posts"}],"about":[{"href":"https:\/\/www.europesays.com\/fr\/wp-json\/wp\/v2\/types\/post"}],"author":[{"embeddable":true,"href":"https:\/\/www.europesays.com\/fr\/wp-json\/wp\/v2\/users\/2"}],"replies":[{"embeddable":true,"href":"https:\/\/www.europesays.com\/fr\/wp-json\/wp\/v2\/comments?post=336588"}],"version-history":[{"count":0,"href":"https:\/\/www.europesays.com\/fr\/wp-json\/wp\/v2\/posts\/336588\/revisions"}],"wp:featuredmedia":[{"embeddable":true,"href":"https:\/\/www.europesays.com\/fr\/wp-json\/wp\/v2\/media\/336589"}],"wp:attachment":[{"href":"https:\/\/www.europesays.com\/fr\/wp-json\/wp\/v2\/media?parent=336588"}],"wp:term":[{"taxonomy":"category","embeddable":true,"href":"https:\/\/www.europesays.com\/fr\/wp-json\/wp\/v2\/categories?post=336588"},{"taxonomy":"post_tag","embeddable":true,"href":"https:\/\/www.europesays.com\/fr\/wp-json\/wp\/v2\/tags?post=336588"}],"curies":[{"name":"wp","href":"https:\/\/api.w.org\/{rel}","templated":true}]}}