{"id":336600,"date":"2025-08-22T16:56:11","date_gmt":"2025-08-22T16:56:11","guid":{"rendered":"https:\/\/www.europesays.com\/fr\/336600\/"},"modified":"2025-08-22T16:56:11","modified_gmt":"2025-08-22T16:56:11","slug":"un-groupe-decime-a-la-veille-de-recevoir-le-paris-fc","status":"publish","type":"post","link":"https:\/\/www.europesays.com\/fr\/336600\/","title":{"rendered":"un groupe d\u00e9cim\u00e9 \u00e0 la veille de recevoir le Paris FC"},"content":{"rendered":"<p>Difficile de retrouver le moral en pensant, ces derniers temps, \u00e0 l\u2019OM. Les mauvaises nouvelles volent en escadrille au-dessus de La Commanderie. Quelques heures apr\u00e8s le traditionnel point presse d\u2019avant-match, qui a permis \u00e0 Roberto De Zerbi de donner sa version de l\u2019affaire Rabiot, l\u2019entra\u00eeneur marseillais a d\u00fb diriger une s\u00e9ance devant un effectif grandement amoindri.<\/p>\n<p>Des jeunes appel\u00e9s \u00e0 la rescousse<\/p>\n<p><a href=\"https:\/\/www.laprovence.com\/article\/om\/46656911509987\/om-paris-fc-sur-quelle-chaine-et-a-quelle-heure-voir-le-match\" target=\"_blank\" rel=\"nofollow noopener\">Alors que la r\u00e9ception du Paris FC approche \u00e0 grands pas, ce samedi apr\u00e8s-midi (coup d\u2019envoi \u00e0 17h),<\/a> le technicien italien va devoir faire sans plusieurs de ses potentiels titulaires.<\/p>\n<p>En premier lieu Adrien Rabiot et Jonathan Rowe, d\u00e9finitivement \u00e9cart\u00e9s du groupe professionnel et <a href=\"https:\/\/www.laprovence.com\/article\/om\/1999590254497814\/om-denouement-imminent-dans-le-transfert-de-jonathan-rowe-a-bologne\" target=\"_blank\" rel=\"nofollow noopener\">m\u00eame sur le point de s\u2019engager \u00e0 Bologne pour le second nomm\u00e9<\/a>, mais aussi Facundo Medina, Geoffrey Kondogbia et Amine Harit, qui n\u2019ont pas particip\u00e9 \u00e0 la s\u00e9ance. L\u2019Argentin (cheville) et l\u2019international centrafricain sont d\u2019ores et d\u00e9j\u00e0 forfaits, tandis que l\u2019ancien Canari est tr\u00e8s incertain.<\/p>\n<p>Pour renforcer son groupe, De Zerbi et son staff ont d\u00fb faire appel \u00e0 plusieurs \u00e9l\u00e9ments de l\u2019\u00e9quipe Pro2 (Trigano, Camara, Cl\u00e9ment, Bienck) outre les jeunes bien implant\u00e9s dans son groupe, Robinio Vaz, Darryl Bakola et Keyliane Abdallah.<\/p>\n","protected":false},"excerpt":{"rendered":"Difficile de retrouver le moral en pensant, ces derniers temps, \u00e0 l\u2019OM. Les mauvaises nouvelles volent en escadrille&hellip;\n","protected":false},"author":2,"featured_media":336601,"comment_status":"","ping_status":"","sticky":false,"template":"","format":"standard","meta":{"footnotes":""},"categories":[9],"tags":[17,47318,1011,27,2705,149,626,47319,60,6077],"class_list":{"0":"post-336600","1":"post","2":"type-post","3":"status-publish","4":"format-standard","5":"has-post-thumbnail","7":"category-sports","8":"tag-17","9":"tag-decime","10":"tag-fr","11":"tag-france","12":"tag-groupe","13":"tag-om","14":"tag-paris","15":"tag-recevoir","16":"tag-sports","17":"tag-veille"},"share_on_mastodon":{"url":"https:\/\/pubeurope.com\/@fr\/115073475233451770","error":""},"_links":{"self":[{"href":"https:\/\/www.europesays.com\/fr\/wp-json\/wp\/v2\/posts\/336600","targetHints":{"allow":["GET"]}}],"collection":[{"href":"https:\/\/www.europesays.com\/fr\/wp-json\/wp\/v2\/posts"}],"about":[{"href":"https:\/\/www.europesays.com\/fr\/wp-json\/wp\/v2\/types\/post"}],"author":[{"embeddable":true,"href":"https:\/\/www.europesays.com\/fr\/wp-json\/wp\/v2\/users\/2"}],"replies":[{"embeddable":true,"href":"https:\/\/www.europesays.com\/fr\/wp-json\/wp\/v2\/comments?post=336600"}],"version-history":[{"count":0,"href":"https:\/\/www.europesays.com\/fr\/wp-json\/wp\/v2\/posts\/336600\/revisions"}],"wp:featuredmedia":[{"embeddable":true,"href":"https:\/\/www.europesays.com\/fr\/wp-json\/wp\/v2\/media\/336601"}],"wp:attachment":[{"href":"https:\/\/www.europesays.com\/fr\/wp-json\/wp\/v2\/media?parent=336600"}],"wp:term":[{"taxonomy":"category","embeddable":true,"href":"https:\/\/www.europesays.com\/fr\/wp-json\/wp\/v2\/categories?post=336600"},{"taxonomy":"post_tag","embeddable":true,"href":"https:\/\/www.europesays.com\/fr\/wp-json\/wp\/v2\/tags?post=336600"}],"curies":[{"name":"wp","href":"https:\/\/api.w.org\/{rel}","templated":true}]}}