{"id":336606,"date":"2025-08-22T16:59:11","date_gmt":"2025-08-22T16:59:11","guid":{"rendered":"https:\/\/www.europesays.com\/fr\/336606\/"},"modified":"2025-08-22T16:59:11","modified_gmt":"2025-08-22T16:59:11","slug":"jerome-powell-ouvre-la-porte-a-une-baisse-des-taux-et-defend-lindependance-de-la-fed-dans-son-dernier-discours-a-jackson-hole","status":"publish","type":"post","link":"https:\/\/www.europesays.com\/fr\/336606\/","title":{"rendered":"Jerome Powell ouvre la porte \u00e0 une baisse des taux et d\u00e9fend l\u2019ind\u00e9pendance de la Fed dans son dernier discours \u00e0 Jackson Hole"},"content":{"rendered":"<p>                         <img loading=\"lazy\" decoding=\"async\" src=\"https:\/\/www.europesays.com\/fr\/wp-content\/uploads\/2025\/08\/18546f8_ftp-import-images-1-yrpmzbr8fjpz-2025-08-22t005118z-1648934134-rc20cgauxpey-rtrmadp-3-usa-fe.jpeg\" alt=\"Le pr\u00e9sident de la R\u00e9serve f\u00e9d\u00e9rale, Jerome Powell, au symposium \u00e9conomique 2025 \u00e0 Jackson Hole (Wyoming, \u00c9tats-Unis), le 21\u00a0ao\u00fbt\u00a02025.\"   width=\"664\" height=\"443\"\/>    Le pr\u00e9sident de la R\u00e9serve f\u00e9d\u00e9rale, Jerome Powell, au symposium \u00e9conomique 2025 \u00e0 Jackson Hole (Wyoming, \u00c9tats-Unis), le 21\u00a0ao\u00fbt\u00a02025.  JIM URQUHART \/ REUTERS                 <\/p>\n<p class=\"article__paragraph  \">Les march\u00e9s attendaient un signal de la part du pr\u00e9sident de la banque centrale des Etats-Unis, et ils l\u2019ont obtenu. \u00ab\u00a0La balance des risques semble \u00eatre en train de bouger\u00a0\u00bb, a expliqu\u00e9 Jerome Powell, vendredi 22\u00a0ao\u00fbt, en introduction de son discours \u00e0 Jackson Hole (Wyoming), pour l\u2019ouverture du \u00ab\u00a0symposium\u00a0\u00bb annuel de la R\u00e9serve f\u00e9d\u00e9rale des Etats-Unis (Fed). Une phrase interpr\u00e9t\u00e9e comme la confirmation du fait que la tendance actuelle est plut\u00f4t \u00e0 une baisse des taux directeurs lors de la prochaine r\u00e9union, \u00e0 la mi-septembre. Wall Street a salu\u00e9 le geste, vendredi matin, les principaux indices boursiers partant imm\u00e9diatement \u00e0 la hausse.<\/p>\n<p>   Lire plus tard  <\/p>\n<p class=\"article__paragraph  \">Apr\u00e8s avoir d\u00e9fendu sa politique mon\u00e9taire prudente des derniers mois, le pr\u00e9sident de l\u2019institution a en effet davantage insist\u00e9 sur <a href=\"https:\/\/www.lemonde.fr\/economie\/article\/2025\/08\/01\/aux-etats-unis-l-emploi-cale-et-deprime-wall-street-un-signal-d-alarme-pour-plusieurs-economistes_6626100_3234.html\" rel=\"nofollow noopener\" target=\"_blank\">le ralentissement de la croissance et du march\u00e9 du travail<\/a>. Les chiffres de cr\u00e9ation d\u2019emploi ne sont pas bons, tandis que dans le m\u00eame temps, le nombre de ch\u00f4meurs n\u2019a pas fortement augment\u00e9 en raison de la baisse drastique de l\u2019immigration. \u00ab\u00a0Un curieux \u00e9quilibre\u00a0\u00bb, selon lui\u00a0: \u00ab\u00a0Cette situation inhabituelle sugg\u00e8re que les risques de d\u00e9gradation de l\u2019emploi augmentent. Et si ces risques se mat\u00e9rialisent, ils peuvent se manifester rapidement sous la forme d\u2019une forte hausse des licenciements et du ch\u00f4mage.\u00a0\u00bb<\/p>\n<p class=\"reading-mode-only \"><strong>Il vous reste 69.75% de cet article \u00e0 lire. La suite est r\u00e9serv\u00e9e aux abonn\u00e9s.<\/strong><\/p>\n","protected":false},"excerpt":{"rendered":"Le pr\u00e9sident de la R\u00e9serve f\u00e9d\u00e9rale, Jerome Powell, au symposium \u00e9conomique 2025 \u00e0 Jackson Hole (Wyoming, \u00c9tats-Unis), le&hellip;\n","protected":false},"author":2,"featured_media":336607,"comment_status":"","ping_status":"","sticky":false,"template":"","format":"standard","meta":{"footnotes":""},"categories":[6],"tags":[35,33,34,1011,27],"class_list":{"0":"post-336606","1":"post","2":"type-post","3":"status-publish","4":"format-standard","5":"has-post-thumbnail","7":"category-economie","8":"tag-business","9":"tag-economie","10":"tag-economy","11":"tag-fr","12":"tag-france"},"share_on_mastodon":{"url":"https:\/\/pubeurope.com\/@fr\/115073486968635285","error":""},"_links":{"self":[{"href":"https:\/\/www.europesays.com\/fr\/wp-json\/wp\/v2\/posts\/336606","targetHints":{"allow":["GET"]}}],"collection":[{"href":"https:\/\/www.europesays.com\/fr\/wp-json\/wp\/v2\/posts"}],"about":[{"href":"https:\/\/www.europesays.com\/fr\/wp-json\/wp\/v2\/types\/post"}],"author":[{"embeddable":true,"href":"https:\/\/www.europesays.com\/fr\/wp-json\/wp\/v2\/users\/2"}],"replies":[{"embeddable":true,"href":"https:\/\/www.europesays.com\/fr\/wp-json\/wp\/v2\/comments?post=336606"}],"version-history":[{"count":0,"href":"https:\/\/www.europesays.com\/fr\/wp-json\/wp\/v2\/posts\/336606\/revisions"}],"wp:featuredmedia":[{"embeddable":true,"href":"https:\/\/www.europesays.com\/fr\/wp-json\/wp\/v2\/media\/336607"}],"wp:attachment":[{"href":"https:\/\/www.europesays.com\/fr\/wp-json\/wp\/v2\/media?parent=336606"}],"wp:term":[{"taxonomy":"category","embeddable":true,"href":"https:\/\/www.europesays.com\/fr\/wp-json\/wp\/v2\/categories?post=336606"},{"taxonomy":"post_tag","embeddable":true,"href":"https:\/\/www.europesays.com\/fr\/wp-json\/wp\/v2\/tags?post=336606"}],"curies":[{"name":"wp","href":"https:\/\/api.w.org\/{rel}","templated":true}]}}