{"id":336608,"date":"2025-08-22T17:00:12","date_gmt":"2025-08-22T17:00:12","guid":{"rendered":"https:\/\/www.europesays.com\/fr\/336608\/"},"modified":"2025-08-22T17:00:12","modified_gmt":"2025-08-22T17:00:12","slug":"perdu-pendant-six-jours-dans-un-parc-national-en-norvege-il-a-survecu-en-buvant-son-urine-ouest-france","status":"publish","type":"post","link":"https:\/\/www.europesays.com\/fr\/336608\/","title":{"rendered":"Perdu pendant six jours dans un parc national en Norv\u00e8ge, il a surv\u00e9cu en buvant son urine &#8211; Ouest-France"},"content":{"rendered":"<ol>\n<li><a href=\"https:\/\/news.google.com\/rss\/articles\/CBMi_gFBVV95cUxOelhpeUtMR29aQUtISFRCYVVIM0VLU3lVa0RwS3haZGtJTWZEUV9vdl9TVHFYT2lEeXZOVlozZ2RkejZOc1hyS3NTZmd4Rko4WXlrcDM4azZET3VDOGxpWmNfLWlJeV9mV2ZDYV9aVGpCU2N5dEpkU2NUZmlFc0NJMFBXRV9DNEY4aDZTS1F5cGE3N1NjbVY1Nmk5YWdhaENWY2FyV0FCRTI5a3dBN3lNeWQ2dC1ONmJZZWpodjNZdjd4WDFSZE1TVHhNT29LR2xTVDRyTkRwSFZscndSZFh2LVI5V3dtaHlkSUVLZUszMGsyMHlPYXEwdnVkQWN6dw?oc=5\" target=\"_blank\" rel=\"nofollow noopener\">Perdu pendant six jours dans un parc national en Norv\u00e8ge, il a surv\u00e9cu en buvant son urine<\/a>&nbsp;&nbsp;Ouest-France<\/li>\n<li><a href=\"https:\/\/news.google.com\/rss\/articles\/CBMi9gFBVV95cUxNdm1URDdyUlNpUnM4WjJZSk9WNTFNZUJCc2U1bmNQaDBScVpIZE1DQzNkblh6MlZzdXpaR3NrLTRMM1dsd1RTTW4zbFU1dmwzWmg4QVpmeDIyc3J2MnA0SE5yUGdQVFdVaXo2MFNSajYzREhscDlJaGxSS2k1WDFOako5SlZWY0wtMUViRGVkTENQVXM1bTFtUnowenJVNEJvcGFRQlRweVlNemZtbk41RjI3ZlhkVWdvUjhzUzM1a1JCd0dnZWRkU2dBdHBvZWdKQXpvS1VZYmU1RkZpQ2lDQ0dNMXdqUWhkajJ5NWRuNEJVSnpaSFE?oc=5\" target=\"_blank\" rel=\"nofollow noopener\">Coinc\u00e9 sans eau ni t\u00e9l\u00e9phone apr\u00e8s avoir d\u00e9val\u00e9 un glacier, un randonneur prend une d\u00e9cision radicale pour survivre<\/a>&nbsp;&nbsp;Midi Libre<\/li>\n<li><a href=\"https:\/\/news.google.com\/rss\/articles\/CBMiuwFBVV95cUxNblBYOGY5MTBXMHBWOUpJRkYtSjJsS21iczYyVFFoNnN1VHFJYjFOSDZOTnZlckJfdDRuY2pJQjM0alU2a3lxNFZObFZ2V3FzcEJMZi1ORm5nT2prSzdCTm9RWEZXc0E0clNmOGxMNm94VjBsMUozX3JZTlhfYnpfYWRFazE1bUxiZjVuUDNlRW1NT2xBYUZETW1WNGVVRE5ZTWRRT2tMTmNjNXJsU0xCOXJ6QlUtS3FIRVNJ0gHAAUFVX3lxTFBOYXFVdFBqWm5qRXhBNzY2Z0p2SjNIczlDdW9tRUlJTVZDOEVsSlRITWtsZkY5RHpHWjVzYzhoVG9IVXFGaWdaUVg5dExNUnZqR0lCM1ZRallDWk9kcDlmc0ptUTJnS3hJUVR5SEJieXA1ZXh6SW5CZVJtNHpoOXpBeTd0bnVXZ3VJcWxVMmlFZlhIVkNEM1dFOFE2am05N3JYRFdsSHMxRzFaczdRVFc5M2s1VEhlTEdPaDR2V3dmbg?oc=5\" target=\"_blank\" rel=\"nofollow noopener\">Norv\u00e8ge : affam\u00e9 et d\u00e9shydrat\u00e9, un randonneur am\u00e9ricain boit son urine pour survivre apr\u00e8s une chute<\/a>&nbsp;&nbsp;CNews<\/li>\n<li><a href=\"https:\/\/news.google.com\/rss\/articles\/CBMi-gFBVV95cUxNbHVPS1dyVm41bm9aZXR2ZVhsbnRnWjRHb3FUYzhSdUFPN3pPNExRZDViTEh3ZWZ3TDNXRmZKN2JWT2VzS0ZVQzFxallTSzVLTjgzY2dUYzhLQ18tQWZaUExzMDFkMy1pQ0tWNXN3NEJncGpINXZLVi10aUpGME5JaXdLYXJtbzJUVkN5SlgzSk1JNFdQM3UtdlEtWERMTHJNX0ZxM3kyM0drNGxKNnhvY01mLWhRV1U5cXRORFZZOHdjTjdMNEsxTU9seTR3azRzcHNtLXByNVZsRGtMazlRVVU5LTJQR3pmMlJlMjRWMGhORlV4Q2NXN01R?oc=5\" target=\"_blank\" rel=\"nofollow noopener\">\u00ab\u00a0J\u2019ai bu mon urine\u00a0\u00bb: un randonneur a surv\u00e9cu six jours dans la nature apr\u00e8s une chute d&rsquo;une falaise escarp\u00e9e en Norv\u00e8ge<\/a>&nbsp;&nbsp;TF1 Info<\/li>\n<li><a href=\"https:\/\/news.google.com\/rss\/articles\/CBMijgJBVV95cUxQcnZrNW9XTTZQanZJTHJOc1hRUHBKdkJ5MVZlM2ZDTUhXOEY1bGpuYzdpakk0bGZwa0xIMkxFNEFHdjl5dkprRWFWR090cXd0THU3b0NZWEN6bTZlUmNWdFZHX0RBWnNxVndOWFoyZjhBUnM3ZlF6T3lrVlFLeFJWZjdnb2hBb3JiMHh0QmlxcGxubUs3ZEl1NTNzNUdmRHcxSDQ4NmxMa3RYX1lubzNQZjlmc19nQVBpeml0VFhDcnlibzVIUUNjNkVrUVBfTUdjaXBkZVhPNm5jQ21heHpMUzBnNGRXUVhLU1J2MFhtM1RhUnBHakZrMWprSHNaeGJsY3A1T3lmck9yRUliTVE?oc=5\" target=\"_blank\" rel=\"nofollow noopener\">\u00ab J\u2019ai bu mon urine \u00bb : un randonneur raconte comment il a surv\u00e9cu six jours dans la nature apr\u00e8s une chute<\/a>&nbsp;&nbsp;Le Parisien<\/li>\n<\/ol>\n","protected":false},"excerpt":{"rendered":"Perdu pendant six jours dans un parc national en Norv\u00e8ge, il a surv\u00e9cu en buvant son urine&nbsp;&nbsp;Ouest-France Coinc\u00e9&hellip;\n","protected":false},"author":2,"featured_media":1445,"comment_status":"","ping_status":"","sticky":false,"template":"","format":"standard","meta":{"footnotes":""},"categories":[5],"tags":[11,1011,27,14,12,28],"class_list":{"0":"post-336608","1":"post","2":"type-post","3":"status-publish","4":"format-standard","5":"has-post-thumbnail","7":"category-international","8":"tag-actualites","9":"tag-fr","10":"tag-france","11":"tag-international","12":"tag-news","13":"tag-world"},"share_on_mastodon":{"url":"https:\/\/pubeurope.com\/@fr\/115073490835712208","error":""},"_links":{"self":[{"href":"https:\/\/www.europesays.com\/fr\/wp-json\/wp\/v2\/posts\/336608","targetHints":{"allow":["GET"]}}],"collection":[{"href":"https:\/\/www.europesays.com\/fr\/wp-json\/wp\/v2\/posts"}],"about":[{"href":"https:\/\/www.europesays.com\/fr\/wp-json\/wp\/v2\/types\/post"}],"author":[{"embeddable":true,"href":"https:\/\/www.europesays.com\/fr\/wp-json\/wp\/v2\/users\/2"}],"replies":[{"embeddable":true,"href":"https:\/\/www.europesays.com\/fr\/wp-json\/wp\/v2\/comments?post=336608"}],"version-history":[{"count":0,"href":"https:\/\/www.europesays.com\/fr\/wp-json\/wp\/v2\/posts\/336608\/revisions"}],"wp:featuredmedia":[{"embeddable":true,"href":"https:\/\/www.europesays.com\/fr\/wp-json\/wp\/v2\/media\/1445"}],"wp:attachment":[{"href":"https:\/\/www.europesays.com\/fr\/wp-json\/wp\/v2\/media?parent=336608"}],"wp:term":[{"taxonomy":"category","embeddable":true,"href":"https:\/\/www.europesays.com\/fr\/wp-json\/wp\/v2\/categories?post=336608"},{"taxonomy":"post_tag","embeddable":true,"href":"https:\/\/www.europesays.com\/fr\/wp-json\/wp\/v2\/tags?post=336608"}],"curies":[{"name":"wp","href":"https:\/\/api.w.org\/{rel}","templated":true}]}}