{"id":336611,"date":"2025-08-22T17:02:11","date_gmt":"2025-08-22T17:02:11","guid":{"rendered":"https:\/\/www.europesays.com\/fr\/336611\/"},"modified":"2025-08-22T17:02:11","modified_gmt":"2025-08-22T17:02:11","slug":"la-poste-prend-une-decision-radicale-pour-ses-colis-a-cause-des-droits-de-douane-de-donald-trump","status":"publish","type":"post","link":"https:\/\/www.europesays.com\/fr\/336611\/","title":{"rendered":"La Poste prend une d\u00e9cision radicale pour ses colis \u00e0 cause des droits de douane de Donald Trump"},"content":{"rendered":"<p>        <img decoding=\"async\" loading=\"lazy\" src=\"https:\/\/www.europesays.com\/fr\/wp-content\/uploads\/2025\/08\/27d3a0a_upload-1-gbf6fs11m4pd-afp-20250803-hl-eberacassat-2844319-v1-highres-franceruralpostoffice.j.jpeg\"  width=\"728\" height=\"410\" alt=\"L\u2019annonce de La Poste suit celle de la poste allemande, qui a pris des mesures similaires en restreignant consid\u00e9rablement, \u00ab\u00a0de mani\u00e8re provisoire\u00a0\u00bb, l\u2019envoi de colis et de marchandises vers les Etats-Unis.\"\/>  <\/p>\n<p>ERIC BERACASSAT \/ Hans Lucas via AFP<\/p>\n<p>L\u2019annonce de La Poste suit celle de la poste allemande, qui a pris des mesures similaires en restreignant consid\u00e9rablement, \u00ab\u00a0de mani\u00e8re provisoire\u00a0\u00bb, l\u2019envoi de colis et de marchandises vers les Etats-Unis.<\/p>\n<p class=\"asset asset-text\">INTERNATIONAL &#8211; La guerre commerciale engag\u00e9e par le pr\u00e9sident am\u00e9ricain sur les <a href=\"https:\/\/www.huffingtonpost.fr\/international\/article\/droits-de-douane-pourquoi-vous-n-avez-pas-fini-d-en-entendre-parler-meme-apres-cette-etape-du-7-aout_253312.html\" rel=\"nofollow noopener\" target=\"_blank\">droits de douane<\/a> avec ses nombreux partenaires commerciaux a d\u00e9j\u00e0 des cons\u00e9quences bien r\u00e9elles en France. Et elles concernent l\u2019envoi de colis depuis la France vers les \u00c9tats-Unis.<\/p>\n<p class=\"asset asset-text\">Dans le cadre de<a href=\"https:\/\/www.huffingtonpost.fr\/international\/article\/droits-de-douane-donald-trump-et-ursula-von-der-leyen-ont-conclu-un-accord-commercial_253030.html\" rel=\"nofollow noopener\" target=\"_blank\"> l\u2019accord n\u00e9goci\u00e9 entre l\u2019UE et les \u00c9tats-Unis<\/a> de <a href=\"https:\/\/www.huffingtonpost.fr\/international\/video\/donald-trump-signe-le-decret-sur-les-droits-de-douane-voici-qu-il-prevoit_253169.html\" rel=\"nofollow noopener\" target=\"_blank\">Donald Trump<\/a>, un taux de droits de douane plancher de 15\u00a0% est d\u00e9sormais en vigueur sur la majorit\u00e9 des importations europ\u00e9ennes aux \u00c9tats-Unis. Y compris les colis mondiaux de marchandise d\u2019une valeur \u00e9gale ou inf\u00e9rieure \u00e0 800\u00a0dollars, auparavant exon\u00e9r\u00e9s de toute taxe douani\u00e8re. Dans ces conditions, <a href=\"https:\/\/www.huffingtonpost.fr\/economie\/article\/les-prix-du-timbre-et-des-colis-vont-augmenter-en-2026-voici-de-combien_253058.html\" rel=\"nofollow noopener\" target=\"_blank\">le groupe La Poste<\/a> a annonc\u00e9 ce vendredi 22\u00a0ao\u00fbt \u00e0 l\u2019AFP qu\u2019il allait suspendre d\u00e8s le 25\u00a0ao\u00fbt les envois de colis vers les \u00c9tats-Unis.<\/p>\n<p class=\"asset asset-text\">La Poste s\u2019est dite \u00ab\u00a0contrainte\u00a0\u00bb dans un communiqu\u00e9, \u00ab\u00a0du fait de sp\u00e9cifications et modalit\u00e9s techniques toujours incompl\u00e8tes et du d\u00e9lai extr\u00eamement court pour se pr\u00e9parer\u00a0\u00bb et ce, quelques heures apr\u00e8s des mesures similaires prises par Deutsche Post, la poste allemande. Seule exception pr\u00e9serv\u00e9e par le groupe public fran\u00e7ais \u00e0 ce stade\u00a0: les envois de cadeaux entre particuliers, d\u2019une valeur de moins de 100\u00a0euros.<\/p>\n<p class=\"asset asset-text\">De son c\u00f4t\u00e9, <a href=\"https:\/\/www.latribune.fr\/economie\/international\/colis-de-moins-de-800-dollars-pourquoi-la-nouvelle-taxe-americaine-seme-la-pagaille-en-europe-1031302.html\" target=\"_blank\" rel=\"noopener nofollow\" title=\"Nouvelle fen\u00eatre\">La Tribune<\/a> expliquait d\u00e8s jeudi que la d\u00e9cision de l\u2019administration Trump avait d\u00e9j\u00e0 fait r\u00e9agir une bonne partie du r\u00e9seau postal europ\u00e9en. Raison pour laquelle PostEurope, l\u2019association qui repr\u00e9sente le secteur au niveau europ\u00e9en, avait annonc\u00e9 que les r\u00e9seaux postaux du Vieux Continent pourraient \u00ab\u00a0restreindre ou suspendre temporairement l\u2019exp\u00e9dition\u00a0\u00bb de certains colis vers les \u00c9tats-Unis. C\u2019est d\u00e9sormais chose faite en France.<\/p>\n<p class=\"asset asset-text\">Comme le souligne le journal, ces annonces signent donc\u00a0la fin du r\u00e9gime fiscal, dit des \u00ab\u00a0minimis\u00a0\u00bb dans le jargon postal, pour les petits colis. Chronopost \u00ab\u00a0fonctionne normalement\u00a0\u00bb et ne sera donc pas impact\u00e9 par cette mesure, a toutefois pr\u00e9cis\u00e9 La Poste ce vendredi.<\/p>\n<p>    \u00ab\u00a0Surco\u00fbt financier\u00a0\u00bb    <\/p>\n<p class=\"asset asset-text\">Sign\u00e9 le 30\u00a0juillet dernier, cet accord entre les \u00c9tats-Unis et l\u2019UE sous la pression de Donald Trump est encore loin d\u2019\u00eatre clair. Ce que souligne d\u2019ailleurs La Poste dans son communiqu\u00e9. Il faut dire que le service am\u00e9ricain des douanes <a href=\"https:\/\/content.govdelivery.com\/accounts\/USDHSCBP\/bulletins\/3ee147f\" target=\"_blank\" rel=\"noopener nofollow\" title=\"Nouvelle fen\u00eatre\">a attendu vendredi 8\u00a0ao\u00fbt<\/a> pour d\u00e9tailler les modalit\u00e9s de ce nouveau syst\u00e8me. Pourtant des informations cruciales manquent encore \u00e0 l\u2019appel, expliquant ainsi la frilosit\u00e9 de La Poste \u00e0 s\u2019engager dans ce nouveau syst\u00e8me.<\/p>\n<p class=\"asset asset-text\">Dans les colonnes de La Tribune, Botond Szebeny, secr\u00e9taire g\u00e9n\u00e9ral de PostEurope, compl\u00e8te en expliquant qu\u2019en plus du flou provoqu\u00e9 par l\u2019absence de pr\u00e9cisions sur le calcul et la collecte des droits de douane, La Poste risquait de se retrouver avec un \u00ab\u00a0surco\u00fbt financier\u00a0qui n\u2019existait pas avant\u00a0\u00bb. La cause\u00a0? Les colis de biens inf\u00e9rieurs ou \u00e9gaux \u00e0 800\u00a0dollars repr\u00e9sentaient jusqu\u2019\u00e0 ce jour la majeure partie des exp\u00e9ditions de colis aux \u00c9tats-Unis (1,6\u00a0million de colis par an en moyenne), dont 80\u00a0% proviennent des entreprises et 20\u00a0% des particuliers.<\/p>\n<p class=\"asset asset-text\">En plus du r\u00e9seau postier fran\u00e7ais ou allemand, celui de la Belgique a d\u00e9cid\u00e9 de suspendre temporairement ses envois vers l\u2019Am\u00e9rique, pour les m\u00eames raisons que ces deux voisins. Une d\u00e9cision \u00e9galement prise par la poste autrichienne (Austrian Post), norv\u00e9gienne (Posten Bring), espagnole (Correos) ou celle du r\u00e9seau su\u00e9do-danois (PostNord).<\/p>\n","protected":false},"excerpt":{"rendered":"ERIC BERACASSAT \/ Hans Lucas via AFP L\u2019annonce de La Poste suit celle de la poste allemande, qui&hellip;\n","protected":false},"author":2,"featured_media":336612,"comment_status":"","ping_status":"","sticky":false,"template":"","format":"standard","meta":{"footnotes":""},"categories":[2],"tags":[11,2822,73,1011,27,14,3316,12,364],"class_list":{"0":"post-336611","1":"post","2":"type-post","3":"status-publish","4":"format-standard","5":"has-post-thumbnail","7":"category-actualites","8":"tag-actualites","9":"tag-douanes","10":"tag-etats-unis","11":"tag-fr","12":"tag-france","13":"tag-international","14":"tag-la-poste","15":"tag-news","16":"tag-union-europeenne"},"share_on_mastodon":{"url":"https:\/\/pubeurope.com\/@fr\/115073498768767490","error":""},"_links":{"self":[{"href":"https:\/\/www.europesays.com\/fr\/wp-json\/wp\/v2\/posts\/336611","targetHints":{"allow":["GET"]}}],"collection":[{"href":"https:\/\/www.europesays.com\/fr\/wp-json\/wp\/v2\/posts"}],"about":[{"href":"https:\/\/www.europesays.com\/fr\/wp-json\/wp\/v2\/types\/post"}],"author":[{"embeddable":true,"href":"https:\/\/www.europesays.com\/fr\/wp-json\/wp\/v2\/users\/2"}],"replies":[{"embeddable":true,"href":"https:\/\/www.europesays.com\/fr\/wp-json\/wp\/v2\/comments?post=336611"}],"version-history":[{"count":0,"href":"https:\/\/www.europesays.com\/fr\/wp-json\/wp\/v2\/posts\/336611\/revisions"}],"wp:featuredmedia":[{"embeddable":true,"href":"https:\/\/www.europesays.com\/fr\/wp-json\/wp\/v2\/media\/336612"}],"wp:attachment":[{"href":"https:\/\/www.europesays.com\/fr\/wp-json\/wp\/v2\/media?parent=336611"}],"wp:term":[{"taxonomy":"category","embeddable":true,"href":"https:\/\/www.europesays.com\/fr\/wp-json\/wp\/v2\/categories?post=336611"},{"taxonomy":"post_tag","embeddable":true,"href":"https:\/\/www.europesays.com\/fr\/wp-json\/wp\/v2\/tags?post=336611"}],"curies":[{"name":"wp","href":"https:\/\/api.w.org\/{rel}","templated":true}]}}