{"id":336613,"date":"2025-08-22T17:03:11","date_gmt":"2025-08-22T17:03:11","guid":{"rendered":"https:\/\/www.europesays.com\/fr\/336613\/"},"modified":"2025-08-22T17:03:11","modified_gmt":"2025-08-22T17:03:11","slug":"roche-la-moliere-le-street-artiste-stephanois-onirg-sera-present-au-festival-safir","status":"publish","type":"post","link":"https:\/\/www.europesays.com\/fr\/336613\/","title":{"rendered":"Roche-la-Moli\u00e8re. Le street artiste st\u00e9phanois Onirg sera pr\u00e9sent au festival Safir"},"content":{"rendered":"<blockquote class=\"question\"><p>Tout d\u2019abord, pouvez-vous vous pr\u00e9senter\u00a0?<\/p><\/blockquote>\n<p>\u00ab\u00a0Je suis Onirg, street artiste depuis 2022. Passionn\u00e9 par l\u2019univers de la BD, j\u2019ai toujours aim\u00e9 dessiner et c\u2019est plus tard que j\u2019ai d\u00e9couvert l\u2019art urbain, en observant les cr\u00e9ations artistiques qui s\u2019affichaient autour de moi. Je me suis alors lanc\u00e9 dans la r\u00e9alisation de diff\u00e9rentes formes de street art, tout en apprenant \u00e0 ma\u00eetriser ses diverses techniques aupr\u00e8s d\u2019autres artistes.\u00a0\u00bb<\/p>\n<blockquote class=\"question\"><p>D\u2019o\u00f9 vient votre nom d\u2019artiste, Onirg\u00a0?<\/p><\/blockquote>\n<p>\u00ab\u00a0\u00c0 la fac, on me surnommait&#8230;<\/p>\n","protected":false},"excerpt":{"rendered":"Tout d\u2019abord, pouvez-vous vous pr\u00e9senter\u00a0? \u00ab\u00a0Je suis Onirg, street artiste depuis 2022. Passionn\u00e9 par l\u2019univers de la BD,&hellip;\n","protected":false},"author":2,"featured_media":336614,"comment_status":"","ping_status":"","sticky":false,"template":"","format":"standard","meta":{"footnotes":""},"categories":[9653],"tags":[1111,11,2430,1687,7539,1777,674,1011,27,12,25,12490,12491,4001],"class_list":{"0":"post-336613","1":"post","2":"type-post","3":"status-publish","4":"format-standard","5":"has-post-thumbnail","7":"category-saint-etienne","8":"tag-actu","9":"tag-actualites","10":"tag-auvergne-rhone-alpes","11":"tag-culture-loisirs","12":"tag-edition-loire-sud","13":"tag-eu","14":"tag-europe","15":"tag-fr","16":"tag-france","17":"tag-news","18":"tag-republique-francaise","19":"tag-roche-la-moliere","20":"tag-roche-la-moliere-bassin","21":"tag-saint-etienne"},"share_on_mastodon":{"url":"https:\/\/pubeurope.com\/@fr\/115073502634533266","error":""},"_links":{"self":[{"href":"https:\/\/www.europesays.com\/fr\/wp-json\/wp\/v2\/posts\/336613","targetHints":{"allow":["GET"]}}],"collection":[{"href":"https:\/\/www.europesays.com\/fr\/wp-json\/wp\/v2\/posts"}],"about":[{"href":"https:\/\/www.europesays.com\/fr\/wp-json\/wp\/v2\/types\/post"}],"author":[{"embeddable":true,"href":"https:\/\/www.europesays.com\/fr\/wp-json\/wp\/v2\/users\/2"}],"replies":[{"embeddable":true,"href":"https:\/\/www.europesays.com\/fr\/wp-json\/wp\/v2\/comments?post=336613"}],"version-history":[{"count":0,"href":"https:\/\/www.europesays.com\/fr\/wp-json\/wp\/v2\/posts\/336613\/revisions"}],"wp:featuredmedia":[{"embeddable":true,"href":"https:\/\/www.europesays.com\/fr\/wp-json\/wp\/v2\/media\/336614"}],"wp:attachment":[{"href":"https:\/\/www.europesays.com\/fr\/wp-json\/wp\/v2\/media?parent=336613"}],"wp:term":[{"taxonomy":"category","embeddable":true,"href":"https:\/\/www.europesays.com\/fr\/wp-json\/wp\/v2\/categories?post=336613"},{"taxonomy":"post_tag","embeddable":true,"href":"https:\/\/www.europesays.com\/fr\/wp-json\/wp\/v2\/tags?post=336613"}],"curies":[{"name":"wp","href":"https:\/\/api.w.org\/{rel}","templated":true}]}}