{"id":336617,"date":"2025-08-22T17:05:16","date_gmt":"2025-08-22T17:05:16","guid":{"rendered":"https:\/\/www.europesays.com\/fr\/336617\/"},"modified":"2025-08-22T17:05:16","modified_gmt":"2025-08-22T17:05:16","slug":"un-depot-reinvente-a-lheure-du-100-electrique","status":"publish","type":"post","link":"https:\/\/www.europesays.com\/fr\/336617\/","title":{"rendered":"un d\u00e9p\u00f4t r\u00e9invent\u00e9 \u00e0 l\u2019heure du 100 % \u00e9lectrique"},"content":{"rendered":"<p>Dans le\u00a0Grand Nancy, le d\u00e9p\u00f4t Keolis se r\u00e9invente \u00e0 l\u2019heure du 100 % \u00e9lectrique. Profitant de cette transition technologique, l\u2019entreprise a repens\u00e9 ses espaces de vie et de travail : nouveaux bureaux administratifs, espace d\u00e9di\u00e9 au d\u00e9pistage m\u00e9dical, salle de pause, vestiaire, terrasse, et m\u00eame une cuisine et une salle de sport bien \u00e9quip\u00e9s. Une modernisation qui ne vise pas seulement la performance \u00e9nerg\u00e9tique, mais aussi le confort des salari\u00e9s.<\/p>\n","protected":false},"excerpt":{"rendered":"Dans le\u00a0Grand Nancy, le d\u00e9p\u00f4t Keolis se r\u00e9invente \u00e0 l\u2019heure du 100 % \u00e9lectrique. Profitant de cette transition&hellip;\n","protected":false},"author":2,"featured_media":336618,"comment_status":"","ping_status":"","sticky":false,"template":"","format":"standard","meta":{"footnotes":""},"categories":[9635],"tags":[1111,11,33,1704,1777,674,107,1011,27,2798,775,1702,12,25,104,2803],"class_list":{"0":"post-336617","1":"post","2":"type-post","3":"status-publish","4":"format-standard","5":"has-post-thumbnail","7":"category-nancy","8":"tag-actu","9":"tag-actualites","10":"tag-economie","11":"tag-edition-nancy-et-agglomeration","12":"tag-eu","13":"tag-europe","14":"tag-fil-info","15":"tag-fr","16":"tag-france","17":"tag-galerie-photo","18":"tag-grand-est","19":"tag-nancy","20":"tag-news","21":"tag-republique-francaise","22":"tag-societe","23":"tag-transport"},"share_on_mastodon":{"url":"https:\/\/pubeurope.com\/@fr\/115073510503161170","error":""},"_links":{"self":[{"href":"https:\/\/www.europesays.com\/fr\/wp-json\/wp\/v2\/posts\/336617","targetHints":{"allow":["GET"]}}],"collection":[{"href":"https:\/\/www.europesays.com\/fr\/wp-json\/wp\/v2\/posts"}],"about":[{"href":"https:\/\/www.europesays.com\/fr\/wp-json\/wp\/v2\/types\/post"}],"author":[{"embeddable":true,"href":"https:\/\/www.europesays.com\/fr\/wp-json\/wp\/v2\/users\/2"}],"replies":[{"embeddable":true,"href":"https:\/\/www.europesays.com\/fr\/wp-json\/wp\/v2\/comments?post=336617"}],"version-history":[{"count":0,"href":"https:\/\/www.europesays.com\/fr\/wp-json\/wp\/v2\/posts\/336617\/revisions"}],"wp:featuredmedia":[{"embeddable":true,"href":"https:\/\/www.europesays.com\/fr\/wp-json\/wp\/v2\/media\/336618"}],"wp:attachment":[{"href":"https:\/\/www.europesays.com\/fr\/wp-json\/wp\/v2\/media?parent=336617"}],"wp:term":[{"taxonomy":"category","embeddable":true,"href":"https:\/\/www.europesays.com\/fr\/wp-json\/wp\/v2\/categories?post=336617"},{"taxonomy":"post_tag","embeddable":true,"href":"https:\/\/www.europesays.com\/fr\/wp-json\/wp\/v2\/tags?post=336617"}],"curies":[{"name":"wp","href":"https:\/\/api.w.org\/{rel}","templated":true}]}}