{"id":336621,"date":"2025-08-22T17:07:11","date_gmt":"2025-08-22T17:07:11","guid":{"rendered":"https:\/\/www.europesays.com\/fr\/336621\/"},"modified":"2025-08-22T17:07:11","modified_gmt":"2025-08-22T17:07:11","slug":"aioli-geant-petanque-et-soiree-cabaret-des-ce-samedi-venez-celebrer-la-saint-loup-pendant-trois-jours-a-sollies-pont","status":"publish","type":"post","link":"https:\/\/www.europesays.com\/fr\/336621\/","title":{"rendered":"A\u00efoli g\u00e9ant, p\u00e9tanque et soir\u00e9e cabaret&#8230;: d\u00e8s ce samedi, venez c\u00e9l\u00e9brer la Saint-Loup pendant trois jours \u00e0 Solli\u00e8s-Pont"},"content":{"rendered":"<p>Pendant trois jours, le village se pare de ses habits de f\u00eate pour c\u00e9l\u00e9brer Saint Loup, saint patron des Sollies-Villains. Plusieurs concours de p\u00e9tanque sont organis\u00e9s, a\u00efoli g\u00e9ant, concours de pommade, p\u00e2tes au pistou, concert, soir\u00e9e cabaret, tout pour r\u00e9unir encore une fois un tr\u00e8s nombreux public sur la place Jean-Aicard.<\/p>\n<p>Qui est Saint Loup? <\/p>\n<p>N\u00e9 \u00e0 Toul au Ve si\u00e8cle, moine au monast\u00e8re de L\u00e9rins pr\u00e8s de Cannes, puis \u00e9v\u00eaque de Troyes, saint Loup est une figure embl\u00e9matique de l\u2019histoire chr\u00e9tienne, c\u00e9l\u00e8bre pour sa d\u00e9votion, son courage et ses actions miraculeuses. L\u2019un des \u00e9pisodes les plus m\u00e9morables de sa vie est sa rencontre avec Attila, roi des Huns, en 451. Face \u00e0 l\u2019invasion barbare, saint Loup a rassembl\u00e9 son peuple pour la pri\u00e8re et la p\u00e9nitence. Rev\u00eatu de ses habits pontificaux, il est all\u00e9 \u00e0 la rencontre d\u2019Attila, qui, impressionn\u00e9 par la saintet\u00e9 de l\u2019\u00e9v\u00eaque, a \u00e9pargn\u00e9 la ville de Troyes. Cette intervention miraculeuse a renforc\u00e9 la r\u00e9putation de saint Loup comme protecteur. Autrefois, le jour de la Saint-Loup, les gar\u00e7ons allaient cueillir du fenouil dans la colline pour ensuite le distribuer \u00e0 toute la population qui se rendait en procession \u00e0 la chapelle Saint Loup. Cette chapelle construite au XVIIe si\u00e8cle \u00e9tait situ\u00e9e \u00e0 l\u2019entr\u00e9e du village. On l\u2019a remplac\u00e9e par un oratoire, d\u00e9di\u00e9 au saint, au moment de l\u2019\u00e9largissement de la route. Chacun faisait alors b\u00e9nir son bouquet de fenouil et, apr\u00e8s la messe, commen\u00e7ait la f\u00eate&#8230;<\/p>\n<p>Le programme des festivit\u00e9s <\/p>\n<p><strong>Samedi 23 ao\u00fbt \u00e0 13h30:<\/strong> tournoi de p\u00e9tanque en 2&#215;2 &#8211; Gains 150 euros de prix+les mises de 4 euros par joueur.<\/p>\n<p><strong>Dimanche 24 ao\u00fbt \u00e0 11h<\/strong>: concours de pommade anim\u00e9 par la Confr\u00e9rie de l\u2019a\u00efoli de Solli\u00e8s-Toucas suivi \u00e0 12h du grand a\u00efoli proven\u00e7al traditionnel avec ap\u00e9ritif, daube de poulpe, a\u00efoli complet, dessert, vin et caf\u00e9 &#8211; Tarif 25 euros par adulte et 12 euros par enfant. \u00c0 partir de 15h30 concert offert par la municipalit\u00e9 et tournoi mixte de p\u00e9tanque r\u00e9serv\u00e9 aux participants de l\u2019a\u00efoli (troph\u00e9e Marith\u00e9) &#8211; Gains 150 euros de prix+les mises de 4 euros par joueur.<\/p>\n<p><strong>Lundi 25 ao\u00fbt \u00e0 19h:<\/strong> soir\u00e9e cabaret avec la compagnie I-Dolls et p\u00e2tes au pistou (ap\u00e9ritif, p\u00e2tes au pistou, dessert, vin et caf\u00e9) &#8211; Tarif 22 euros par adulte et 12 euros par enfant. Spectacle suivi d\u2019une soir\u00e9e dansante avec DJ (Party Tour).<\/p>\n<p><strong>Savoir+<\/strong><br \/>&#13;<br \/>\nRenseignements aupr\u00e8s de Soule\u00f9 F\u00eates et Traditions au 07.77.76.77.78.<\/p>\n","protected":false},"excerpt":{"rendered":"Pendant trois jours, le village se pare de ses habits de f\u00eate pour c\u00e9l\u00e9brer Saint Loup, saint patron&hellip;\n","protected":false},"author":2,"featured_media":336622,"comment_status":"","ping_status":"","sticky":false,"template":"","format":"standard","meta":{"footnotes":""},"categories":[9619],"tags":[1111,11,1777,674,1011,27,1393,12,882,25,2310],"class_list":{"0":"post-336621","1":"post","2":"type-post","3":"status-publish","4":"format-standard","5":"has-post-thumbnail","7":"category-toulon","8":"tag-actu","9":"tag-actualites","10":"tag-eu","11":"tag-europe","12":"tag-fr","13":"tag-france","14":"tag-loisirs","15":"tag-news","16":"tag-provence-alpes-cote-dazur","17":"tag-republique-francaise","18":"tag-toulon"},"share_on_mastodon":{"url":"https:\/\/pubeurope.com\/@fr\/115073518373759552","error":""},"_links":{"self":[{"href":"https:\/\/www.europesays.com\/fr\/wp-json\/wp\/v2\/posts\/336621","targetHints":{"allow":["GET"]}}],"collection":[{"href":"https:\/\/www.europesays.com\/fr\/wp-json\/wp\/v2\/posts"}],"about":[{"href":"https:\/\/www.europesays.com\/fr\/wp-json\/wp\/v2\/types\/post"}],"author":[{"embeddable":true,"href":"https:\/\/www.europesays.com\/fr\/wp-json\/wp\/v2\/users\/2"}],"replies":[{"embeddable":true,"href":"https:\/\/www.europesays.com\/fr\/wp-json\/wp\/v2\/comments?post=336621"}],"version-history":[{"count":0,"href":"https:\/\/www.europesays.com\/fr\/wp-json\/wp\/v2\/posts\/336621\/revisions"}],"wp:featuredmedia":[{"embeddable":true,"href":"https:\/\/www.europesays.com\/fr\/wp-json\/wp\/v2\/media\/336622"}],"wp:attachment":[{"href":"https:\/\/www.europesays.com\/fr\/wp-json\/wp\/v2\/media?parent=336621"}],"wp:term":[{"taxonomy":"category","embeddable":true,"href":"https:\/\/www.europesays.com\/fr\/wp-json\/wp\/v2\/categories?post=336621"},{"taxonomy":"post_tag","embeddable":true,"href":"https:\/\/www.europesays.com\/fr\/wp-json\/wp\/v2\/tags?post=336621"}],"curies":[{"name":"wp","href":"https:\/\/api.w.org\/{rel}","templated":true}]}}