{"id":336623,"date":"2025-08-22T17:08:11","date_gmt":"2025-08-22T17:08:11","guid":{"rendered":"https:\/\/www.europesays.com\/fr\/336623\/"},"modified":"2025-08-22T17:08:11","modified_gmt":"2025-08-22T17:08:11","slug":"direct-top-14-lusap-se-teste-contre-toulon-un-match-a-suivre-en-direct-a-19h30","status":"publish","type":"post","link":"https:\/\/www.europesays.com\/fr\/336623\/","title":{"rendered":"DIRECT. Top 14 : l&rsquo;USAP se teste contre Toulon, un match \u00e0 suivre en direct \u00e0 19h30"},"content":{"rendered":"<p>\n                                                                    Publi\u00e9 le 22\/08\/2025 \u00e0 18:31\n                                                                                                <\/p>\n<p>\n            Micka\u00ebl Gumiel\n    <\/p>\n<p class=\"article-full__chapo \">\n                                                                Premier test en match de pr\u00e9paration pour l&rsquo;USAP ce vendredi 22 ao\u00fbt, contre Toulon. \u00c0 Aim\u00e9-Giral, les Perpignanais vont savoir o\u00f9 ils en sont apr\u00e8s plus d&rsquo;un mois de travail. Et \u00e0 deux semaines de la reprise du championnat, \u00e0 la maison contre Bayonne.\n                            <\/p>\n<p>Un match \u00e0 suivre en direct \u00e0 19h30:<\/p>\n","protected":false},"excerpt":{"rendered":"Publi\u00e9 le 22\/08\/2025 \u00e0 18:31 Micka\u00ebl Gumiel Premier test en match de pr\u00e9paration pour l&rsquo;USAP ce vendredi 22&hellip;\n","protected":false},"author":2,"featured_media":336624,"comment_status":"","ping_status":"","sticky":false,"template":"","format":"standard","meta":{"footnotes":""},"categories":[9619],"tags":[1111,11,1777,674,1011,27,12,882,25,2310],"class_list":{"0":"post-336623","1":"post","2":"type-post","3":"status-publish","4":"format-standard","5":"has-post-thumbnail","7":"category-toulon","8":"tag-actu","9":"tag-actualites","10":"tag-eu","11":"tag-europe","12":"tag-fr","13":"tag-france","14":"tag-news","15":"tag-provence-alpes-cote-dazur","16":"tag-republique-francaise","17":"tag-toulon"},"share_on_mastodon":{"url":"https:\/\/pubeurope.com\/@fr\/115073522337154630","error":""},"_links":{"self":[{"href":"https:\/\/www.europesays.com\/fr\/wp-json\/wp\/v2\/posts\/336623","targetHints":{"allow":["GET"]}}],"collection":[{"href":"https:\/\/www.europesays.com\/fr\/wp-json\/wp\/v2\/posts"}],"about":[{"href":"https:\/\/www.europesays.com\/fr\/wp-json\/wp\/v2\/types\/post"}],"author":[{"embeddable":true,"href":"https:\/\/www.europesays.com\/fr\/wp-json\/wp\/v2\/users\/2"}],"replies":[{"embeddable":true,"href":"https:\/\/www.europesays.com\/fr\/wp-json\/wp\/v2\/comments?post=336623"}],"version-history":[{"count":0,"href":"https:\/\/www.europesays.com\/fr\/wp-json\/wp\/v2\/posts\/336623\/revisions"}],"wp:featuredmedia":[{"embeddable":true,"href":"https:\/\/www.europesays.com\/fr\/wp-json\/wp\/v2\/media\/336624"}],"wp:attachment":[{"href":"https:\/\/www.europesays.com\/fr\/wp-json\/wp\/v2\/media?parent=336623"}],"wp:term":[{"taxonomy":"category","embeddable":true,"href":"https:\/\/www.europesays.com\/fr\/wp-json\/wp\/v2\/categories?post=336623"},{"taxonomy":"post_tag","embeddable":true,"href":"https:\/\/www.europesays.com\/fr\/wp-json\/wp\/v2\/tags?post=336623"}],"curies":[{"name":"wp","href":"https:\/\/api.w.org\/{rel}","templated":true}]}}