{"id":336631,"date":"2025-08-22T17:13:37","date_gmt":"2025-08-22T17:13:37","guid":{"rendered":"https:\/\/www.europesays.com\/fr\/336631\/"},"modified":"2025-08-22T17:13:37","modified_gmt":"2025-08-22T17:13:37","slug":"forum-des-associations-et-des-sports","status":"publish","type":"post","link":"https:\/\/www.europesays.com\/fr\/336631\/","title":{"rendered":"Forum des associations et des sports"},"content":{"rendered":"<p>Chaque ann\u00e9e, la Ville de Grenoble et l&rsquo;Office Municipal des Sports proposent aux grenoblois, une journ\u00e9e de rencontres, \u00e0 la rentr\u00e9e, avec les associations et clubs sportifs du territoire.\u00a0 Le <a href=\"https:\/\/www.grenoble.fr\/500-forum-des-assos-et-des-sports.htm\" rel=\"nofollow noopener\" target=\"_blank\">Forum des associations et des sports<\/a> se tiendra samedi 6 septembre 2025 de 10h \u00e0 17h au Palais des Sports, avec au programme : Sports, Culture, Solidarit\u00e9 et Citoyennet\u00e9, \u00c9ducation et Loisirs, Sant\u00e9 et Pr\u00e9vention, ESS et Environnement.<\/p>\n<p>\u00a0<\/p>\n<p><strong>Forum des associations et des sports<\/strong><strong>Samedi 6 septembre 2025 de 10h \u00e0 17h<\/strong><strong>Palais des Sports, 14 boulevard Clemenceau, Grenoble<\/strong><\/p>\n<p>\u00a0<\/p>\n<p><strong>De nombreux forums des associations se tiennent \u00e9galement dans les communes de l&rsquo;agglom\u00e9ration ce m\u00eame jour. Pensez \u00e0 vous renseigner aupr\u00e8s de votre mairie.<\/strong><\/p>\n<p>\u00a0<\/p>\n<p>\u00a0<\/p>\n<p>\u00a0<\/p>\n<p>\u00a0<\/p>\n<p>\u00a0<\/p>\n<p>\u00a0<\/p>\n<p>\u00a0<\/p>\n<p>\u00a0<\/p>\n","protected":false},"excerpt":{"rendered":"Chaque ann\u00e9e, la Ville de Grenoble et l&rsquo;Office Municipal des Sports proposent aux grenoblois, une journ\u00e9e de rencontres,&hellip;\n","protected":false},"author":2,"featured_media":336632,"comment_status":"","ping_status":"","sticky":false,"template":"","format":"standard","meta":{"footnotes":""},"categories":[9566],"tags":[1111,11,2430,1777,674,1011,27,2731,12,25],"class_list":{"0":"post-336631","1":"post","2":"type-post","3":"status-publish","4":"format-standard","5":"has-post-thumbnail","7":"category-grenoble","8":"tag-actu","9":"tag-actualites","10":"tag-auvergne-rhone-alpes","11":"tag-eu","12":"tag-europe","13":"tag-fr","14":"tag-france","15":"tag-grenoble","16":"tag-news","17":"tag-republique-francaise"},"share_on_mastodon":{"url":"https:\/\/pubeurope.com\/@fr\/115073541972891261","error":""},"_links":{"self":[{"href":"https:\/\/www.europesays.com\/fr\/wp-json\/wp\/v2\/posts\/336631","targetHints":{"allow":["GET"]}}],"collection":[{"href":"https:\/\/www.europesays.com\/fr\/wp-json\/wp\/v2\/posts"}],"about":[{"href":"https:\/\/www.europesays.com\/fr\/wp-json\/wp\/v2\/types\/post"}],"author":[{"embeddable":true,"href":"https:\/\/www.europesays.com\/fr\/wp-json\/wp\/v2\/users\/2"}],"replies":[{"embeddable":true,"href":"https:\/\/www.europesays.com\/fr\/wp-json\/wp\/v2\/comments?post=336631"}],"version-history":[{"count":0,"href":"https:\/\/www.europesays.com\/fr\/wp-json\/wp\/v2\/posts\/336631\/revisions"}],"wp:featuredmedia":[{"embeddable":true,"href":"https:\/\/www.europesays.com\/fr\/wp-json\/wp\/v2\/media\/336632"}],"wp:attachment":[{"href":"https:\/\/www.europesays.com\/fr\/wp-json\/wp\/v2\/media?parent=336631"}],"wp:term":[{"taxonomy":"category","embeddable":true,"href":"https:\/\/www.europesays.com\/fr\/wp-json\/wp\/v2\/categories?post=336631"},{"taxonomy":"post_tag","embeddable":true,"href":"https:\/\/www.europesays.com\/fr\/wp-json\/wp\/v2\/tags?post=336631"}],"curies":[{"name":"wp","href":"https:\/\/api.w.org\/{rel}","templated":true}]}}