{"id":336633,"date":"2025-08-22T17:14:21","date_gmt":"2025-08-22T17:14:21","guid":{"rendered":"https:\/\/www.europesays.com\/fr\/336633\/"},"modified":"2025-08-22T17:14:21","modified_gmt":"2025-08-22T17:14:21","slug":"ligue-2-le-gf38-et-le-fc-annecy-joueront-vendredi-lasse-samedi-la-programmation-de-la-10e-journee","status":"publish","type":"post","link":"https:\/\/www.europesays.com\/fr\/336633\/","title":{"rendered":"Ligue 2. Le GF38 et le FC Annecy joueront vendredi, l&rsquo;ASSE samedi\u00a0: la programmation de la 10e journ\u00e9e"},"content":{"rendered":"<p>Ce contenu est bloqu\u00e9 car vous n&rsquo;avez pas accept\u00e9 les cookies et autres traceurs.<\/p>\n<p>En cliquant sur \u00ab J\u2019accepte \u00bb, les cookies et autres traceurs seront d\u00e9pos\u00e9s et vous pourrez visualiser les contenus  (<a href=\"\" class=\"consentModule_policy\" target=\"_blank\" title=\"Consulter la politique de protection des donn\u00e9es du fournisseur\">plus d&rsquo;informations<\/a>).<\/p>\n<p>En cliquant sur \u00ab J\u2019accepte tous les cookies \u00bb, vous autorisez des d\u00e9p\u00f4ts de cookies et autres traceurs pour le stockage de vos donn\u00e9es sur nos sites et applications \u00e0 des fins de personnalisation et de ciblage publicitaire.<\/p>\n<p class=\"consentModule_secondaryText\">Vous gardez la possibilit\u00e9 de retirer votre consentement \u00e0 tout moment en consultant notre <a href=\"https:\/\/www.ledauphine.com\/protection-des-donnees\" target=\"_blank\" title=\"Consulter notre politique de protection des donn\u00e9es\" rel=\"noopener\">politique de protection des donn\u00e9es<\/a>. <br \/>&#13;<br \/>\n            <a href=\"https:\/\/www.ledauphine.com\/sport\/2025\/08\/22\/javascript:Didomi.notice.show()\" class=\"consentModule_cmp\" target=\"_blank\" rel=\"noopener\">G\u00e9rer mes choix<\/a>&#13;\n        <\/p>\n<p>&#13;<br \/>\n                        J&rsquo;accepte&#13;<br \/>\n            J&rsquo;accepte tous les cookies&#13;\n        <\/p>\n<p>Ainsi, le vendredi 17\u00a0octobre, le FC Annecy et le Grenoble Foot 38 \u00e9volueront lors du multiplex du vendredi soir sur beIn Sports, le t\u00e9l\u00e9-diffuseur du championnat (coups d\u2019envoi \u00e0 20 heures).<\/p>\n<p>Les Is\u00e9rois accueilleront au Stade des Alpes le Pau FC, tandis que les Haut-Savoyards se d\u00e9placeront au Clermont Foot (stade Gabriel-Montpied).<\/p>\n<p>  De belles affiches pour les Verts<\/p>\n<p>Ce mercredi, la LFP avait d\u00e9j\u00e0 d\u00e9voil\u00e9 le programme d\u00e9taill\u00e9 de la 9e journ\u00e9e (3 et 4\u00a0octobre). Le FC Annecy restera \u00e0 l\u2019horaire du vendredi soir \u00e0 20 heures, avec la venue de Laval. En revanche, le Grenoble Foot 38 et l\u2019AS Saint-Etienne \u00e9volueront le lendemain.<\/p>\n<p>Les Is\u00e9rois iront samedi en d\u00e9but d\u2019apr\u00e8s-midi \u00e0 Reims, un des rel\u00e9gu\u00e9s de Ligue 1. Quant aux For\u00e9ziens, ils iront le samedi soir \u00e0 Montpellier (20 heures, \u00e0 la Mosson) pour le choc des favoris \u00e0 la (re)mont\u00e9e.<\/p>\n","protected":false},"excerpt":{"rendered":"Ce contenu est bloqu\u00e9 car vous n&rsquo;avez pas accept\u00e9 les cookies et autres traceurs. En cliquant sur \u00ab&hellip;\n","protected":false},"author":2,"featured_media":336634,"comment_status":"","ping_status":"","sticky":false,"template":"","format":"standard","meta":{"footnotes":""},"categories":[9566],"tags":[1111,11,3853,3854,3855,9443,2430,112,1777,674,20116,1701,63,1011,27,12637,2731,2732,4638,108,12636,3367,12,25,517,1947],"class_list":{"0":"post-336633","1":"post","2":"type-post","3":"status-publish","4":"format-standard","5":"has-post-thumbnail","7":"category-grenoble","8":"tag-actu","9":"tag-actualites","10":"tag-annecy","11":"tag-annecy-bassin","12":"tag-annecy-region","13":"tag-asse-as-saint-etienne","14":"tag-auvergne-rhone-alpes","15":"tag-edition-grenoble-agglomeration","16":"tag-eu","17":"tag-europe","18":"tag-fc-annecy","19":"tag-fil-info-sport","20":"tag-football","21":"tag-fr","22":"tag-france","23":"tag-gf38-grenoble-foot-38","24":"tag-grenoble","25":"tag-grenoble-bassin","26":"tag-haute-savoie","27":"tag-isere","28":"tag-ligue-2-football","29":"tag-loire","30":"tag-news","31":"tag-republique-francaise","32":"tag-sport","33":"tag-sport-national"},"share_on_mastodon":{"url":"https:\/\/pubeurope.com\/@fr\/115073545875264569","error":""},"_links":{"self":[{"href":"https:\/\/www.europesays.com\/fr\/wp-json\/wp\/v2\/posts\/336633","targetHints":{"allow":["GET"]}}],"collection":[{"href":"https:\/\/www.europesays.com\/fr\/wp-json\/wp\/v2\/posts"}],"about":[{"href":"https:\/\/www.europesays.com\/fr\/wp-json\/wp\/v2\/types\/post"}],"author":[{"embeddable":true,"href":"https:\/\/www.europesays.com\/fr\/wp-json\/wp\/v2\/users\/2"}],"replies":[{"embeddable":true,"href":"https:\/\/www.europesays.com\/fr\/wp-json\/wp\/v2\/comments?post=336633"}],"version-history":[{"count":0,"href":"https:\/\/www.europesays.com\/fr\/wp-json\/wp\/v2\/posts\/336633\/revisions"}],"wp:featuredmedia":[{"embeddable":true,"href":"https:\/\/www.europesays.com\/fr\/wp-json\/wp\/v2\/media\/336634"}],"wp:attachment":[{"href":"https:\/\/www.europesays.com\/fr\/wp-json\/wp\/v2\/media?parent=336633"}],"wp:term":[{"taxonomy":"category","embeddable":true,"href":"https:\/\/www.europesays.com\/fr\/wp-json\/wp\/v2\/categories?post=336633"},{"taxonomy":"post_tag","embeddable":true,"href":"https:\/\/www.europesays.com\/fr\/wp-json\/wp\/v2\/tags?post=336633"}],"curies":[{"name":"wp","href":"https:\/\/api.w.org\/{rel}","templated":true}]}}