{"id":336635,"date":"2025-08-22T17:15:11","date_gmt":"2025-08-22T17:15:11","guid":{"rendered":"https:\/\/www.europesays.com\/fr\/336635\/"},"modified":"2025-08-22T17:15:11","modified_gmt":"2025-08-22T17:15:11","slug":"espacil-revient-en-majeste-a-maurepas","status":"publish","type":"post","link":"https:\/\/www.europesays.com\/fr\/336635\/","title":{"rendered":"Espacil revient en majest\u00e9 \u00e0 Maurepas"},"content":{"rendered":"<p>\nEspacil a choisi d&rsquo;implanter Odacit\u00e9, son nouveau si\u00e8ge social, dans le quartier Maurepas-Gayeulles de Rennes (Ille-et-Vilaine), 70 ans apr\u00e8s la livraison de sa premi\u00e8re r\u00e9sidence locative, Le Pierrefonds (114 logements). Con\u00e7u par Forma6, cet ensemble immobilier, inaugur\u00e9 le 1er juillet, a n\u00e9cessit\u00e9 un investissement de 44 M\u20ac.<\/p>\n<p>\nIl pr\u00e9sente trois \u00e9mergences (dont une de 17 \u00e9tages) accueillant 107 logements au total. Le socle commun abrite des bureaux, l&rsquo;agence locative Rennes Nord d&rsquo;Espacil Habitat et des commerces de proximit\u00e9.<\/p>\n<p>Certification Certivea HQE<\/p>\n<p>\nApr\u00e8s 45 ans pass\u00e9s dans le quartier de la Bellangerais, pr\u00e8s de 230 collaborateurs de la filiale du Groupe Action Logement disposent donc maintenant de 6 000 m2 de bureaux am\u00e9nag\u00e9s par Korus et r\u00e9partis sur trois niveaux autour d&rsquo;un patio central. Le si\u00e8ge est certifi\u00e9 Certivea HQE (niveau excellent) et int\u00e8gre les pr\u00e9conisations de la d\u00e9marche Well (qualit\u00e9 de l&rsquo;air, lumi\u00e8re, confort acoustique).<\/p>\n","protected":false},"excerpt":{"rendered":"Espacil a choisi d&rsquo;implanter Odacit\u00e9, son nouveau si\u00e8ge social, dans le quartier Maurepas-Gayeulles de Rennes (Ille-et-Vilaine), 70 ans&hellip;\n","protected":false},"author":2,"featured_media":336636,"comment_status":"","ping_status":"","sticky":false,"template":"","format":"standard","meta":{"footnotes":""},"categories":[2821],"tags":[1111,11,1350,829,47320,1777,674,1011,27,848,12,6534,19469,584,25,14795],"class_list":{"0":"post-336635","1":"post","2":"type-post","3":"status-publish","4":"format-standard","5":"has-post-thumbnail","7":"category-rennes","8":"tag-actu","9":"tag-actualites","10":"tag-architecture","11":"tag-bretagne","12":"tag-certivea","13":"tag-eu","14":"tag-europe","15":"tag-fr","16":"tag-france","17":"tag-ille-et-vilaine","18":"tag-news","19":"tag-ouest-et-centre","20":"tag-realisations","21":"tag-rennes","22":"tag-republique-francaise","23":"tag-siege-social"},"share_on_mastodon":{"url":"https:\/\/pubeurope.com\/@fr\/115073549850159661","error":""},"_links":{"self":[{"href":"https:\/\/www.europesays.com\/fr\/wp-json\/wp\/v2\/posts\/336635","targetHints":{"allow":["GET"]}}],"collection":[{"href":"https:\/\/www.europesays.com\/fr\/wp-json\/wp\/v2\/posts"}],"about":[{"href":"https:\/\/www.europesays.com\/fr\/wp-json\/wp\/v2\/types\/post"}],"author":[{"embeddable":true,"href":"https:\/\/www.europesays.com\/fr\/wp-json\/wp\/v2\/users\/2"}],"replies":[{"embeddable":true,"href":"https:\/\/www.europesays.com\/fr\/wp-json\/wp\/v2\/comments?post=336635"}],"version-history":[{"count":0,"href":"https:\/\/www.europesays.com\/fr\/wp-json\/wp\/v2\/posts\/336635\/revisions"}],"wp:featuredmedia":[{"embeddable":true,"href":"https:\/\/www.europesays.com\/fr\/wp-json\/wp\/v2\/media\/336636"}],"wp:attachment":[{"href":"https:\/\/www.europesays.com\/fr\/wp-json\/wp\/v2\/media?parent=336635"}],"wp:term":[{"taxonomy":"category","embeddable":true,"href":"https:\/\/www.europesays.com\/fr\/wp-json\/wp\/v2\/categories?post=336635"},{"taxonomy":"post_tag","embeddable":true,"href":"https:\/\/www.europesays.com\/fr\/wp-json\/wp\/v2\/tags?post=336635"}],"curies":[{"name":"wp","href":"https:\/\/api.w.org\/{rel}","templated":true}]}}