{"id":336637,"date":"2025-08-22T17:16:11","date_gmt":"2025-08-22T17:16:11","guid":{"rendered":"https:\/\/www.europesays.com\/fr\/336637\/"},"modified":"2025-08-22T17:16:11","modified_gmt":"2025-08-22T17:16:11","slug":"a-rennes-un-jeune-espoir-du-stade-rennais-interpelle-avec-de-la-cocaine","status":"publish","type":"post","link":"https:\/\/www.europesays.com\/fr\/336637\/","title":{"rendered":"\u00c0 Rennes, un jeune espoir du Stade Rennais interpell\u00e9 avec de la coca\u00efne"},"content":{"rendered":"<p>Il y a quelques semaines, il avait fugu\u00e9 de son domicile et du p\u00f4le espoir du Stade Rennais. C\u2019est lors d\u2019un contr\u00f4le de police sur un gros point de deal, square de Stockholm, au Blosne, \u00e0 Rennes, que cet espoir du foot fran\u00e7ais a \u00e9t\u00e9 retrouv\u00e9 jeudi 21 ao\u00fbt.<\/p>\n<p>\u00c0 l\u2019arriv\u00e9e des policiers, le jeune homme, s\u00e9lectionn\u00e9 en \u00e9quipe de France chez les jeunes, a tent\u00e9 de fuir en courant. Il a \u00e9t\u00e9 rattrap\u00e9 et contr\u00f4l\u00e9 en possession de coca\u00efne. Ce vendredi apr\u00e8s-midi, ce jeune de 17 ans \u00e9tait toujours en garde \u00e0 vue pour d\u00e9tention et transport de drogue. Contact\u00e9, le Stade Rennais exprime son \u00ab\u00a0soulagement\u00a0\u00bb de savoir que ce jeune joueur a \u00e9t\u00e9 \u00ab\u00a0retrouv\u00e9 en bonne sant\u00e9 \u00e0 la suite d\u2019une fugue de son domicile familial\u00a0\u00bb. Le club de foot ajoute \u00ab\u00a0attendre les conclusions des services de police pour conna\u00eetre la nature de l\u2019interpellation\u00a0\u00bb.<\/p>\n<p>Ce n\u2019est pas la premi\u00e8re fois qu\u2019un espoir du club fait parler de lui dans la rubrique fait divers. Le 18 juin 2024, sur le mail Fran\u00e7ois-Mitterrand, \u00e0 Rennes, <a href=\"https:\/\/www.letelegramme.fr\/ille-et-vilaine\/rennes-35000\/mathis-lambourde-joueur-du-stade-rennais-poursuivi-pour-homicide-involontaire-6619784.php\" target=\"_blank\" rel=\"nofollow noopener\">Mathis Lambourde<\/a>, un autre jeune joueur du Stade Rennais, avait mortellement renvers\u00e9 une femme de 51 ans alors qu\u2019il roulait \u00e0 vive allure \u00e0 trottinette avec un ami. En ao\u00fbt, <a href=\"https:\/\/www.letelegramme.fr\/ille-et-vilaine\/rennes-35000\/accident-mortel-de-trottinette-le-joueur-du-stade-rennais-mathis-lambourde-condamne-a-2-ans-de-prison-avec-sursis-6647665.php\" target=\"_blank\" rel=\"nofollow noopener\">il avait \u00e9t\u00e9 condamn\u00e9 \u00e0 deux ans de prison avec sursis<\/a>. Quelques jours plus tard, il quittait le Stade Rennais et le club italien de l\u2019Hellas V\u00e9rone annon\u00e7ait son recrutement.<\/p>\n","protected":false},"excerpt":{"rendered":"Il y a quelques semaines, il avait fugu\u00e9 de son domicile et du p\u00f4le espoir du Stade Rennais.&hellip;\n","protected":false},"author":2,"featured_media":336638,"comment_status":"","ping_status":"","sticky":false,"template":"","format":"standard","meta":{"footnotes":""},"categories":[2821],"tags":[1111,11,829,765,1777,674,118,3383,1011,27,12,584,25,60],"class_list":{"0":"post-336637","1":"post","2":"type-post","3":"status-publish","4":"format-standard","5":"has-post-thumbnail","7":"category-rennes","8":"tag-actu","9":"tag-actualites","10":"tag-bretagne","11":"tag-en-continu","12":"tag-eu","13":"tag-europe","14":"tag-faits-divers","15":"tag-faits-divers-a-rennes","16":"tag-fr","17":"tag-france","18":"tag-news","19":"tag-rennes","20":"tag-republique-francaise","21":"tag-sports"},"share_on_mastodon":{"url":"https:\/\/pubeurope.com\/@fr\/115073553871560431","error":""},"_links":{"self":[{"href":"https:\/\/www.europesays.com\/fr\/wp-json\/wp\/v2\/posts\/336637","targetHints":{"allow":["GET"]}}],"collection":[{"href":"https:\/\/www.europesays.com\/fr\/wp-json\/wp\/v2\/posts"}],"about":[{"href":"https:\/\/www.europesays.com\/fr\/wp-json\/wp\/v2\/types\/post"}],"author":[{"embeddable":true,"href":"https:\/\/www.europesays.com\/fr\/wp-json\/wp\/v2\/users\/2"}],"replies":[{"embeddable":true,"href":"https:\/\/www.europesays.com\/fr\/wp-json\/wp\/v2\/comments?post=336637"}],"version-history":[{"count":0,"href":"https:\/\/www.europesays.com\/fr\/wp-json\/wp\/v2\/posts\/336637\/revisions"}],"wp:featuredmedia":[{"embeddable":true,"href":"https:\/\/www.europesays.com\/fr\/wp-json\/wp\/v2\/media\/336638"}],"wp:attachment":[{"href":"https:\/\/www.europesays.com\/fr\/wp-json\/wp\/v2\/media?parent=336637"}],"wp:term":[{"taxonomy":"category","embeddable":true,"href":"https:\/\/www.europesays.com\/fr\/wp-json\/wp\/v2\/categories?post=336637"},{"taxonomy":"post_tag","embeddable":true,"href":"https:\/\/www.europesays.com\/fr\/wp-json\/wp\/v2\/tags?post=336637"}],"curies":[{"name":"wp","href":"https:\/\/api.w.org\/{rel}","templated":true}]}}