{"id":336647,"date":"2025-08-22T17:23:16","date_gmt":"2025-08-22T17:23:16","guid":{"rendered":"https:\/\/www.europesays.com\/fr\/336647\/"},"modified":"2025-08-22T17:23:16","modified_gmt":"2025-08-22T17:23:16","slug":"de-largent-et-des-stupefiants-saisis","status":"publish","type":"post","link":"https:\/\/www.europesays.com\/fr\/336647\/","title":{"rendered":"de l&rsquo;argent et des stup\u00e9fiants saisis"},"content":{"rendered":"<p>Cinq personnes, dont un homme soup\u00e7onn\u00e9 d&rsquo;\u00eatre le g\u00e9rant d&rsquo;un point de deal de Nantes (<a target=\"_self\" href=\"https:\/\/www.lanouvellerepublique.fr\/loire-atlantique\" rel=\"noopener\">Loire-Atlantique<\/a>), ont \u00e9t\u00e9 interpell\u00e9es le 19 ao\u00fbt 2025, rapporte <a target=\"_blank\" href=\"https:\/\/www.ouest-france.fr\/societe\/faits-divers\/sachets-de-crack-fioles-dheroine-et-cannabis-des-interpellations-sur-un-point-de-deal-a-nantes-7b841dee-7e56-11f0-9fd5-0266873c7a0d\" rel=\"noopener\">Presse Oc\u00e9an<\/a>. L&rsquo;une d&rsquo;entre elles a \u00e9t\u00e9 laiss\u00e9e libre.<\/p>\n<p>L&rsquo;enqu\u00eate des policiers de la brigade anticriminalit\u00e9 et stup\u00e9fiants a commenc\u00e9 en mai. Lors de leur perquisition, ils ont saisi 147 fioles d\u2019h\u00e9ro\u00efne, 47 grammes de r\u00e9sine de cannabis, 135 sachets de crack et 2.600 \u20ac. Selon <a target=\"_blank\" href=\"https:\/\/www.ouest-france.fr\/societe\/faits-divers\/vente-dheroine-et-de-cocaine-la-chute-du-boss-dun-point-de-deal-dynamique-de-nantes-a2d18948-7e9e-11f0-a01f-a0b34f4aa520\" rel=\"noopener\">Ouest-France<\/a>, le point de deal \u00e9tait r\u00e9guli\u00e8rement approvisionn\u00e9.<\/p>\n<p>Deux suspects nient les faits<\/p>\n<p>Une femme de 21 ans a reconnu stocker de la drogue dans son appartement. Elle a \u00e9t\u00e9 condamn\u00e9e jeudi \u00e0 une peine de prison avec sursis. Un homme, identifi\u00e9 comme un livreur, a reconnu les faits et a \u00e9cop\u00e9 de treize mois de prison avec sursis. Il leur est interdit de para\u00eetre dans le quartier pendant trois ans.<\/p>\n<p>Le g\u00e9rant pr\u00e9sum\u00e9 et l&rsquo;homme soup\u00e7onn\u00e9 d&rsquo;\u00eatre son bras droit devaient \u00eatre jug\u00e9s ce vendredi en comparution imm\u00e9diate \u00e0 Nantes. Ils nient les faits qui leur sont reproch\u00e9s.<\/p>\n","protected":false},"excerpt":{"rendered":"Cinq personnes, dont un homme soup\u00e7onn\u00e9 d&rsquo;\u00eatre le g\u00e9rant d&rsquo;un point de deal de Nantes (Loire-Atlantique), ont \u00e9t\u00e9&hellip;\n","protected":false},"author":2,"featured_media":336648,"comment_status":"","ping_status":"","sticky":false,"template":"","format":"standard","meta":{"footnotes":""},"categories":[2818],"tags":[1111,11,1674,1777,674,1011,27,3047,766,12,2636,25],"class_list":{"0":"post-336647","1":"post","2":"type-post","3":"status-publish","4":"format-standard","5":"has-post-thumbnail","7":"category-nantes","8":"tag-actu","9":"tag-actualites","10":"tag-communes","11":"tag-eu","12":"tag-europe","13":"tag-fr","14":"tag-france","15":"tag-loire-atlantique","16":"tag-nantes","17":"tag-news","18":"tag-pays-de-la-loire","19":"tag-republique-francaise"},"share_on_mastodon":{"url":"https:\/\/pubeurope.com\/@fr\/115073581289647527","error":""},"_links":{"self":[{"href":"https:\/\/www.europesays.com\/fr\/wp-json\/wp\/v2\/posts\/336647","targetHints":{"allow":["GET"]}}],"collection":[{"href":"https:\/\/www.europesays.com\/fr\/wp-json\/wp\/v2\/posts"}],"about":[{"href":"https:\/\/www.europesays.com\/fr\/wp-json\/wp\/v2\/types\/post"}],"author":[{"embeddable":true,"href":"https:\/\/www.europesays.com\/fr\/wp-json\/wp\/v2\/users\/2"}],"replies":[{"embeddable":true,"href":"https:\/\/www.europesays.com\/fr\/wp-json\/wp\/v2\/comments?post=336647"}],"version-history":[{"count":0,"href":"https:\/\/www.europesays.com\/fr\/wp-json\/wp\/v2\/posts\/336647\/revisions"}],"wp:featuredmedia":[{"embeddable":true,"href":"https:\/\/www.europesays.com\/fr\/wp-json\/wp\/v2\/media\/336648"}],"wp:attachment":[{"href":"https:\/\/www.europesays.com\/fr\/wp-json\/wp\/v2\/media?parent=336647"}],"wp:term":[{"taxonomy":"category","embeddable":true,"href":"https:\/\/www.europesays.com\/fr\/wp-json\/wp\/v2\/categories?post=336647"},{"taxonomy":"post_tag","embeddable":true,"href":"https:\/\/www.europesays.com\/fr\/wp-json\/wp\/v2\/tags?post=336647"}],"curies":[{"name":"wp","href":"https:\/\/api.w.org\/{rel}","templated":true}]}}