{"id":336649,"date":"2025-08-22T17:24:23","date_gmt":"2025-08-22T17:24:23","guid":{"rendered":"https:\/\/www.europesays.com\/fr\/336649\/"},"modified":"2025-08-22T17:24:23","modified_gmt":"2025-08-22T17:24:23","slug":"pres-de-bordeaux-un-tag-anti-israelien-de-10-metres-de-long-est-decouvert-sur-un-chantier","status":"publish","type":"post","link":"https:\/\/www.europesays.com\/fr\/336649\/","title":{"rendered":"Pr\u00e8s de Bordeaux, un tag anti-isra\u00e9lien de 10 m\u00e8tres de long est d\u00e9couvert sur un chantier"},"content":{"rendered":"<p>            Par<br \/>\n        <strong><br \/>\n            <a href=\"https:\/\/actu.fr\/auteur\/redaction-bordeaux\" title=\"Consulter tous les articles de R\u00e9daction Bordeaux\" rel=\"nofollow noopener\" target=\"_blank\">R\u00e9daction Bordeaux<\/a><br \/>\n        <\/strong><\/p>\n<p>        Publi\u00e9 le<\/p>\n<p>            21 ao\u00fbt 2025 \u00e0 16h41        <\/p>\n<p>Mercredi 20\u00a0ao\u00fbt 2025, vers 14h15, un<strong> tag anti-isra\u00e9lien<\/strong> a \u00e9t\u00e9 d\u00e9couvert sur la palissade d\u2019un chantier \u00e0 <a href=\"https:\/\/actu.fr\/nouvelle-aquitaine\/bruges_33075\" rel=\"nofollow noopener\" target=\"_blank\">Bruges<\/a>, pr\u00e8s de <a href=\"https:\/\/actu.fr\/bordeaux\/\" rel=\"nofollow noopener\" target=\"_blank\">Bordeaux<\/a>. C\u2019est un passant qui a alert\u00e9 les autorit\u00e9s mais les faits pourraient remonter \u00e0 la nuit pr\u00e9c\u00e9dente.<\/p>\n<p class=\" wall-content\">Sur place, une <strong>inscription<\/strong> \u00e0 la peinture rouge fait 10\u00a0m\u00e8tres de long sur 40 centim\u00e8tres de hauteur. Il est \u00e9crit \u00ab\u2009Isra\u00ebl g\u00e9nocide Palestine\u2009\u00bb.\u00a0Ce message devrait \u00eatre <strong>effac\u00e9<\/strong> dans les plus brefs d\u00e9lais.<\/p>\n<p class=\" wall-content\">Contact\u00e9 par <a href=\"https:\/\/actu.fr\/bordeaux\/\" rel=\"nofollow noopener\" target=\"_blank\">actu Bordeaux<\/a>, Francis Barokel, pr\u00e9sident du Consistoire de Bordeaux, a r\u00e9agi \u00e0 cette nouvelle. \u00ab\u00a0Nous sommes troubl\u00e9s et cela ajoute un climat anxiog\u00e8ne \u00e0 une situation d\u00e9j\u00e0 pr\u00e9occupante.\u00a0\u00bb<\/p>\n<p class=\" wall-content\">Personnalisez votre actualit\u00e9 en ajoutant vos villes et m\u00e9dias en favori avec <a href=\"https:\/\/moncompte.actu.fr\" title=\"D\u00e9couvez Mon Actu\" rel=\"nofollow noopener\" data-trk=\"{&quot;cta&quot;:{&quot;action&quot;:&quot;https:\\\/\\\/moncompte.actu.fr&quot;,&quot;category&quot;:&quot;mon compte&quot;,&quot;from&quot;:&quot;article footer&quot;,&quot;name&quot;:&quot;Mon actu&quot;,&quot;type&quot;:&quot;cta&quot;}}\" target=\"_blank\">Mon Actu<\/a>.<\/p>\n","protected":false},"excerpt":{"rendered":"Par R\u00e9daction Bordeaux Publi\u00e9 le 21 ao\u00fbt 2025 \u00e0 16h41 Mercredi 20\u00a0ao\u00fbt 2025, vers 14h15, un tag anti-isra\u00e9lien&hellip;\n","protected":false},"author":2,"featured_media":336650,"comment_status":"","ping_status":"","sticky":false,"template":"","format":"standard","meta":{"footnotes":""},"categories":[2817],"tags":[1111,11,1997,1777,674,118,1011,27,12,2219,1072,25],"class_list":{"0":"post-336649","1":"post","2":"type-post","3":"status-publish","4":"format-standard","5":"has-post-thumbnail","7":"category-bordeaux","8":"tag-actu","9":"tag-actualites","10":"tag-bordeaux","11":"tag-eu","12":"tag-europe","13":"tag-faits-divers","14":"tag-fr","15":"tag-france","16":"tag-news","17":"tag-nouvelle-aquitaine","18":"tag-police","19":"tag-republique-francaise"},"share_on_mastodon":{"url":"https:\/\/pubeurope.com\/@fr\/115073585450439549","error":""},"_links":{"self":[{"href":"https:\/\/www.europesays.com\/fr\/wp-json\/wp\/v2\/posts\/336649","targetHints":{"allow":["GET"]}}],"collection":[{"href":"https:\/\/www.europesays.com\/fr\/wp-json\/wp\/v2\/posts"}],"about":[{"href":"https:\/\/www.europesays.com\/fr\/wp-json\/wp\/v2\/types\/post"}],"author":[{"embeddable":true,"href":"https:\/\/www.europesays.com\/fr\/wp-json\/wp\/v2\/users\/2"}],"replies":[{"embeddable":true,"href":"https:\/\/www.europesays.com\/fr\/wp-json\/wp\/v2\/comments?post=336649"}],"version-history":[{"count":0,"href":"https:\/\/www.europesays.com\/fr\/wp-json\/wp\/v2\/posts\/336649\/revisions"}],"wp:featuredmedia":[{"embeddable":true,"href":"https:\/\/www.europesays.com\/fr\/wp-json\/wp\/v2\/media\/336650"}],"wp:attachment":[{"href":"https:\/\/www.europesays.com\/fr\/wp-json\/wp\/v2\/media?parent=336649"}],"wp:term":[{"taxonomy":"category","embeddable":true,"href":"https:\/\/www.europesays.com\/fr\/wp-json\/wp\/v2\/categories?post=336649"},{"taxonomy":"post_tag","embeddable":true,"href":"https:\/\/www.europesays.com\/fr\/wp-json\/wp\/v2\/tags?post=336649"}],"curies":[{"name":"wp","href":"https:\/\/api.w.org\/{rel}","templated":true}]}}