{"id":336651,"date":"2025-08-22T17:25:10","date_gmt":"2025-08-22T17:25:10","guid":{"rendered":"https:\/\/www.europesays.com\/fr\/336651\/"},"modified":"2025-08-22T17:25:10","modified_gmt":"2025-08-22T17:25:10","slug":"quatre-ans-de-prison-pour-celui-qui-avait-vendu-de-la-drogue-a-larchitecte-decede","status":"publish","type":"post","link":"https:\/\/www.europesays.com\/fr\/336651\/","title":{"rendered":"Quatre ans de prison pour celui qui avait vendu de la drogue \u00e0 l\u2019architecte d\u00e9c\u00e9d\u00e9"},"content":{"rendered":"<p>A <a href=\"https:\/\/www.20minutes.fr\/bordeaux\/\" target=\"_blank\" class=\"c-link c-link--is-underlined\" rel=\"noopener\">Bordeaux<\/a>, le ph\u00e9nom\u00e8ne du chemsex a de nouveau \u00e9t\u00e9 associ\u00e9 \u00e0 un drame judiciaire. Selon <a href=\"https:\/\/www.sudouest.fr\/gironde\/bordeaux\/chemsex-a-bordeaux-quatre-ans-de-prison-pour-le-dealer-apres-la-mort-d-un-homme-25622694.php\" rel=\"nofollow noopener\" target=\"_blank\" class=\"c-link c-link--is-underlined\">Sud Ouest<\/a>, le tribunal correctionnel a condamn\u00e9 jeudi Riad Bouziane, 34 ans, \u00e0 quatre ans de prison ferme assortis d\u2019une interdiction d\u00e9finitive du territoire fran\u00e7ais pendant dix ans. Ce fournisseur de drogues de synth\u00e8se a \u00e9t\u00e9 reconnu coupable d\u2019homicide involontaire apr\u00e8s la mort d\u2019un homme de 57 ans, retrouv\u00e9 sans vie \u00e0 son domicile en avril\u00a02024.<\/p>\n<p>L\u2019<a href=\"https:\/\/www.20minutes.fr\/dossier\/enquete\" target=\"_blank\" class=\"c-link c-link--is-underlined\" rel=\"noopener\">enqu\u00eate<\/a> avait r\u00e9v\u00e9l\u00e9 que la victime, architecte d\u2019int\u00e9rieur, avait consomm\u00e9 plusieurs substances lors d\u2019une rencontre organis\u00e9e dans le cadre du <a href=\"https:\/\/www.20minutes.fr\/sante\/chemsex\/\" target=\"_blank\" class=\"c-link c-link--is-underlined\" rel=\"noopener\">chemsex<\/a>, pratique m\u00ealant drogues et relations sexuelles prolong\u00e9es. L\u2019<a href=\"https:\/\/www.20minutes.fr\/dossier\/autopsie\" target=\"_blank\" class=\"c-link c-link--is-underlined\" rel=\"noopener\">autopsie<\/a> a conclu \u00e0 une polyintoxication provoquant une insuffisance respiratoire aigu\u00eb. Les policiers de la Division de la criminalit\u00e9 territoriale ont rapidement retrac\u00e9 l\u2019origine des produits, parmi lesquels du GBL et de la 3MMC, jusqu\u2019au pr\u00e9venu.<\/p>\n<\/p>\n<p>Un fournisseur bien implant\u00e9<\/p>\n<p>Install\u00e9 en France depuis\u00a02014, en <a href=\"https:\/\/www.20minutes.fr\/dossier\/immigration_clandestine\" target=\"_blank\" class=\"c-link c-link--is-underlined\" rel=\"noopener\">situation irr\u00e9guli\u00e8re<\/a>, l\u2019accus\u00e9 avait progressivement b\u00e2ti un r\u00e9seau d\u2019une cinquantaine de clients dans la m\u00e9tropole bordelaise. Il proposait une large gamme de stup\u00e9fiants\u00a0: k\u00e9tamine, <a href=\"https:\/\/www.20minutes.fr\/dossier\/ecstasy\" target=\"_blank\" class=\"c-link c-link--is-underlined\" rel=\"noopener\">ecstasy<\/a>, <a href=\"https:\/\/www.20minutes.fr\/dossier\/cocaine\" target=\"_blank\" class=\"c-link c-link--is-underlined\" rel=\"noopener\">coca\u00efne<\/a>, cannabis, en plus des produits consomm\u00e9s par la victime. La repr\u00e9sentante du minist\u00e8re public a compar\u00e9 son activit\u00e9 \u00e0 une \u00ab\u00a0\u00e9picerie\u00a0\u00bb, tant l\u2019offre \u00e9tait vari\u00e9e et accessible.<\/p>\n<p><a href=\"https:\/\/www.20minutes.fr\/sante\/chemsex\/\" target=\"_blank\" class=\"c-link c-btn c-btn--primary\" rel=\"noopener\">Notre dossier sur le chemsex<\/a><\/p>\n<p>La d\u00e9fense a insist\u00e9 sur le fait que la victime connaissait les dangers des substances qu\u2019elle consommait. Mais la partie civile, repr\u00e9sentant la famille du d\u00e9funt, a d\u00e9nonc\u00e9 un \u00ab\u00a0trafic inf\u00e2me\u00a0\u00bb et un r\u00f4le direct du dealer dans un d\u00e9c\u00e8s qui aurait pu \u00eatre \u00e9vit\u00e9. Le tribunal a tranch\u00e9 en estimant que Riad Bouziane avait sciemment mis en danger ses clients en diffusant des produits hautement toxiques. Incarc\u00e9r\u00e9 depuis avril, Riad Bouziane est mis en examen dans une autre affaire pour homicide involontaire et non-assistance \u00e0 personne en danger, toujours dans un contexte li\u00e9 au chemsex \u00e0 Bordeaux.<\/p>\n","protected":false},"excerpt":{"rendered":"A Bordeaux, le ph\u00e9nom\u00e8ne du chemsex a de nouveau \u00e9t\u00e9 associ\u00e9 \u00e0 un drame judiciaire. Selon Sud Ouest,&hellip;\n","protected":false},"author":2,"featured_media":336652,"comment_status":"","ping_status":"","sticky":false,"template":"","format":"standard","meta":{"footnotes":""},"categories":[2817],"tags":[1111,47,11,3177,1997,3675,47321,3993,7104,1777,674,1011,27,2905,20850,6734,303,12,2219,806,25],"class_list":{"0":"post-336651","1":"post","2":"type-post","3":"status-publish","4":"format-standard","5":"has-post-thumbnail","7":"category-bordeaux","8":"tag-actu","9":"tag-actualite","10":"tag-actualites","11":"tag-aquitaine","12":"tag-bordeaux","13":"tag-cannabis","14":"tag-chemsex","15":"tag-cocaine","16":"tag-ecstasy","17":"tag-eu","18":"tag-europe","19":"tag-fr","20":"tag-france","21":"tag-gironde","22":"tag-homicide-involontaire","23":"tag-immigration-clandestine","24":"tag-justice","25":"tag-news","26":"tag-nouvelle-aquitaine","27":"tag-prison","28":"tag-republique-francaise"},"share_on_mastodon":{"url":"https:\/\/pubeurope.com\/@fr\/115073589194274510","error":""},"_links":{"self":[{"href":"https:\/\/www.europesays.com\/fr\/wp-json\/wp\/v2\/posts\/336651","targetHints":{"allow":["GET"]}}],"collection":[{"href":"https:\/\/www.europesays.com\/fr\/wp-json\/wp\/v2\/posts"}],"about":[{"href":"https:\/\/www.europesays.com\/fr\/wp-json\/wp\/v2\/types\/post"}],"author":[{"embeddable":true,"href":"https:\/\/www.europesays.com\/fr\/wp-json\/wp\/v2\/users\/2"}],"replies":[{"embeddable":true,"href":"https:\/\/www.europesays.com\/fr\/wp-json\/wp\/v2\/comments?post=336651"}],"version-history":[{"count":0,"href":"https:\/\/www.europesays.com\/fr\/wp-json\/wp\/v2\/posts\/336651\/revisions"}],"wp:featuredmedia":[{"embeddable":true,"href":"https:\/\/www.europesays.com\/fr\/wp-json\/wp\/v2\/media\/336652"}],"wp:attachment":[{"href":"https:\/\/www.europesays.com\/fr\/wp-json\/wp\/v2\/media?parent=336651"}],"wp:term":[{"taxonomy":"category","embeddable":true,"href":"https:\/\/www.europesays.com\/fr\/wp-json\/wp\/v2\/categories?post=336651"},{"taxonomy":"post_tag","embeddable":true,"href":"https:\/\/www.europesays.com\/fr\/wp-json\/wp\/v2\/tags?post=336651"}],"curies":[{"name":"wp","href":"https:\/\/api.w.org\/{rel}","templated":true}]}}