{"id":336653,"date":"2025-08-22T17:26:09","date_gmt":"2025-08-22T17:26:09","guid":{"rendered":"https:\/\/www.europesays.com\/fr\/336653\/"},"modified":"2025-08-22T17:26:09","modified_gmt":"2025-08-22T17:26:09","slug":"pres-de-toulouse-surpris-par-des-ados-en-train-de-voler-il-les-poursuit-dans-la-rue-avec-un-couteau","status":"publish","type":"post","link":"https:\/\/www.europesays.com\/fr\/336653\/","title":{"rendered":"Pr\u00e8s de Toulouse. Surpris par des ados en train de voler, il les poursuit dans la rue avec un couteau"},"content":{"rendered":"<p>            Par<br \/>\n        <strong><br \/>\n            <a href=\"https:\/\/actu.fr\/auteur\/anaelle-montagne\" title=\"Consulter tous les articles de Anaelle Montagne\" rel=\"nofollow noopener\" target=\"_blank\">Anaelle Montagne<\/a><br \/>\n        <\/strong><\/p>\n<p>        Publi\u00e9 le<\/p>\n<p>            22 ao\u00fbt 2025 \u00e0 18h35        <\/p>\n<p>Les vols \u00e0 la roulotte, c\u2019est-\u00e0-dire dans les v\u00e9hicules, pourrissent d\u00e9j\u00e0 la vie des habitants de la m\u00e9tropole toulousaine. Mais l\u2019un d\u2019eux a d\u00e9g\u00e9n\u00e9r\u00e9, ce jeudi 21\u00a0ao\u00fbt 2025, \u00e0 <a href=\"https:\/\/actu.fr\/occitanie\/colomiers_31149\" rel=\"nofollow noopener\" target=\"_blank\">Colomiers<\/a> (pr\u00e8s de Toulouse).<\/p>\n<p class=\" wall-content\">Alors qu\u2019il fouillait dans un v\u00e9hicule situ\u00e9 pr\u00e8s du parking du Rouergue, un homme de 38\u00a0ans a \u00e9t\u00e9<strong> pris en flagrant d\u00e9lit par deux adolescents<\/strong> \u00e2g\u00e9s d\u2019une quinzaine d\u2019ann\u00e9es.<\/p>\n<p>    <a href=\"https:\/\/www.google.com\/maps\/embed?pb=!1m18!1m12!1m3!1d6870.657968749589!2d1.3296666485878856!3d43.61162534758875!2m3!1f0!2f0!3f0!3m2!1i1024!2i768!4f13.1!3m3!1m2!1s0x12aeb035f8a18f45%3A0xacac338bcf63309a!2sParking%20du%20Rouergue!5e0!3m2!1sen!2sfr!4v1755880567808!5m2!1sen!2sfr\" title=\"Ouvrie le lien\" rel=\"nofollow noopener\" target=\"_blank\">Cliquez ici pour visualiser le contenu<\/a><\/p>\n<p class=\" wall-content\">Sur le coup, les deux jeunes d\u00e9cident d\u2019interpeller le voleur. Mais l\u2019homme, tr\u00e8s alcoolis\u00e9, <strong>vrille<\/strong>.<\/p>\n<p>Il pointe l\u2019arme vers eux<\/p>\n<p class=\" wall-content\">Sans crier gare, le trentenaire sort un couteau, qu\u2019il cachait sur lui.<strong> Il se met \u00e0 poursuivre les deux jeunes paniqu\u00e9s<\/strong>, en pointant l\u2019arme vers eux. Les ados fuient \u00e0 toutes jambes. Pr\u00e9venus, les agents de la brigade sp\u00e9cialis\u00e9e de terrain accourent ensuite sur place. Ils tombent sur les ados, qui leur indiquent o\u00f9 se trouve le malfrat.<\/p>\n<p class=\" wall-content\">Il aurait pu d\u00e9cider de s\u2019enfuir \u00e0 son tour, mais non\u2009: notre homme est t\u00eatu. Lorsque les policiers le retrouvent, ils d\u00e9couvrent qu\u2019il est tout simplement <strong>retourn\u00e9 finir ce qu\u2019il avait commenc\u00e9<\/strong>, au niveau de la fameuse voiture.<\/p>\n<p>Vid\u00e9os : en ce moment sur ActuLe butin a \u00e9t\u00e9 rendu \u00e0 la propri\u00e9taire<\/p>\n<p class=\" wall-content\">Sur lui, les forces de l\u2019ordre retrouveront un casque audio, des lunettes, une paire de chaussures, du parfum, des c\u00e2bles USB\u2026 un petit butin qui sera rapidement rendu \u00e0 sa propri\u00e9taire, une jeune femme de 22\u00a0ans \u2013 qui a d\u00e9pos\u00e9 plainte.<\/p>\n<p>Votre r\u00e9gion, votre actu !<\/p>\n<p>Recevez chaque jour les infos qui comptent pour vous.<\/p>\n<p>\t<a href=\"https:\/\/actu.fr\/newsletter\" class=\"ac-btn ac-btn--corner ac-btn--medium ac-btn--blue800\" rel=\"nofollow noopener\" target=\"_blank\">S&rsquo;incrire<\/a><\/p>\n<p class=\" wall-content\">Le voleur, plac\u00e9 en d\u00e9grisement vu son taux d\u2019alcool \u00e9lev\u00e9 de<strong> 2,6 grammes par litre de sang<\/strong>, \u00e9tait toujours en garde \u00e0 vue ce vendredi 22\u00a0ao\u00fbt en milieu d\u2019apr\u00e8s-midi.<\/p>\n<p class=\" wall-content\">Personnalisez votre actualit\u00e9 en ajoutant vos villes et m\u00e9dias en favori avec <a href=\"https:\/\/moncompte.actu.fr\" title=\"D\u00e9couvez Mon Actu\" rel=\"nofollow noopener\" data-trk=\"{&quot;cta&quot;:{&quot;action&quot;:&quot;https:\\\/\\\/moncompte.actu.fr&quot;,&quot;category&quot;:&quot;mon compte&quot;,&quot;from&quot;:&quot;article footer&quot;,&quot;name&quot;:&quot;Mon actu&quot;,&quot;type&quot;:&quot;cta&quot;}}\" target=\"_blank\">Mon Actu<\/a>.<\/p>\n","protected":false},"excerpt":{"rendered":"Par Anaelle Montagne Publi\u00e9 le 22 ao\u00fbt 2025 \u00e0 18h35 Les vols \u00e0 la roulotte, c\u2019est-\u00e0-dire dans les&hellip;\n","protected":false},"author":2,"featured_media":336654,"comment_status":"","ping_status":"","sticky":false,"template":"","format":"standard","meta":{"footnotes":""},"categories":[2816],"tags":[1111,11,1777,674,118,1011,27,12,2680,25,2312],"class_list":{"0":"post-336653","1":"post","2":"type-post","3":"status-publish","4":"format-standard","5":"has-post-thumbnail","7":"category-toulouse","8":"tag-actu","9":"tag-actualites","10":"tag-eu","11":"tag-europe","12":"tag-faits-divers","13":"tag-fr","14":"tag-france","15":"tag-news","16":"tag-occitanie","17":"tag-republique-francaise","18":"tag-toulouse"},"share_on_mastodon":{"url":"https:\/\/pubeurope.com\/@fr\/115073593189997302","error":""},"_links":{"self":[{"href":"https:\/\/www.europesays.com\/fr\/wp-json\/wp\/v2\/posts\/336653","targetHints":{"allow":["GET"]}}],"collection":[{"href":"https:\/\/www.europesays.com\/fr\/wp-json\/wp\/v2\/posts"}],"about":[{"href":"https:\/\/www.europesays.com\/fr\/wp-json\/wp\/v2\/types\/post"}],"author":[{"embeddable":true,"href":"https:\/\/www.europesays.com\/fr\/wp-json\/wp\/v2\/users\/2"}],"replies":[{"embeddable":true,"href":"https:\/\/www.europesays.com\/fr\/wp-json\/wp\/v2\/comments?post=336653"}],"version-history":[{"count":0,"href":"https:\/\/www.europesays.com\/fr\/wp-json\/wp\/v2\/posts\/336653\/revisions"}],"wp:featuredmedia":[{"embeddable":true,"href":"https:\/\/www.europesays.com\/fr\/wp-json\/wp\/v2\/media\/336654"}],"wp:attachment":[{"href":"https:\/\/www.europesays.com\/fr\/wp-json\/wp\/v2\/media?parent=336653"}],"wp:term":[{"taxonomy":"category","embeddable":true,"href":"https:\/\/www.europesays.com\/fr\/wp-json\/wp\/v2\/categories?post=336653"},{"taxonomy":"post_tag","embeddable":true,"href":"https:\/\/www.europesays.com\/fr\/wp-json\/wp\/v2\/tags?post=336653"}],"curies":[{"name":"wp","href":"https:\/\/api.w.org\/{rel}","templated":true}]}}