{"id":336657,"date":"2025-08-22T17:28:10","date_gmt":"2025-08-22T17:28:10","guid":{"rendered":"https:\/\/www.europesays.com\/fr\/336657\/"},"modified":"2025-08-22T17:28:10","modified_gmt":"2025-08-22T17:28:10","slug":"lille-un-homme-part-en-prison-apres-avoir-frappe-sa-mere-de-69-ans","status":"publish","type":"post","link":"https:\/\/www.europesays.com\/fr\/336657\/","title":{"rendered":"Lille. Un homme part en prison apr\u00e8s avoir frapp\u00e9 sa m\u00e8re de 69 ans"},"content":{"rendered":"<p>            Par<br \/>\n        <strong><br \/>\n            <a href=\"https:\/\/actu.fr\/auteur\/nicolas-demollien\" title=\"Consulter tous les articles de Nicolas Demollien\" rel=\"nofollow noopener\" target=\"_blank\">Nicolas Demollien<\/a><br \/>\n        <\/strong><\/p>\n<p>        Publi\u00e9 le<\/p>\n<p>            22 ao\u00fbt 2025 \u00e0 18h42        <\/p>\n<p>C\u2019est un petit homme roux et tremblant qui arrive dans le <b>banc des accus\u00e9s du tribunal<\/b> de <a href=\"https:\/\/actu.fr\/hauts-de-france\/lille_59350\" rel=\"nofollow noopener\" target=\"_blank\">Lille<\/a> (Nord) lundi 18 ao\u00fbt 2025. Tr\u00e8s vite, il se tourne vers l\u2019auditoire o\u00f9 il envoie un baiser \u00e0 sa m\u00e8re. Cette derni\u00e8re y r\u00e9pond avec un hochement de t\u00eate et un sourire, avant d\u2019\u00eatre appel\u00e9e sur le banc des victimes. L\u2019accus\u00e9, \u00e0 <b>36 ans<\/b>, fait face \u00e0 sa m\u00e8re et la partie civile, repr\u00e9sent\u00e9e par une avocate. Le juge commence alors \u00e0 \u00e9num\u00e9rer les faits qui lui sont reproch\u00e9s : <b>outrage \u00e0 agent et violence avec r\u00e9cidive sur sa m\u00e8re<\/b>. Celle-ci, une <b>petite femme de 69 ans ayant du mal \u00e0 se d\u00e9placer<\/b>, refuse de se constituer partie civile.<\/p>\n<p>R\u00e9cit d\u2019une soir\u00e9e alcoolis\u00e9e violente \u00e0 Lille<\/p>\n<p class=\" wall-content\">Les faits se d\u00e9roulent aux premi\u00e8res heures du samedi 16 ao\u00fbt 2025. Tout d\u2019abord \u00e0 2h30 du matin, la <a href=\"https:\/\/actu.fr\/tag\/police\" rel=\"nofollow noopener\" target=\"_blank\">police<\/a> est appel\u00e9e une premi\u00e8re fois au domicile de la m\u00e8re, mais le pr\u00e9venu n\u2019est pas l\u00e0. Ils sont rappel\u00e9s deux heures plus tard, pour un homme montrant des <b>pulsions suicidaires et violentes<\/b>. Trois policiers sont mobilis\u00e9s pour le ma\u00eetriser, n\u00e9cessitant deux fois l\u2019usage du taser.<\/p>\n<p class=\" wall-content\">Malgr\u00e9 tout, le pr\u00e9venu continue de se montrer agressif, refusant de coop\u00e9rer. Les tests en garde \u00e0 vue feront \u00e9tat de <b>0,98mg par litre d\u2019air expir\u00e9<\/b>. Sa m\u00e8re explique que son fils, alors fortement alcoolis\u00e9, l\u2019a <b>pouss\u00e9e et frapp\u00e9s \u00e0 l\u2019arri\u00e8re de la t\u00eate<\/b>, la projetant sur le sol. Quant au fils, il ne souvient de rien, mais soutient que sa m\u00e8re dit la v\u00e9rit\u00e9.<\/p>\n<p>Un profil \u00e0 risque<\/p>\n<p class=\" wall-content\">L\u2019homme a du mal \u00e0 s\u2019exprimer, usant un vocabulaire parfois enfantin, ponctu\u00e9 d\u2019excuses et de regrets. Quand le juge retrace son parcours, il fait \u00e9tat d\u2019un <b>enfant victime de violences physiques et sexuelles<\/b> de la part de son p\u00e8re. Le pr\u00e9venu a donc surtout pass\u00e9 sa vie en foyer.<\/p>\n<p class=\" wall-content\">Maintenant sevr\u00e9 de l\u2019h\u00e9ro\u00efne, il n\u2019a cependant pas r\u00e9ussi \u00e0 vaincre son addiction \u00e0 l\u2019alcool. Sa m\u00e8re raconte qu\u2019il est gentil avec elle, mais qu\u2019il a tendance \u00e0 devenir plus violent avec les autres. Son <b>casier judiciaire fait \u00e9tat de 16 mentions<\/b>, notamment de violences physiques sur des membres de sa famille.<\/p>\n<p class=\" wall-content\">Pas suffisant pour la partie civile, compos\u00e9e des trois policiers. Leur avocate attaque, statuant qu\u2019un tel parcours ne justifie pas des insultes et des coups \u00e0 l\u2019\u00e9gard de ces d\u00e9tenteurs de l\u2019autorit\u00e9 publique. Ni pour le procureur de la r\u00e9publique, qui dans son r\u00e9quisitoire, demande une peine de prison.<\/p>\n<p>Votre r\u00e9gion, votre actu !<\/p>\n<p>Recevez chaque jour les infos qui comptent pour vous.<\/p>\n<p>\t<a href=\"https:\/\/actu.fr\/newsletter\" class=\"ac-btn ac-btn--corner ac-btn--medium ac-btn--blue800\" rel=\"nofollow noopener\" target=\"_blank\">S&rsquo;incrire<\/a><\/p>\n<p class=\" wall-content\">L\u2019avocat de la d\u00e9fense prend alors la parole, et d\u00e9fend son client. Il avance un homme avec ses fragilit\u00e9s, qui ne demande non pas la prison, mais de l\u2019aide, une cure qu\u2019il n\u2019a pas r\u00e9ussi \u00e0 trouver lui-m\u00eame. Il montre une personne traumatis\u00e9e qui, \u00e0 un certain point, \u00e0 arr\u00eater de grandir, et montre malgr\u00e9 tout des regrets et une volont\u00e9 de s\u2019excuse.<\/p>\n<p class=\" wall-content\">La sentence finale prononc\u00e9e par le juge est de <b>18 mois d\u2019emprisonnement, dont 9 avec sursis<\/b>.<\/p>\n<p class=\" wall-content\">Personnalisez votre actualit\u00e9 en ajoutant vos villes et m\u00e9dias en favori avec <a href=\"https:\/\/moncompte.actu.fr\" title=\"D\u00e9couvez Mon Actu\" rel=\"nofollow noopener\" data-trk=\"{&quot;cta&quot;:{&quot;action&quot;:&quot;https:\\\/\\\/moncompte.actu.fr&quot;,&quot;category&quot;:&quot;mon compte&quot;,&quot;from&quot;:&quot;article footer&quot;,&quot;name&quot;:&quot;Mon actu&quot;,&quot;type&quot;:&quot;cta&quot;}}\" target=\"_blank\">Mon Actu<\/a>.<\/p>\n","protected":false},"excerpt":{"rendered":"Par Nicolas Demollien Publi\u00e9 le 22 ao\u00fbt 2025 \u00e0 18h42 C\u2019est un petit homme roux et tremblant qui&hellip;\n","protected":false},"author":2,"featured_media":336658,"comment_status":"","ping_status":"","sticky":false,"template":"","format":"standard","meta":{"footnotes":""},"categories":[2815],"tags":[1111,11,1777,674,118,1011,27,811,303,1307,12,25],"class_list":{"0":"post-336657","1":"post","2":"type-post","3":"status-publish","4":"format-standard","5":"has-post-thumbnail","7":"category-lille","8":"tag-actu","9":"tag-actualites","10":"tag-eu","11":"tag-europe","12":"tag-faits-divers","13":"tag-fr","14":"tag-france","15":"tag-hauts-de-france","16":"tag-justice","17":"tag-lille","18":"tag-news","19":"tag-republique-francaise"},"share_on_mastodon":{"url":"https:\/\/pubeurope.com\/@fr\/115073601052353872","error":""},"_links":{"self":[{"href":"https:\/\/www.europesays.com\/fr\/wp-json\/wp\/v2\/posts\/336657","targetHints":{"allow":["GET"]}}],"collection":[{"href":"https:\/\/www.europesays.com\/fr\/wp-json\/wp\/v2\/posts"}],"about":[{"href":"https:\/\/www.europesays.com\/fr\/wp-json\/wp\/v2\/types\/post"}],"author":[{"embeddable":true,"href":"https:\/\/www.europesays.com\/fr\/wp-json\/wp\/v2\/users\/2"}],"replies":[{"embeddable":true,"href":"https:\/\/www.europesays.com\/fr\/wp-json\/wp\/v2\/comments?post=336657"}],"version-history":[{"count":0,"href":"https:\/\/www.europesays.com\/fr\/wp-json\/wp\/v2\/posts\/336657\/revisions"}],"wp:featuredmedia":[{"embeddable":true,"href":"https:\/\/www.europesays.com\/fr\/wp-json\/wp\/v2\/media\/336658"}],"wp:attachment":[{"href":"https:\/\/www.europesays.com\/fr\/wp-json\/wp\/v2\/media?parent=336657"}],"wp:term":[{"taxonomy":"category","embeddable":true,"href":"https:\/\/www.europesays.com\/fr\/wp-json\/wp\/v2\/categories?post=336657"},{"taxonomy":"post_tag","embeddable":true,"href":"https:\/\/www.europesays.com\/fr\/wp-json\/wp\/v2\/tags?post=336657"}],"curies":[{"name":"wp","href":"https:\/\/api.w.org\/{rel}","templated":true}]}}