{"id":336659,"date":"2025-08-22T17:29:19","date_gmt":"2025-08-22T17:29:19","guid":{"rendered":"https:\/\/www.europesays.com\/fr\/336659\/"},"modified":"2025-08-22T17:29:19","modified_gmt":"2025-08-22T17:29:19","slug":"chaine-tv-compositions-heure-et-cotes-2","status":"publish","type":"post","link":"https:\/\/www.europesays.com\/fr\/336659\/","title":{"rendered":"Cha\u00eene TV, Compositions, Heure et Cotes"},"content":{"rendered":"<p style=\"text-align: justify;\"><strong>LIGUE 1 2025-2026 \u2013 \u00c0 quelle heure et sur quelle cha\u00eene TV suivre le match de Ligue 1 entre l\u2019AS Monaco et Le Havre AC ? Retrouvez \u00e9galement les compositions des deux \u00e9quipes.<\/strong><\/p>\n<p style=\"text-align: justify;\">La rencontre entre le <a href=\"https:\/\/dicodusport.fr\/blog\/mercato-losc-2025-2026-le-tableau-complet-des-transferts-arrivees-et-departs\/\" target=\"_blank\" rel=\"noopener\"><strong>Lille OSC<\/strong><\/a> et l\u2019<a href=\"https:\/\/dicodusport.fr\/blog\/mercato-asm-2025-2026-le-tableau-complet-des-transferts-arrivees-et-departs\/\" target=\"_blank\" rel=\"noopener\"><strong>AS Monaco<\/strong><\/a>, comptant pour la deuxi\u00e8me journ\u00e9e de Ligue 1 2025\/2026, aura lieu dimanche 24 ao\u00fbt, \u00e0 20h45, au Stade Pierre-Mauroy de Lille.<\/p>\n<p>Premier choc<\/p>\n<p style=\"text-align: justify;\">Lille est ambitieux en cette saison. Apr\u00e8s avoir rat\u00e9 la qualification en Ligue des Champions, le club nordiste a frapp\u00e9 fort en rapatriant <strong>Olivier Giroud<\/strong>. Et d\u00e8s son premier match, <a href=\"https:\/\/dicodusport.fr\/blog\/top-10-des-meilleurs-buteurs-de-lequipe-de-france-de-football\/\" target=\"_blank\" rel=\"noopener\">le meilleur buteur de l\u2019histoire de l\u2019\u00e9quipe de France<\/a> a trouv\u00e9 la mire. N\u00e9anmoins, cela n\u2019a pas permis la victoire, puisque le LOSC a conc\u00e9d\u00e9 le nul \u00e0 Brest apr\u00e8s un match hom\u00e9rique. Pour la premi\u00e8re \u00e0 domicile, il faudra la victoire.<\/p>\n<p><a href=\"https:\/\/dicodusport.fr\/blog\/ligue-1-2025-2026-j1-brest-et-lille-se-neutralisent-a-lissue-dun-match-dingue\/\" class=\"vlp-link\" title=\"Ligue 1 2025\/2026 (J1) : Brest et Lille se neutralisent \u00e0 l&#039;issue d&#039;un match dingue\" target=\"_blank\" rel=\"noopener\"><img loading=\"lazy\" decoding=\"async\" style=\"max-width: 792px;\" width=\"792\" height=\"445\" class=\"attachment-800x445 size-800x445 perfmatters-lazy\" alt=\"Ligue 1 2025\/2026 (J1) : Brest et Lille se neutralisent \u00e0 l'issue d'un match dingue\" src=\"https:\/\/www.europesays.com\/fr\/wp-content\/uploads\/2025\/08\/Ligue-1-20252026-J1-Brest-et-Lille-se-neutralisent-a-lissue-dun-match-dingue.png\"  data-\/><\/p>\n<p>Ligue 1 2025\/2026 (J1) : Brest et Lille se neutralisent \u00e0 l&rsquo;issue d&rsquo;un match dingue<\/p>\n<p>LIGUE 1 2025-2026 &#8211; Au terme d&rsquo;un match spectaculaire et \u00e0 rebondissements, Brest et Lille se sont partag\u00e9s les points \u00e0 Francis-le-Bl\u00e9, 3-3. Men\u00e9s 2-0 puis 3-2, les Bretons ont fait preuve de r\u00e9silience pour arracher le nul face aux partenaires d&rsquo;un Olivier Giroud d\u00e9j\u00e0 buteur.<\/p>\n<p>Lire l&rsquo;article<\/p>\n<p>dicodusport.fr<\/p>\n<p style=\"text-align: justify;\">Pour <strong>Monaco<\/strong>, la saison a bien commenc\u00e9. Alors qu\u2019<strong>Adi H\u00fctter<\/strong> ne peut pas encore compter sur son effectif au complet, <strong>Paul Pogba<\/strong> et <strong>Ansu Fati<\/strong> \u00e9tant encore loin d\u2019un retour, l\u2019ASM a tranquillement dispos\u00e9 du Havre <strong>3-1<\/strong> pour d\u00e9marrer sa saison. N\u00e9anmoins, les Mon\u00e9gasques vont passer un premier gros test \u00e0 l\u2019ext\u00e9rieur ce dimanche, et pourraient lancer pour de bon leur saison en ramenant un r\u00e9sultat du Nord.<\/p>\n<p style=\"text-align: justify;\">La saison pass\u00e9e, les deux \u00e9quipes s\u2019\u00e9taient quitt\u00e9es sur un score nul et vierge \u00e0 Monaco, avant que Lille ne l\u2019emporte <strong>2-1<\/strong> \u00e0 domicile au retour, gr\u00e2ce \u00e0 un doubl\u00e9 de <strong>H\u00e1kon\u00a0Arnar Haraldsson<\/strong>, qui est rest\u00e9 dans le Nord cet \u00e9t\u00e9. N\u00e9anmoins, chez les bookmakers, c\u2019est Monaco qui est l\u00e9g\u00e8rement favori de cette rencontre.<\/p>\n<p>Ligue 1 : Le programme TV de Lille \u2013 Monaco<br \/>\nDimanche 24 ao\u00fbt 2025<\/p>\n<p style=\"text-align: justify;\"><b>Match diffus\u00e9 sur Ligue 1+<\/b><b>\u00a0: <\/b>D\u00e9but du match \u00e0<strong> 20h45.<\/strong><\/p>\n<p>Les compositions probables de Lille \u2013 Monaco<br \/>\nLa composition de Lille<\/p>\n<p style=\"text-align: justify;\">\u00c0 venir<\/p>\n<p>La composition de Monaco<\/p>\n<p style=\"text-align: justify;\">\u00c0 venir<\/p>\n<p>Les cotes de Lille \u2013 Monaco<\/p>\n<tr style=\"height: 16px;\">\n<td style=\"background-color: #404040; border-color: #ededed; width: 840px; text-align: left;\" colspan=\"3\"><strong><img loading=\"lazy\" decoding=\"async\" class=\"alignnone wp-image-512842 perfmatters-lazy\" alt=\"\" width=\"14\" height=\"13\" src=\"https:\/\/www.europesays.com\/fr\/wp-content\/uploads\/2025\/05\/Logo-Winamax.png\"  data-\/> Dimanche 23 ao\u00fbt, 20h45<\/strong><\/td>\n<\/tr>\n<tr style=\"height: 24px;\">\n<td style=\"background-color: #ffffff; border-color: #ededed; vertical-align: middle; text-align: center; width: 266px;\"><strong>Lille<br \/><\/strong><a href=\"https:\/\/www.winamax.fr\/paris-sportifs\/match\/61525990?banid=33423\" class=\"su-button su-button-style-flat su-button-wide\" style=\"color:#fff;background-color:#0860ff;border-color:#074dcc;border-radius:5px\" target=\"_blank\" rel=\"noopener noreferrer\"> 2.90<\/a><\/td>\n<td style=\"background-color: #ffffff; border-color: #ededed; vertical-align: middle; text-align: center; width: 266px;\"><strong>Match nul<\/strong><br \/><a href=\"https:\/\/www.winamax.fr\/paris-sportifs\/match\/61525990?banid=33423\" class=\"su-button su-button-style-flat su-button-wide\" style=\"color:#fff;background-color:#0860ff;border-color:#074dcc;border-radius:5px\" target=\"_blank\" rel=\"noopener noreferrer\"> 3.70<\/a><\/td>\n<td style=\"background-color: #ffffff; border-color: #ededed; vertical-align: middle; text-align: center; width: 266px;\"><strong>Monaco<\/strong><br \/><a href=\"https:\/\/www.winamax.fr\/paris-sportifs\/match\/61525990?banid=33423\" class=\"su-button su-button-style-flat su-button-wide\" style=\"color:#fff;background-color:#0860ff;border-color:#074dcc;border-radius:5px\" target=\"_blank\" rel=\"noopener noreferrer\"> 2.25<\/a><\/td>\n<\/tr>\n<p style=\"text-align: justify;\">Tentez votre chance en profitant de votre <a href=\"https:\/\/www.winamax.fr\/registration\/landing\/affiliation_Bonus100?banid=33423\" target=\"_blank\" rel=\"noopener\">1er d\u00e9p\u00f4t doubl\u00e9 jusqu\u2019\u00e0 100 \u20ac<\/a> direct en paris gratuits sur Winamax !<\/p>\n<p>\n<a href=\"https:\/\/dicodusport.fr\/blog\/offres\/abonnements-sans-pub\/\" target=\"_blank\" rel=\"noopener\"><img loading=\"lazy\" decoding=\"async\" class=\"alignnone size-full wp-image-501284 perfmatters-lazy\" alt=\"\" width=\"1200\" height=\"200\" src=\"https:\/\/www.europesays.com\/fr\/wp-content\/uploads\/2025\/04\/Abonnements-sans-pubs-Dicodusport.png\"\/><\/a><\/p>\n","protected":false},"excerpt":{"rendered":"LIGUE 1 2025-2026 \u2013 \u00c0 quelle heure et sur quelle cha\u00eene TV suivre le match de Ligue 1&hellip;\n","protected":false},"author":2,"featured_media":336660,"comment_status":"","ping_status":"","sticky":false,"template":"","format":"standard","meta":{"footnotes":""},"categories":[2815],"tags":[1111,11,2266,2113,1777,674,63,1011,27,811,4447,66,1307,12,502,25],"class_list":{"0":"post-336659","1":"post","2":"type-post","3":"status-publish","4":"format-standard","5":"has-post-thumbnail","7":"category-lille","8":"tag-actu","9":"tag-actualites","10":"tag-as-monaco","11":"tag-breve","12":"tag-eu","13":"tag-europe","14":"tag-football","15":"tag-fr","16":"tag-france","17":"tag-hauts-de-france","18":"tag-le-havre-ac","19":"tag-ligue-1","20":"tag-lille","21":"tag-news","22":"tag-programme-tv","23":"tag-republique-francaise"},"share_on_mastodon":{"url":"https:\/\/pubeurope.com\/@fr\/115073605338025588","error":""},"_links":{"self":[{"href":"https:\/\/www.europesays.com\/fr\/wp-json\/wp\/v2\/posts\/336659","targetHints":{"allow":["GET"]}}],"collection":[{"href":"https:\/\/www.europesays.com\/fr\/wp-json\/wp\/v2\/posts"}],"about":[{"href":"https:\/\/www.europesays.com\/fr\/wp-json\/wp\/v2\/types\/post"}],"author":[{"embeddable":true,"href":"https:\/\/www.europesays.com\/fr\/wp-json\/wp\/v2\/users\/2"}],"replies":[{"embeddable":true,"href":"https:\/\/www.europesays.com\/fr\/wp-json\/wp\/v2\/comments?post=336659"}],"version-history":[{"count":0,"href":"https:\/\/www.europesays.com\/fr\/wp-json\/wp\/v2\/posts\/336659\/revisions"}],"wp:featuredmedia":[{"embeddable":true,"href":"https:\/\/www.europesays.com\/fr\/wp-json\/wp\/v2\/media\/336660"}],"wp:attachment":[{"href":"https:\/\/www.europesays.com\/fr\/wp-json\/wp\/v2\/media?parent=336659"}],"wp:term":[{"taxonomy":"category","embeddable":true,"href":"https:\/\/www.europesays.com\/fr\/wp-json\/wp\/v2\/categories?post=336659"},{"taxonomy":"post_tag","embeddable":true,"href":"https:\/\/www.europesays.com\/fr\/wp-json\/wp\/v2\/tags?post=336659"}],"curies":[{"name":"wp","href":"https:\/\/api.w.org\/{rel}","templated":true}]}}