{"id":336661,"date":"2025-08-22T17:30:13","date_gmt":"2025-08-22T17:30:13","guid":{"rendered":"https:\/\/www.europesays.com\/fr\/336661\/"},"modified":"2025-08-22T17:30:13","modified_gmt":"2025-08-22T17:30:13","slug":"la-lecon-du-29-01-2026-au-13-02-2026-marseille","status":"publish","type":"post","link":"https:\/\/www.europesays.com\/fr\/336661\/","title":{"rendered":"La le\u00e7on &#8211; Du 29\/01\/2026 au 13\/02\/2026 &#8211; Marseille"},"content":{"rendered":"<p>Dans un jardin abandonn\u00e9, un professeur accueille une \u00e9l\u00e8ve. Elle est jeune, enthousiaste, avide d\u2019apprendre. Lui est savant, s\u00fbr de son savoir. Mais tr\u00e8s vite, le langage devient un pi\u00e8ge. Une d\u00e9monstration absurde de math\u00e9matiques, une le\u00e7on de philologie d\u00e9lirante\u2026 et la pression monte. Qui enseigne quoi et \u00e0 qui ? Ce huis clos \u00e0 la m\u00e9canique implacable et farouchement dr\u00f4le permet \u00e0 Ionesco de diss\u00e9quer l\u2019absurdit\u00e9 de la domination et des rapports de pouvoir. Apr\u00e8s l\u2019avoir jou\u00e9e en 2015 sous la direction de Christian Schiaretti, Robin Renucci remet en lumi\u00e8re cette fable mordante qui s\u2019impose \u00e0 lui en tant qu\u2019acteur, metteur en sc\u00e8ne, directeur de lieu et p\u00e9dagogue.<\/p>\n<p>&#13;<\/p>\n<p>De\u00a0Eug\u00e8ne Ionesco<br \/>Mise en sc\u00e8ne\u00a0Robin Renucci<br \/>Avec\u00a0Robin Renucci, In\u00e8s Valarcher\u00a0et\u00a0Christine Pignet<\/p>\n<p>&#13;<\/p>\n<p>Dur\u00e9e 1h15<\/p>\n<p>&#13;<\/p>\n<p>Infos\/billetterie en ligne :\u00a0<a href=\"https:\/\/theatre-lacriee.com\/programmation\/spectacles\" target=\"_blank\" rel=\"nofollow noopener\">theatre-lacriee.com<\/a><\/p>\n","protected":false},"excerpt":{"rendered":"Dans un jardin abandonn\u00e9, un professeur accueille une \u00e9l\u00e8ve. Elle est jeune, enthousiaste, avide d\u2019apprendre. Lui est savant,&hellip;\n","protected":false},"author":2,"featured_media":336662,"comment_status":"","ping_status":"","sticky":false,"template":"","format":"standard","meta":{"footnotes":""},"categories":[2814],"tags":[1111,11,1777,674,1011,27,884,12,882,25],"class_list":{"0":"post-336661","1":"post","2":"type-post","3":"status-publish","4":"format-standard","5":"has-post-thumbnail","7":"category-marseille","8":"tag-actu","9":"tag-actualites","10":"tag-eu","11":"tag-europe","12":"tag-fr","13":"tag-france","14":"tag-marseille","15":"tag-news","16":"tag-provence-alpes-cote-dazur","17":"tag-republique-francaise"},"share_on_mastodon":{"url":"https:\/\/pubeurope.com\/@fr\/115073608817163347","error":""},"_links":{"self":[{"href":"https:\/\/www.europesays.com\/fr\/wp-json\/wp\/v2\/posts\/336661","targetHints":{"allow":["GET"]}}],"collection":[{"href":"https:\/\/www.europesays.com\/fr\/wp-json\/wp\/v2\/posts"}],"about":[{"href":"https:\/\/www.europesays.com\/fr\/wp-json\/wp\/v2\/types\/post"}],"author":[{"embeddable":true,"href":"https:\/\/www.europesays.com\/fr\/wp-json\/wp\/v2\/users\/2"}],"replies":[{"embeddable":true,"href":"https:\/\/www.europesays.com\/fr\/wp-json\/wp\/v2\/comments?post=336661"}],"version-history":[{"count":0,"href":"https:\/\/www.europesays.com\/fr\/wp-json\/wp\/v2\/posts\/336661\/revisions"}],"wp:featuredmedia":[{"embeddable":true,"href":"https:\/\/www.europesays.com\/fr\/wp-json\/wp\/v2\/media\/336662"}],"wp:attachment":[{"href":"https:\/\/www.europesays.com\/fr\/wp-json\/wp\/v2\/media?parent=336661"}],"wp:term":[{"taxonomy":"category","embeddable":true,"href":"https:\/\/www.europesays.com\/fr\/wp-json\/wp\/v2\/categories?post=336661"},{"taxonomy":"post_tag","embeddable":true,"href":"https:\/\/www.europesays.com\/fr\/wp-json\/wp\/v2\/tags?post=336661"}],"curies":[{"name":"wp","href":"https:\/\/api.w.org\/{rel}","templated":true}]}}