{"id":336665,"date":"2025-08-22T17:32:11","date_gmt":"2025-08-22T17:32:11","guid":{"rendered":"https:\/\/www.europesays.com\/fr\/336665\/"},"modified":"2025-08-22T17:32:11","modified_gmt":"2025-08-22T17:32:11","slug":"avec-limmeuble-au-dessus-cest-presque-une-tentative-de-meurtre","status":"publish","type":"post","link":"https:\/\/www.europesays.com\/fr\/336665\/","title":{"rendered":"\u00ab\u00a0Avec l\u2019immeuble au-dessus, c\u2019est presque une tentative de meurtre\u00a0\u00bb"},"content":{"rendered":"<p>\u00ab\u00a0C\u2019est totalement inconscient de faire \u00e7a\u00a0\u00bb, s\u2019exclame scandalis\u00e9 S\u00e9bastien Carret, PDG du groupe Corneille Saint-Marc depuis 2008. Dans la nuit de mercredi \u00e0 jeudi, un individu vandalise \u00e0 deux reprises son agence situ\u00e9e au 179, avenue Jean-Jaur\u00e8s, \u00e0 D\u00e9cines.<\/p>\n<p>Sur les cam\u00e9ras de surveillance pr\u00e9sentes sur le parking et dans les bureaux, on voit un jeune&#8230;<\/p>\n","protected":false},"excerpt":{"rendered":"\u00ab\u00a0C\u2019est totalement inconscient de faire \u00e7a\u00a0\u00bb, s\u2019exclame scandalis\u00e9 S\u00e9bastien Carret, PDG du groupe Corneille Saint-Marc depuis 2008. Dans&hellip;\n","protected":false},"author":2,"featured_media":336666,"comment_status":"","ping_status":"","sticky":false,"template":"","format":"standard","meta":{"footnotes":""},"categories":[1889],"tags":[1111,11,2430,4624,3152,1777,674,274,107,1011,27,1310,2428,12,18283,25,2429],"class_list":{"0":"post-336665","1":"post","2":"type-post","3":"status-publish","4":"format-standard","5":"has-post-thumbnail","7":"category-lyon","8":"tag-actu","9":"tag-actualites","10":"tag-auvergne-rhone-alpes","11":"tag-decines-charpieu","12":"tag-edition-est-lyonnais","13":"tag-eu","14":"tag-europe","15":"tag-faits-divers-justice","16":"tag-fil-info","17":"tag-fr","18":"tag-france","19":"tag-incendie","20":"tag-lyon","21":"tag-news","22":"tag-plaine-de-lest","23":"tag-republique-francaise","24":"tag-rhone"},"share_on_mastodon":{"url":"https:\/\/pubeurope.com\/@fr\/115073616713731903","error":""},"_links":{"self":[{"href":"https:\/\/www.europesays.com\/fr\/wp-json\/wp\/v2\/posts\/336665","targetHints":{"allow":["GET"]}}],"collection":[{"href":"https:\/\/www.europesays.com\/fr\/wp-json\/wp\/v2\/posts"}],"about":[{"href":"https:\/\/www.europesays.com\/fr\/wp-json\/wp\/v2\/types\/post"}],"author":[{"embeddable":true,"href":"https:\/\/www.europesays.com\/fr\/wp-json\/wp\/v2\/users\/2"}],"replies":[{"embeddable":true,"href":"https:\/\/www.europesays.com\/fr\/wp-json\/wp\/v2\/comments?post=336665"}],"version-history":[{"count":0,"href":"https:\/\/www.europesays.com\/fr\/wp-json\/wp\/v2\/posts\/336665\/revisions"}],"wp:featuredmedia":[{"embeddable":true,"href":"https:\/\/www.europesays.com\/fr\/wp-json\/wp\/v2\/media\/336666"}],"wp:attachment":[{"href":"https:\/\/www.europesays.com\/fr\/wp-json\/wp\/v2\/media?parent=336665"}],"wp:term":[{"taxonomy":"category","embeddable":true,"href":"https:\/\/www.europesays.com\/fr\/wp-json\/wp\/v2\/categories?post=336665"},{"taxonomy":"post_tag","embeddable":true,"href":"https:\/\/www.europesays.com\/fr\/wp-json\/wp\/v2\/tags?post=336665"}],"curies":[{"name":"wp","href":"https:\/\/api.w.org\/{rel}","templated":true}]}}