{"id":336675,"date":"2025-08-22T17:38:11","date_gmt":"2025-08-22T17:38:11","guid":{"rendered":"https:\/\/www.europesays.com\/fr\/336675\/"},"modified":"2025-08-22T17:38:11","modified_gmt":"2025-08-22T17:38:11","slug":"paul-mirabel-tourne-dans-paris-une-serie-pour-prime-video","status":"publish","type":"post","link":"https:\/\/www.europesays.com\/fr\/336675\/","title":{"rendered":"Paul Mirabel tourne dans Paris une s\u00e9rie pour Prime Video"},"content":{"rendered":"<p class=\"paragraph text_align_left lp-f-body-02\">Deux acteurs sur un scooter, tract\u00e9s par un v\u00e9hicule avec une cam\u00e9ra. \u00c0 l\u2019arri\u00e8re du deux-roues, <a href=\"https:\/\/www.leparisien.fr\/culture-loisirs\/humour\/couple-sexe-gloire-feminisme-lhumoriste-paul-mirabel-devoile-un-nouveau-visage-dans-par-amour-20-09-2024-LG6IIJ7KY5BXNMXBKJPINH4D6I.php\" target=\"_blank\" rel=\"noreferrer nofollow noopener\">le com\u00e9dien de stand-up Paul Mirabel,<\/a> affubl\u00e9 d\u2019un casque rose. Ce vendredi, les habitants du quartier autour du square Bolivar, dans le XIXe\u00a0arrondissement de Paris, ont pu assister \u00e0 cette sc\u00e8ne d\u2019une s\u00e9rie intitul\u00e9e \u00ab\u00a0Paul\u00a0\u00bb. Ce titre, encore provisoire, \u00e9tait mentionn\u00e9 sur les fiches destin\u00e9es \u00e0 pr\u00e9venir le voisinage des neutralisations de circulation dans le quartier.<\/p>\n<p class=\"paragraph text_align_left lp-f-body-02\">D\u2019apr\u00e8s nos informations, il s\u2019agit d\u2019une fiction des r\u00e9alisateurs Antoine de Bary et Nathana\u00ebl Munnich, destin\u00e9e \u00e0 \u00eatre diffus\u00e9e sur <a href=\"https:\/\/www.leparisien.fr\/culture-loisirs\/prime-video\/\" target=\"_blank\" rel=\"noreferrer nofollow noopener\">Prime Video<\/a>, bien que la plate-forme, que nous avons contact\u00e9e, ne confirme pas. Produite par Iconozon, la s\u00e9rie devrait \u00eatre compos\u00e9e de six \u00e9pisodes.<\/p>\n<p class=\"paragraph text_align_left lp-f-body-02\">Selon le site de l\u2019Afar (association fran\u00e7aise des assistants r\u00e9alisateurs de fiction), il est pr\u00e9vu que le tournage se d\u00e9roule d\u2019ao\u00fbt \u00e0 octobre entre Paris, Montpellier et l\u2019Espagne. Au regard de ces dates, il serait donc logique que cette nouveaut\u00e9 soit disponible sur la plate-forme en 2026.<\/p>\n<p>Une autofiction sur Paul Mirabel\u00a0?<\/p>\n<p class=\"paragraph text_align_left lp-f-body-02\">Rien n\u2019a encore fuit\u00e9 concernant le contenu de la s\u00e9rie, qui pourrait n\u00e9anmoins \u00eatre une autofiction sur Paul Mirabel lui-m\u00eame. L\u2019humoriste suisse <a href=\"https:\/\/www.leparisien.fr\/culture-loisirs\/retenez-bien-son-nom-marina-rollman-la-verve-helvete-12-11-2018-7937442.php\" target=\"_blank\" rel=\"noreferrer nofollow noopener\">Marina Rollman <\/a>a collabor\u00e9 \u00e0 l\u2019\u00e9criture, comme l\u2019indique son CV disponible sur le site de son agence artistique (UBBA). Quant au casting, d\u2019autres noms de l\u2019humour seront de la partie selon nos informations, dont <a href=\"https:\/\/www.leparisien.fr\/culture-loisirs\/florence-foresti-on-doit-presque-sexcuser-daimer-les-hommes-en-ce-moment-on-croit-rever-23-09-2022-WWFQ6KESOJF7ZKRX6PLFUOXQCQ.php?ts=1664535614321\" target=\"_self\" rel=\"nofollow noopener\">Florence Foresti<\/a> et Marine Leonardi.<\/p>\n<p class=\"paragraph text_align_left lp-f-body-02\">Apr\u00e8s un premier spectacle \u00ab\u00a0Z\u00e8bre\u00a0\u00bb, dont la version film\u00e9e a \u00e9t\u00e9 r\u00e9alis\u00e9e par Nathana\u00ebl Munnich justement, Paul Mirabel est encore en tourn\u00e9e avec le suivant, \u00ab\u00a0Par Amour\u00a0\u00bb, qui lui a valu <a href=\"https:\/\/www.leparisien.fr\/culture-loisirs\/molieres-2025-jean-philippe-daguerre-et-le-soulier-de-satin-stars-de-la-soiree-28-04-2025-34Z7BZ6H45HB5N423MI62QYZZM.php\" target=\"_blank\" rel=\"noreferrer nofollow noopener\">le Moli\u00e8re 2025<\/a> de l\u2019humour. Il sera notamment \u00e0 L\u2019Accor Arena les 10 et 11\u00a0avril 2026.<\/p>\n","protected":false},"excerpt":{"rendered":"Deux acteurs sur un scooter, tract\u00e9s par un v\u00e9hicule avec une cam\u00e9ra. \u00c0 l\u2019arri\u00e8re du deux-roues, le com\u00e9dien&hellip;\n","protected":false},"author":2,"featured_media":336676,"comment_status":"","ping_status":"","sticky":false,"template":"","format":"standard","meta":{"footnotes":""},"categories":[1888],"tags":[11,872,1777,674,1011,27,12,626,25,1314],"class_list":{"0":"post-336675","1":"post","2":"type-post","3":"status-publish","4":"format-standard","5":"has-post-thumbnail","7":"category-paris","8":"tag-actualites","9":"tag-culture-et-loisirs","10":"tag-eu","11":"tag-europe","12":"tag-fr","13":"tag-france","14":"tag-news","15":"tag-paris","16":"tag-republique-francaise","17":"tag-series"},"share_on_mastodon":{"url":"https:\/\/pubeurope.com\/@fr\/115073640332326040","error":""},"_links":{"self":[{"href":"https:\/\/www.europesays.com\/fr\/wp-json\/wp\/v2\/posts\/336675","targetHints":{"allow":["GET"]}}],"collection":[{"href":"https:\/\/www.europesays.com\/fr\/wp-json\/wp\/v2\/posts"}],"about":[{"href":"https:\/\/www.europesays.com\/fr\/wp-json\/wp\/v2\/types\/post"}],"author":[{"embeddable":true,"href":"https:\/\/www.europesays.com\/fr\/wp-json\/wp\/v2\/users\/2"}],"replies":[{"embeddable":true,"href":"https:\/\/www.europesays.com\/fr\/wp-json\/wp\/v2\/comments?post=336675"}],"version-history":[{"count":0,"href":"https:\/\/www.europesays.com\/fr\/wp-json\/wp\/v2\/posts\/336675\/revisions"}],"wp:featuredmedia":[{"embeddable":true,"href":"https:\/\/www.europesays.com\/fr\/wp-json\/wp\/v2\/media\/336676"}],"wp:attachment":[{"href":"https:\/\/www.europesays.com\/fr\/wp-json\/wp\/v2\/media?parent=336675"}],"wp:term":[{"taxonomy":"category","embeddable":true,"href":"https:\/\/www.europesays.com\/fr\/wp-json\/wp\/v2\/categories?post=336675"},{"taxonomy":"post_tag","embeddable":true,"href":"https:\/\/www.europesays.com\/fr\/wp-json\/wp\/v2\/tags?post=336675"}],"curies":[{"name":"wp","href":"https:\/\/api.w.org\/{rel}","templated":true}]}}