{"id":336681,"date":"2025-08-22T17:41:15","date_gmt":"2025-08-22T17:41:15","guid":{"rendered":"https:\/\/www.europesays.com\/fr\/336681\/"},"modified":"2025-08-22T17:41:15","modified_gmt":"2025-08-22T17:41:15","slug":"guerre-en-ukraine-plus-dun-million-de-civils-doivent-etre-evacues-de-la-ligne-de-front","status":"publish","type":"post","link":"https:\/\/www.europesays.com\/fr\/336681\/","title":{"rendered":"Guerre en Ukraine : plus d&rsquo;un million de civils doivent \u00eatre \u00e9vacu\u00e9s de la ligne de front"},"content":{"rendered":"<p>          <img decoding=\"async\" class=\"c-ad__placeholder__logo\" src=\"https:\/\/static.euronews.com\/website\/images\/logos\/logo-euronews-stacked-outlined-72x72-grey-9.svg\" width=\"72\" height=\"72\" alt=\"\" loading=\"lazy\"\/><br \/>\n          PUBLICIT\u00c9<\/p>\n<p>Les autorit\u00e9s ukrainiennes ont d\u00e9clar\u00e9 vendredi que pr\u00e8s de 1 100 000 personnes avaient besoin d&rsquo;\u00eatre \u00e9vacu\u00e9es des r\u00e9gions de <strong>la ligne de front dans l&rsquo;est de l&rsquo;Ukraine,<\/strong> dont environ 84 000 enfants.<\/p>\n<p>Selon le vice-ministre ukrainien du D\u00e9veloppement communautaire et territorial, Oleksiy Ryabykin, plus de <strong>600 000 personnes ont d\u00e9j\u00e0 \u00e9t\u00e9 \u00e9vacu\u00e9es<\/strong> des r\u00e9gions de Donetsk et de Dnipropetrovsk.<\/p>\n<p>De plus en plus de civils sont en danger \u00e0 cause des bombardements et des assauts militaires russes dans <strong>les r\u00e9gions du Donetsk et de Dnipropetrovsk.<\/strong><\/p>\n<p>Nombreux sont ceux qui, \u00e9chappant aux bombardements incessants, n&#8217;emportent que ce qui compte le plus : leur famille, leurs animaux de compagnie et quelques effets personnels.<\/p>\n<p>Nataliia, une habitante du village de Novohryshyne, dans la r\u00e9gion de Donetsk, explique qu&rsquo;elle n&rsquo;a pu emporter que cinq chiens et deux sacs lors de l&rsquo;\u00e9vacuation.<\/p>\n<p>Olha et Olena, de Dobropillia, ont quant \u00e0 elles d\u00e9clar\u00e9 avoir r\u00e9ussi \u00e0 emporter cinq perruches et quelques articles m\u00e9nagers. \u00ab\u00a0Il est d\u00e9j\u00e0 trop effrayant de rester \u00e0 Dobropillia\u00a0\u00bb, admet Tetiana, la m\u00e8re d&rsquo;Olena.<\/p>\n<p>Selon les autorit\u00e9s locales, environ <strong>16 000 personnes \u00e0 mobilit\u00e9 r\u00e9duite<\/strong> ont besoin d&rsquo;\u00eatre \u00e9vacu\u00e9es dans la r\u00e9gion de Donetsk.<\/p>\n<p>Liubov, 75 ans, originaire d&rsquo;Avdiivka, qui vivait depuis six mois \u00e0 Myrnohrad, a \u00e9t\u00e9 \u00e9vacu\u00e9e sans rien. Elle a \u00e9t\u00e9 bless\u00e9e lors d&rsquo;un bombardement. \u00ab\u00a0Mon bras ne fonctionne pas bien\u00a0\u00bb, dit-elle.<\/p>\n<p>\u00ab\u00a0J&rsquo;ai besoin d&rsquo;une op\u00e9ration. Je veux rentrer chez moi, \u00e0 Avdiivka. En 2015, j&rsquo;ai enterr\u00e9 mon fils l\u00e0-bas, \u00e0 Avdiivka. Un fragment a vol\u00e9 \u00e0 l&rsquo;int\u00e9rieur. Il dormait, il revenait du travail, en plein dans le temple, et c&rsquo;est tout. Sa tombe est l\u00e0. J&rsquo;ai 75 ans. Tous mes documents ont br\u00fbl\u00e9\u00a0\u00bb, d\u00e9plore-t-elle.<\/p>\n<p>Les associations caritatives offrent un abri temporaire aux personnes \u00e9vacu\u00e9es<\/p>\n<p>Toutes ces personnes sont d\u00e9sormais h\u00e9berg\u00e9es au centre de transit de Pavlohrad, o\u00f9 les personnes d\u00e9plac\u00e9es de la r\u00e9gion de Donetsk peuvent rester plusieurs jours. Pendant ce temps, des b\u00e9n\u00e9voles les aident \u00e0 <strong>reconstituer leurs papiers et \u00e0 trouver un logement dans des zones plus s\u00fbres.<\/strong><\/p>\n<p>Les gens arrivent d\u00e9sorient\u00e9s et effray\u00e9s. Certains ont tout perdu, explique Ivan Saverskyi, repr\u00e9sentant de la fondation caritative SOS Est, qui rencontre les personnes \u00e9vacu\u00e9es.<\/p>\n<p>Selon Ivan Saverskyi, une nouvelle tente est en cours d&rsquo;installation au centre pour accueillir davantage de personnes, les b\u00e9n\u00e9voles <strong>se pr\u00e9parant \u00e0 l&rsquo;\u00e9ventualit\u00e9 d&rsquo;une augmentation du nombre de personnes \u00e9vacu\u00e9es<\/strong> ayant besoin d&rsquo;un abri d&rsquo;ici \u00e0 l&rsquo;automne.<\/p>\n<p>\u00ab\u00a0Une personne peut rester ici pendant environ cinq jours. Nous proposons une aide financi\u00e8re, une assistance juridique et, bien s\u00fbr, un soutien psychologique\u00a0\u00bb, explique Ivan Saverskyi.<\/p>\n<p>\u00ab\u00a0Nous disposons \u00e9galement de kits alimentaires, qui ne proviennent pas directement de nous, mais d&rsquo;organisations partenaires. Les gens peuvent les recevoir ici. Nous disposons \u00e9galement d&rsquo;une cuisine permanente. Une personne peut prendre une douche, un petit-d\u00e9jeuner et rester dans un endroit s\u00fbr\u00a0\u00bb, a-t-il ajout\u00e9.<\/p>\n<p>La r\u00e9gion ukrainienne de Donetsk est devenue l&rsquo;\u00e9picentre d&rsquo;une d\u00e9cennie de tentatives des forces russes pour en prendre le contr\u00f4le total.<\/p>\n<p>La semaine derni\u00e8re, le pr\u00e9sident ukrainien, Volodymyr Zelensky, a averti que la Russie voulait les 9 000 kilom\u00e8tres carr\u00e9s restants de Donetsk actuellement sous le contr\u00f4le de Kiev, une proposition que le dirigeant ukrainien a rejet\u00e9e.<\/p>\n<p>Selon Volodymyr Zelensky, l&rsquo;abandon de Donetsk signifierait la chute d&rsquo;un rempart contre toute future avanc\u00e9e russe.<\/p>\n","protected":false},"excerpt":{"rendered":"PUBLICIT\u00c9 Les autorit\u00e9s ukrainiennes ont d\u00e9clar\u00e9 vendredi que pr\u00e8s de 1 100 000 personnes avaient besoin d&rsquo;\u00eatre \u00e9vacu\u00e9es&hellip;\n","protected":false},"author":2,"featured_media":336682,"comment_status":"","ping_status":"","sticky":false,"template":"","format":"standard","meta":{"footnotes":""},"categories":[1590],"tags":[11,29539,1777,674,5220,2025,12,220],"class_list":{"0":"post-336681","1":"post","2":"type-post","3":"status-publish","4":"format-standard","5":"has-post-thumbnail","7":"category-ukraine","8":"tag-actualites","9":"tag-donetsk","10":"tag-eu","11":"tag-europe","12":"tag-evacuation","13":"tag-invasion-de-la-russie-en-ukraine","14":"tag-news","15":"tag-ukraine"},"share_on_mastodon":{"url":"https:\/\/pubeurope.com\/@fr\/115073652138037506","error":""},"_links":{"self":[{"href":"https:\/\/www.europesays.com\/fr\/wp-json\/wp\/v2\/posts\/336681","targetHints":{"allow":["GET"]}}],"collection":[{"href":"https:\/\/www.europesays.com\/fr\/wp-json\/wp\/v2\/posts"}],"about":[{"href":"https:\/\/www.europesays.com\/fr\/wp-json\/wp\/v2\/types\/post"}],"author":[{"embeddable":true,"href":"https:\/\/www.europesays.com\/fr\/wp-json\/wp\/v2\/users\/2"}],"replies":[{"embeddable":true,"href":"https:\/\/www.europesays.com\/fr\/wp-json\/wp\/v2\/comments?post=336681"}],"version-history":[{"count":0,"href":"https:\/\/www.europesays.com\/fr\/wp-json\/wp\/v2\/posts\/336681\/revisions"}],"wp:featuredmedia":[{"embeddable":true,"href":"https:\/\/www.europesays.com\/fr\/wp-json\/wp\/v2\/media\/336682"}],"wp:attachment":[{"href":"https:\/\/www.europesays.com\/fr\/wp-json\/wp\/v2\/media?parent=336681"}],"wp:term":[{"taxonomy":"category","embeddable":true,"href":"https:\/\/www.europesays.com\/fr\/wp-json\/wp\/v2\/categories?post=336681"},{"taxonomy":"post_tag","embeddable":true,"href":"https:\/\/www.europesays.com\/fr\/wp-json\/wp\/v2\/tags?post=336681"}],"curies":[{"name":"wp","href":"https:\/\/api.w.org\/{rel}","templated":true}]}}