{"id":336683,"date":"2025-08-22T17:42:12","date_gmt":"2025-08-22T17:42:12","guid":{"rendered":"https:\/\/www.europesays.com\/fr\/336683\/"},"modified":"2025-08-22T17:42:12","modified_gmt":"2025-08-22T17:42:12","slug":"carney-leve-une-grande-partie-des-tarifs-sur-les-produits-americains","status":"publish","type":"post","link":"https:\/\/www.europesays.com\/fr\/336683\/","title":{"rendered":"Carney l\u00e8ve une grande partie des tarifs sur les produits am\u00e9ricains"},"content":{"rendered":"<p>Le premier ministre Mark Carney baisse les coudes. Il a annonc\u00e9 vendredi qu&rsquo;il annule les droits des douanes sur les produits am\u00e9ricains qui sont conformes \u00e0 l\u2019Accord Canada\u2013\u00c9tats-Unis\u2013Mexique (ACEUM) \u00e0 compter du 1er\u00a0septembre.<\/p>\n<p>Cette d\u00e9cision survient au moment o\u00f9 les discussions sur la r\u00e9vision de l\u2019ACEUM doivent s\u2019intensifier. En supprimant la surtaxe de 25 % sur de nombreux biens de consommation am\u00e9ricains \u2014 allant du vin aux v\u00eatements en passant par le jus d\u2019orange \u2014 Ottawa esp\u00e8re r\u00e9duire les tensions qui perdurent avec la Maison-Blanche.<\/p>\n<p>\u00abJ\u2019annonce aujourd\u2019hui que le gouvernement du Canada prendra des mesures \u00e9quivalentes \u00e0 celles des \u00c9tats- Unis et \u00e9liminera tous les droits de douane canadiens sur les marchandises am\u00e9ricaines qui sont vis\u00e9es par l\u2019ACEUM. Cette d\u00e9cision entrera en vigueur le 1er septembre 2025\u00bb, a d\u00e9clar\u00e9 le premier ministre lors d&rsquo;un point de presse vendredi midi.<\/p>\n<p>Carney a d\u00e9clar\u00e9 que cette d\u00e9cision visait \u00e0 faire \u00e9cho \u00e0 la d\u00e9cision am\u00e9ricaine de ne pas imposer de droits de douane sur les marchandises conformes \u00e0 l&rsquo;Accord Canada-\u00c9tats-Unis-Mexique.<\/p>\n<p>Cette annonce intervient au lendemain d&rsquo;un entretien t\u00e9l\u00e9phonique entre Carney et le pr\u00e9sident am\u00e9ricain Donald Trump, la premi\u00e8re conversation entre les deux dirigeants mondiaux depuis le d\u00e9but de l&rsquo;\u00e9t\u00e9.<\/p>\n<p>Certains tarifs demeurent toutefois. Les surtaxes de 25 % visant l\u2019acier, l\u2019aluminium et les automobiles en provenance des \u00c9tats-Unis resteront en vigueur. Ces secteurs sont particuli\u00e8rement sensibles, puisque le pr\u00e9sident Donald Trump a maintenu ses propres mesures punitives sur ces produits.<\/p>\n<p>\u00abLe taux tarifaire moyen actuel des \u00c9tats-Unis sur les marchandises canadiennes est de 5,6 %, ce qui demeure le plus bas parmi tous ses partenaires commerciaux, et plus de 85 % des \u00e9changes commerciaux entre le Canada et les \u00c9tats-Unis sont d\u00e9sormais exempts de tarifs\u00bb, a soulign\u00e9 M. Carney.<\/p>\n<p>\u00abSoyons clairs : le Canada a actuellement le meilleur accord commercial avec les \u00c9tats-Unis. Bien qu&rsquo;il soit diff\u00e9rent de ce que nous avions auparavant, il reste meilleur que celui de n&rsquo;importe quel autre pays\u00bb, a-t-il ajout\u00e9.<\/p>\n<p>Le Canada avait impos\u00e9 en mars des droits de douane de 25% sur une longue liste de produits am\u00e9ricains.\u00a0<\/p>\n","protected":false},"excerpt":{"rendered":"Le premier ministre Mark Carney baisse les coudes. Il a annonc\u00e9 vendredi qu&rsquo;il annule les droits des douanes&hellip;\n","protected":false},"author":2,"featured_media":336684,"comment_status":"","ping_status":"","sticky":false,"template":"","format":"standard","meta":{"footnotes":""},"categories":[1589],"tags":[11,73,1866,12,1864,1865,1863,308],"class_list":{"0":"post-336683","1":"post","2":"type-post","3":"status-publish","4":"format-standard","5":"has-post-thumbnail","7":"category-etats-unis","8":"tag-actualites","9":"tag-etats-unis","10":"tag-etats-unis-damerique","11":"tag-news","12":"tag-united-states","13":"tag-united-states-of-america","14":"tag-us","15":"tag-usa"},"share_on_mastodon":{"url":"https:\/\/pubeurope.com\/@fr\/115073656543005064","error":""},"_links":{"self":[{"href":"https:\/\/www.europesays.com\/fr\/wp-json\/wp\/v2\/posts\/336683","targetHints":{"allow":["GET"]}}],"collection":[{"href":"https:\/\/www.europesays.com\/fr\/wp-json\/wp\/v2\/posts"}],"about":[{"href":"https:\/\/www.europesays.com\/fr\/wp-json\/wp\/v2\/types\/post"}],"author":[{"embeddable":true,"href":"https:\/\/www.europesays.com\/fr\/wp-json\/wp\/v2\/users\/2"}],"replies":[{"embeddable":true,"href":"https:\/\/www.europesays.com\/fr\/wp-json\/wp\/v2\/comments?post=336683"}],"version-history":[{"count":0,"href":"https:\/\/www.europesays.com\/fr\/wp-json\/wp\/v2\/posts\/336683\/revisions"}],"wp:featuredmedia":[{"embeddable":true,"href":"https:\/\/www.europesays.com\/fr\/wp-json\/wp\/v2\/media\/336684"}],"wp:attachment":[{"href":"https:\/\/www.europesays.com\/fr\/wp-json\/wp\/v2\/media?parent=336683"}],"wp:term":[{"taxonomy":"category","embeddable":true,"href":"https:\/\/www.europesays.com\/fr\/wp-json\/wp\/v2\/categories?post=336683"},{"taxonomy":"post_tag","embeddable":true,"href":"https:\/\/www.europesays.com\/fr\/wp-json\/wp\/v2\/tags?post=336683"}],"curies":[{"name":"wp","href":"https:\/\/api.w.org\/{rel}","templated":true}]}}