{"id":336685,"date":"2025-08-22T17:43:11","date_gmt":"2025-08-22T17:43:11","guid":{"rendered":"https:\/\/www.europesays.com\/fr\/336685\/"},"modified":"2025-08-22T17:43:11","modified_gmt":"2025-08-22T17:43:11","slug":"kemi-badenoch-une-tenante-de-la-droite-dure-a-la-tete-des-conservateurs-britanniques","status":"publish","type":"post","link":"https:\/\/www.europesays.com\/fr\/336685\/","title":{"rendered":"Kemi Badenoch, une tenante de la droite dure \u00e0 la t\u00eate des conservateurs britanniques"},"content":{"rendered":"<p>\n                                                C&rsquo;est un virage \u00e0 droite toute qui se confirme \u00e0 la t\u00eate des conservateurs britanniques avec la d\u00e9signation de Kemi Badenoch. \u00c2g\u00e9e de 44 ans, \u00e9lev\u00e9e au Nigeria, elle devient la premi\u00e8re femme d&rsquo;origine africaine \u00e0 occuper un tel poste au Royaume-Uni. Son ambition\u00a0: relancer un parti tr\u00e8s affaibli apr\u00e8s la d\u00e9b\u00e2cle subie aux derni\u00e8res \u00e9lections l\u00e9gislatives.\u00a0 (Rediffusion 9\/11\/2024)                    <\/p>\n<p>D\u00e9sign\u00e9e avec pr\u00e8s de 57% des suffrages pour succ\u00e9der \u00e0 l&rsquo;ancien <strong><a href=\"https:\/\/www.rfi.fr\/fr\/europe\/20240522-royaume-uni-rishi-sunak-annonce-que-les-l\u00e9gislatives-auront-lieu-le-4-juillet\" target=\"_self\" rel=\"noopener\">Premier ministre Rishi Sunak<\/a><\/strong>, elle promet de revenir aux valeurs fondamentales du Parti conservateur britannique. D\u00e9put\u00e9e depuis 2017, plusieurs fois ministre depuis 2019, <strong><a href=\"https:\/\/www.rfi.fr\/fr\/europe\/20241102-royaume-uni-kemi-badenoch-succ\u00e8de-\u00e0-rishi-sunak-\u00e0-la-t\u00eate-des-conservateurs\" target=\"_self\" rel=\"noopener\">Kemi Badenoch<\/a><\/strong> est l&rsquo;une des figures d&rsquo;une aile droite qui a pris le dessus au sein du parti.<\/p>\n<p>\u00ab\u00a0Pour \u00eatre entendus, nous devons \u00eatre honn\u00eates sur le fait que nous avons commis des erreurs et que nous avons laiss\u00e9 nos principes de base nous \u00e9chapper\u00a0\u00bb, a-t-elle ainsi d\u00e9clar\u00e9 apr\u00e8s sa victoire face \u00e0 <strong><a href=\"https:\/\/www.rfi.fr\/fr\/europe\/20241101-royaume-uni-kemi-badenoch-face-\u00e0-robert-jenrick-duel-pour-la-t\u00eate-des-conservateurs\" target=\"_self\" rel=\"noopener\">Robert Jenrick,<\/a><\/strong> qui s&rsquo;\u00e9tait, lui aussi, positionn\u00e9 \u00e0 la droite du parti. Avant d&rsquo;arriver \u00e0 la t\u00eate des Tories, cette informaticienne de formation a eu un parcours hors du commun.<\/p>\n<p>Aujourd&rsquo;hui \u00e2g\u00e9e de 44 ans, m\u00e8re de trois enfants, elle a grandi au Nigeria au sein d&rsquo;une famille plut\u00f4t ais\u00e9e \u2013\u00a0son p\u00e8re est m\u00e9decin, sa m\u00e8re universitaire. Dans les ann\u00e9es 1990, ses parents d\u00e9cident de l&rsquo;envoyer au Royaume-Uni en raison des turbulences politiques et \u00e9conomiques qui secouent le Nigeria. Et, d\u00e8s les ann\u00e9es 2000, elle s&rsquo;inscrit au Parti conservateur o\u00f9 elle rencontre son futur mari, Hamish Badenoch, un banquier d&rsquo;origine \u00e9cossaise.<\/p>\n<p>Elle va rapidement gravir les \u00e9chelons au sein d&rsquo;un parti qui souhaite se montrer plus inclusif sous la houlette de <strong><a href=\"https:\/\/www.rfi.fr\/fr\/tag\/david-cameron\/\" target=\"_self\" rel=\"noopener\">David Cameron<\/a><\/strong>. \u00ab\u00a0Il y avait eu un ensemble de dispositifs et de mesures pour promouvoir les minorit\u00e9s ethniques, mais aussi les femmes au sein du Parti conservateur, d\u00e9crypte Agn\u00e8s Alexandre-Collier, professeur en civilisation britannique \u00e0 l&rsquo;universit\u00e9 de Bourgogne. Et on a vu appara\u00eetre plusieurs personnalit\u00e9s issues de minorit\u00e9s ethniques comme <strong><a href=\"https:\/\/www.rfi.fr\/fr\/podcasts\/20200524-priti-patel-ministre-l-int\u00e9rieur-gouvernement-britanique\" target=\"_self\" rel=\"noopener\">Priti Patel <\/a><\/strong>ou Rishi Sunak, tous deux d&rsquo;ascendance indienne. Kemi Badenoch parvient \u00e0 r\u00e9concilier ces deux strat\u00e9gies d&rsquo;un parti qui se veut inclusif et qui poursuit sa progression id\u00e9ologique vers la droite de l&rsquo;\u00e9chiquier politique.\u00a0\u00bb<\/p>\n<p> Franc-parler et \u00ab\u00a0vrai conservatisme\u00a0\u00bb <\/p>\n<p>Au-del\u00e0 de ce parcours, il y a la personnalit\u00e9 de la nouvelle dirigeante conservatrice, reconnue pour son charisme et son franc-parler, mais parfois critiqu\u00e9e pour ses d\u00e9clarations \u00e0 l&#8217;emporte-pi\u00e8ce. \u00ab\u00a0Kemi Badenoch tient des propos assez provocateurs, mais, \u00e0 la diff\u00e9rence d&rsquo;autres personnalit\u00e9s auxquelles elle est parfois compar\u00e9e, c&rsquo;est aussi quelqu&rsquo;un d&rsquo;assez r\u00e9fl\u00e9chi dans ses d\u00e9clarations, sans l&rsquo;agressivit\u00e9 et la virulence que l&rsquo;on per\u00e7oit souvent \u00e0 l&rsquo;aile droite de la classe politique\u00a0\u00bb, nuance toutefois Agn\u00e8s Alexandre-Collier.<\/p>\n<p>Sur le fond, Kemi Badenoch propose un retour \u00e0 ce qu&rsquo;elle appelle le \u00ab\u00a0vrai conservatisme\u00a0\u00bb\u00a0: favorable au <strong><a href=\"https:\/\/www.rfi.fr\/fr\/europe\/20231231-brexit-un-\u00e9chec-total-pour-le-royaume-uni-selon-un-sondage\" target=\"_self\" rel=\"noopener\">Brexit<\/a><\/strong>, elle veut r\u00e9duire l&rsquo;immigration ill\u00e9gale,\u00a0limiter le r\u00f4le de l&rsquo;\u00c9tat, favoriser les entreprises. Enfin, elle affirme vouloir lutter contre le \u00ab\u00a0wokisme\u00a0\u00bb, c&rsquo;est-\u00e0-dire l&rsquo;influence suppos\u00e9e des id\u00e9es gauchistes au sein de la soci\u00e9t\u00e9. Et elle met en avant deux mod\u00e8les\u00a0: <strong><a href=\"https:\/\/www.rfi.fr\/fr\/emission\/20150125-grande-bretagne-winston-churchill\" target=\"_self\" rel=\"noopener\">Winston Churchill<\/a><\/strong> et surtout <strong><a href=\"https:\/\/www.rfi.fr\/fr\/connaissances\/20230407-margaret-thatcher-1925-2013-vie-et-mort-de-la-dame-de-fer\" target=\"_self\" rel=\"noopener\">Margaret Thatcher<\/a><\/strong>, la premi\u00e8re femme \u00e0 avoir dirig\u00e9 le Parti conservateur (elle fut d\u00e9sign\u00e9e en 1975) et le <strong><a href=\"https:\/\/www.rfi.fr\/fr\/tag\/royaume-uni\/\" target=\"_self\" rel=\"noopener\">Royaume-Uni<\/a><\/strong> (de 1979 \u00e0 1989).<\/p>\n<p>\u00ab\u00a0La r\u00e9f\u00e9rence \u00e0 Margaret Thatcher est un peu une r\u00e9f\u00e9rence obligatoire pour tout leader du Parti conservateur, pointe Thibaud Harrois, ma\u00eetre de conf\u00e9rences en civilisation britannique \u00e0 l&rsquo;universit\u00e9 Sorbonne Nouvelle.\u00a0Mais c&rsquo;est aussi une fa\u00e7on pour elle d&rsquo;assumer cet h\u00e9ritage lib\u00e9ral, de montrer qu&rsquo;elle ne cherchera pas \u00e0 transiger avec ce lib\u00e9ralisme, et qu&rsquo;elle n&rsquo;est pas du tout dans la lign\u00e9e plus mod\u00e9r\u00e9e de certains conservateurs.\u00a0\u00bb<\/p>\n<p> Le double pari des Tories <\/p>\n<p>C&rsquo;est donc un virage \u00e0 droite assum\u00e9 que propose Kemi Badenoch avec un double objectif\u00a0: incarner une opposition frontale au nouveau gouvernement travailliste et reconqu\u00e9rir les \u00e9lecteurs s\u00e9duits par <strong><a href=\"https:\/\/www.rfi.fr\/fr\/europe\/20240920-royaume-uni-reform-uk-le-parti-nationaliste-de-nigel-farage-veut-s-imposer-\u00e0-droite\" target=\"_self\" rel=\"noopener\">Reform UK, le parti de Nigel Farage<\/a><\/strong>, positionn\u00e9 \u00e0 la droite des Tories. Un double pari risqu\u00e9 pour la nouvelle dirigeante conservatrice, qui s&rsquo;est fix\u00e9 comme objectif de ramener son parti au 10 Downing Street, en 2029, lors des prochaines \u00e9lections l\u00e9gislatives.<\/p>\n<p>Pour ce faire, elle devra remettre sur pied un Parti conservateur qui vient de subir sa pire d\u00e9faite depuis des d\u00e9cennies \u2013\u00a0et qui se voit pris en tenaille sur sa droite par le Reform Party, et sur sa gauche par le Parti lib\u00e9ral-d\u00e9mocrate, revenu en force \u00e0 la Chambre des Communes avec 72 d\u00e9put\u00e9s. Avec seulement 121 si\u00e8ges, le parti dont elle prend la direction aura du mal \u00e0 exister face \u00e0 un <strong><a href=\"https:\/\/www.rfi.fr\/fr\/europe\/20240921-royaume-uni-les-travaillistes-en-congr\u00e8s-pour-ressouder-leur-parti-autour-de-keir-starmer\" target=\"_self\" rel=\"noopener\">Parti travailliste<\/a><\/strong>, qui b\u00e9n\u00e9ficie d&rsquo;une large majorit\u00e9 (402 d\u00e9put\u00e9s).<\/p>\n<p>Lorsque le Parti conservateur avait abandonn\u00e9 le pouvoir en 1997 au b\u00e9n\u00e9fice des Travaillistes de <strong><a href=\"https:\/\/www.rfi.fr\/fr\/europe\/20100901-memoires-controversees-ancien-premier-ministre-britannique-tony-blair\" target=\"_self\" rel=\"noopener\">Tony Blair<\/a><\/strong>, il avait mis 14 ann\u00e9es \u00e0 retrouver le pouvoir. La t\u00e2che s&rsquo;annonce ardue pour Kemi Badenoch, qui pourrait b\u00e9n\u00e9ficier cependant des d\u00e9buts plus que laborieux du gouvernement de <strong><a href=\"https:\/\/www.rfi.fr\/fr\/tag\/keir-starmer\/\" target=\"_self\" rel=\"noopener\">Keir Starmer<\/a><\/strong>, d\u00e9j\u00e0 confront\u00e9 \u00e0 de nombreuses pol\u00e9miques depuis que le dirigeant du Labour est entr\u00e9 au 10 Downing Street.<\/p>\n","protected":false},"excerpt":{"rendered":"C&rsquo;est un virage \u00e0 droite toute qui se confirme \u00e0 la t\u00eate des conservateurs britanniques avec la d\u00e9signation&hellip;\n","protected":false},"author":2,"featured_media":336686,"comment_status":"","ping_status":"","sticky":false,"template":"","format":"standard","meta":{"footnotes":""},"categories":[1588],"tags":[11,1777,674,19690,12,473,1853,1851,1850,1852],"class_list":{"0":"post-336685","1":"post","2":"type-post","3":"status-publish","4":"format-standard","5":"has-post-thumbnail","7":"category-royaume-uni","8":"tag-actualites","9":"tag-eu","10":"tag-europe","11":"tag-europeen-de-la-semaine","12":"tag-news","13":"tag-royaume-uni","14":"tag-royaume-uni-de-grande-bretagne-et-dirlande-du-nord","15":"tag-uk","16":"tag-united-kingdom","17":"tag-united-kingdom-of-great-britain-and-northern-ireland"},"share_on_mastodon":{"url":"https:\/\/pubeurope.com\/@fr\/115073659853308408","error":""},"_links":{"self":[{"href":"https:\/\/www.europesays.com\/fr\/wp-json\/wp\/v2\/posts\/336685","targetHints":{"allow":["GET"]}}],"collection":[{"href":"https:\/\/www.europesays.com\/fr\/wp-json\/wp\/v2\/posts"}],"about":[{"href":"https:\/\/www.europesays.com\/fr\/wp-json\/wp\/v2\/types\/post"}],"author":[{"embeddable":true,"href":"https:\/\/www.europesays.com\/fr\/wp-json\/wp\/v2\/users\/2"}],"replies":[{"embeddable":true,"href":"https:\/\/www.europesays.com\/fr\/wp-json\/wp\/v2\/comments?post=336685"}],"version-history":[{"count":0,"href":"https:\/\/www.europesays.com\/fr\/wp-json\/wp\/v2\/posts\/336685\/revisions"}],"wp:featuredmedia":[{"embeddable":true,"href":"https:\/\/www.europesays.com\/fr\/wp-json\/wp\/v2\/media\/336686"}],"wp:attachment":[{"href":"https:\/\/www.europesays.com\/fr\/wp-json\/wp\/v2\/media?parent=336685"}],"wp:term":[{"taxonomy":"category","embeddable":true,"href":"https:\/\/www.europesays.com\/fr\/wp-json\/wp\/v2\/categories?post=336685"},{"taxonomy":"post_tag","embeddable":true,"href":"https:\/\/www.europesays.com\/fr\/wp-json\/wp\/v2\/tags?post=336685"}],"curies":[{"name":"wp","href":"https:\/\/api.w.org\/{rel}","templated":true}]}}