{"id":336687,"date":"2025-08-22T17:44:11","date_gmt":"2025-08-22T17:44:11","guid":{"rendered":"https:\/\/www.europesays.com\/fr\/336687\/"},"modified":"2025-08-22T17:44:11","modified_gmt":"2025-08-22T17:44:11","slug":"allemagne-le-ministre-des-finances-previent-dun-trou-de-e30-mds-dans-le-budget-de-2027-22-08-2025-a-1303","status":"publish","type":"post","link":"https:\/\/www.europesays.com\/fr\/336687\/","title":{"rendered":"Allemagne: Le ministre des Finances pr\u00e9vient d&rsquo;un trou de \u20ac30 mds dans le budget de 2027 &#8211; 22\/08\/2025 \u00e0 13:03"},"content":{"rendered":"<p>        <img fetchpriority=\"high\" decoding=\"async\" src=\"https:\/\/www.europesays.com\/fr\/wp-content\/uploads\/2025\/08\/2a12b54b6e9c704e80ee812934ec8882-760x507.jpg\" alt=\"Le ministre allemand des finances, M. Klingbeil, pr\u00e9sente le budget pour 2026\" loading=\"eager\" width=\"760\" height=\"507\" style=\"max-width: 100%!important; height: auto;\"\/><\/p>\n<p class=\"c-image-news__legend\">Le ministre allemand des finances, M. Klingbeil, pr\u00e9sente le budget pour 2026<\/p>\n<p>\n Le ministre allemand des Finances, Lars Klingbeil, a demand\u00e9 aux minist\u00e8res de pr\u00e9parer des plans d&rsquo;\u00e9conomies significatifs afin de combler un trou de plus de 30 milliards d&rsquo;euros dans le budget de 2027, selon une lettre consult\u00e9e par Reuters vendredi.\n<\/p>\n<p>\n Le gouvernement allemand a approuv\u00e9 en juillet un projet de budget 2026 marqu\u00e9 par des investissements records et un triplement du recours \u00e0 l&#8217;emprunt par rapport \u00e0 l&rsquo;an dernier, dans le but de renforcer les infrastructures et la d\u00e9fense.\n<\/p>\n<p>\n Lars Klingbeil a averti que les pressions budg\u00e9taires augmenteraient \u00e0 partir de 2027 et appel\u00e9 \u00e0 un \u00ab\u00a0examen complet des t\u00e2ches et des d\u00e9penses\u00a0\u00bb.\n<\/p>\n<p>\n La strat\u00e9gie d&rsquo;assainissement des finances publiques du gouvernement allemand repose \u00e0 la fois sur une stimulation de l&rsquo;activit\u00e9 \u00e9conomique par des investissements publics records et des mesures d&rsquo;incitation en faveur du capital priv\u00e9, ainsi que sur des r\u00e9ductions structurelles de d\u00e9penses.\n<\/p>\n<p>\n Lars Klingbeil a propos\u00e9 de r\u00e9aliser, dans le budget 2027, des \u00e9conomies repr\u00e9sentant au moins 1% des d\u00e9penses f\u00e9d\u00e9rales.\n<\/p>\n<p>\n \u00ab\u00a0Tout ce qui est souhaitable n\u2019est pas n\u00e9cessairement finan\u00e7able\u00a0\u00bb, \u00e9crit le ministre dans sa lettre. \u00ab\u00a0Nous devons \u00e9tablir des priorit\u00e9s claires.\u00a0\u00bb\n<\/p>\n<p>\n Le minist\u00e8re des Finances r\u00e9unira les secr\u00e9taires d\u2019\u00c9tat d\u00e9but septembre afin de discuter des mesures \u00e0 adopter pour le budget 2027 et le plan financier \u00e0 l\u2019horizon 2030.\n<\/p>\n<p>\n (R\u00e9dig\u00e9 par Maria Martinez, version fran\u00e7aise Elena Smirnova, \u00e9dit\u00e9 par Blandine H\u00e9nault)<\/p>\n","protected":false},"excerpt":{"rendered":"Le ministre allemand des finances, M. Klingbeil, pr\u00e9sente le budget pour 2026 Le ministre allemand des Finances, Lars&hellip;\n","protected":false},"author":2,"featured_media":336688,"comment_status":"","ping_status":"","sticky":false,"template":"","format":"standard","meta":{"footnotes":""},"categories":[1587],"tags":[400,11,672,398,408,1804,405,1805,1803,1777,674,1801,403,402,399,404,12,1802,401,406,407],"class_list":{"0":"post-336687","1":"post","2":"type-post","3":"status-publish","4":"format-standard","5":"has-post-thumbnail","7":"category-allemagne","8":"tag-action-cac-40","9":"tag-actualites","10":"tag-allemagne","11":"tag-bourse-de-paris","12":"tag-boursorama","13":"tag-bundesrepublik-deutschland","14":"tag-cotations","15":"tag-de","16":"tag-deutschland","17":"tag-eu","18":"tag-europe","19":"tag-germany","20":"tag-indices-devises","21":"tag-investir","22":"tag-investissement","23":"tag-marche-boursier","24":"tag-news","25":"tag-republique-federale-dallemagne","26":"tag-sicav","27":"tag-trackers","28":"tag-warrants"},"share_on_mastodon":{"url":"","error":""},"_links":{"self":[{"href":"https:\/\/www.europesays.com\/fr\/wp-json\/wp\/v2\/posts\/336687","targetHints":{"allow":["GET"]}}],"collection":[{"href":"https:\/\/www.europesays.com\/fr\/wp-json\/wp\/v2\/posts"}],"about":[{"href":"https:\/\/www.europesays.com\/fr\/wp-json\/wp\/v2\/types\/post"}],"author":[{"embeddable":true,"href":"https:\/\/www.europesays.com\/fr\/wp-json\/wp\/v2\/users\/2"}],"replies":[{"embeddable":true,"href":"https:\/\/www.europesays.com\/fr\/wp-json\/wp\/v2\/comments?post=336687"}],"version-history":[{"count":0,"href":"https:\/\/www.europesays.com\/fr\/wp-json\/wp\/v2\/posts\/336687\/revisions"}],"wp:featuredmedia":[{"embeddable":true,"href":"https:\/\/www.europesays.com\/fr\/wp-json\/wp\/v2\/media\/336688"}],"wp:attachment":[{"href":"https:\/\/www.europesays.com\/fr\/wp-json\/wp\/v2\/media?parent=336687"}],"wp:term":[{"taxonomy":"category","embeddable":true,"href":"https:\/\/www.europesays.com\/fr\/wp-json\/wp\/v2\/categories?post=336687"},{"taxonomy":"post_tag","embeddable":true,"href":"https:\/\/www.europesays.com\/fr\/wp-json\/wp\/v2\/tags?post=336687"}],"curies":[{"name":"wp","href":"https:\/\/api.w.org\/{rel}","templated":true}]}}