{"id":336699,"date":"2025-08-22T17:50:18","date_gmt":"2025-08-22T17:50:18","guid":{"rendered":"https:\/\/www.europesays.com\/fr\/336699\/"},"modified":"2025-08-22T17:50:18","modified_gmt":"2025-08-22T17:50:18","slug":"matt-wallace-accentue-sa-pression-sur-luke-donald","status":"publish","type":"post","link":"https:\/\/www.europesays.com\/fr\/336699\/","title":{"rendered":"Matt Wallace accentue sa pression sur&#8230; Luke Donald"},"content":{"rendered":"<p>\t\t\t\t\t\t<img width=\"770\" height=\"556\" src=\"https:\/\/www.europesays.com\/fr\/wp-content\/uploads\/2025\/08\/mattwallacebritish-770x556.jpg\" class=\"img-responsive wp-post-image\" alt=\"\" decoding=\"async\" fetchpriority=\"high\"  \/>\t\t\t\t\t<\/p>\n<p>\t\t\t\t\t\t Partager cet article <\/p>\n<p class=\"screen-reader-text juiz_sps_maybe_hidden_text\">Partager la publication \u00ab\u00a0Matt Wallace accentue sa pression sur\u2026 Luke Donald\u00a0\u00bb<\/p>\n<p><strong>Auteur d\u2019une seconde carte tr\u00e8s solide de 69 (-3) apr\u00e8s son 68 (-4) inaugural, Matt Wallace occupe \u00e0 -7 (137) la 3e place du British Masters apr\u00e8s 36 trous en compagnie du Sud-Africain Brandon Stone et du N\u00e9o-Z\u00e9landais Kazuma Kobori. Une position id\u00e9ale avant le week-end pour l\u2019Anglais qui n\u2019a pas cach\u00e9 son d\u00e9sir de disputer la Ryder Cup dans un peu plus d\u2019un mois \u00e0 Bethpage. Le 84e joueur mondial devient un candidat de plus en plus s\u00e9rieux pour les six picks que doit annoncer le 1er septembre le capitaine de l\u2019\u00e9quipe europ\u00e9enne, Luke Donald.\u00a0<\/strong><\/p>\n<p>\t\t\t\t\t<a id=\"182585\" href=\"https:\/\/www.golfcapdagde.com\/\" target=\"_blank\" rel=\"sponsorised nofollow noopener\"><img decoding=\"async\" src=\"data:image\/svg+xml,%3Csvg%20xmlns=\" http:=\"\" class=\"img-responsive\" alt=\"\" data-lazy-src=\"https:\/\/www.europesays.com\/fr\/wp-content\/uploads\/2025\/06\/capdagdegolf-e01-experience-golf-1170x275-1.gif\"\/><\/a><\/p>\n<p><strong>L.V.<\/strong><\/p>\n<p>Il l\u2019avait souffl\u00e9 juste avant le <strong>Danish Golf Championship<\/strong>. <strong>Matt Wallace<\/strong> va tout faire pour semer le doute dans l\u2019esprit de <strong>Luke Donald<\/strong>, le capitaine de l\u2019\u00e9quipe europ\u00e9enne de <strong>Ryder Cup<\/strong>, qui annoncera ses six picks (choix) le 1er septembre \u00e0 15h00, heure fran\u00e7aise.\u00a0<\/p>\n<p>\u00ab Tout le monde sait que je veux faire partie de cette \u00e9quipe, tout le monde le sait, avait-il clam\u00e9.\u00a0Je joue bien en ce moment, j\u2019esp\u00e8re que je donnerai du fil \u00e0 retordre \u00e0 Luke (Donald).\u00a0Je suis tr\u00e8s content de mon jeu actuel. Je suis s\u00fbr que Luke voudra s\u2019entourer de quelqu\u2019un qui joue vraiment bien pour Bethpage. J\u2019ai trois semaines pour montrer \u00e0 Luke de quoi je suis capable et c\u2019est ce que je vais faire. \u00bb<\/p>\n<p>S\u2019il n\u2019a pu faire mieux qu\u2019une 64e place finale au Danemark, le quintuple vainqueur sur le Tour europ\u00e9en (dont un tripl\u00e9 en 2018) a, semble-t-il, hauss\u00e9 son niveau de jeu \u00e0 Birmingham, h\u00f4te du <strong>British Masters 2025<\/strong>. Avec deux cartes de 68 (-4) et 69 (-3), il entame le week-end sur une belle dynamique, se positionnant apr\u00e8s deux tours \u00e0 la troisi\u00e8me place \u00e0 -7 (137), \u00e0 une longueur de <strong>Matthew Fitzpatrick<\/strong> (-8) et \u00e0 deux coups du leader, l\u2019Allemand <strong>Marcel Siem<\/strong>.\u00a0<\/p>\n<blockquote><p>\nSi je peux continuer \u00e0 faire ce que je fais et, esp\u00e9rons-le, \u00eatre dans le coup pour gagner le tournoi, et ainsi donner du fil \u00e0 retordre \u00e0 Luke, alors je signe tout de suite.<\/p>\n<p>Matt Wallace<\/p>\n<\/blockquote>\n<p>\u00ab Ma priorit\u00e9 pour l\u2019instant, c\u2019est d\u2019essayer de satisfaire le public, le soutien est incroyable cette semaine, analyse Matt Wallace apr\u00e8s son 2e tour. Si je peux continuer \u00e0 faire ce que je fais et, esp\u00e9rons-le, \u00eatre dans le coup pour gagner le tournoi, et ainsi donner du fil \u00e0 retordre \u00e0 Luke, alors je signe tout de suite. \u00bb<\/p>\n<p>\u00ab Je ne peux plus int\u00e9grer l\u2019\u00e9quipe (europ\u00e9enne de Ryder Cup) via les points, poursuit celui qui d\u00e9fendra son titre la semaine prochaine \u00e0 Crans-sur-Sierre (Suisse), \u00e0 l\u2019<strong>Omega European Masters<\/strong>. Cela ne passe d\u00e9sormais plus que par les picks du capitaine. Je sais que je dois jouer du bon golf durant tout le week-end pour avoir une chance. \u00bb\u00a0<\/p>\n<p>\t\t\t\t\t<a id=\"177181\" href=\"http:\/\/charleskent-golf.com\/andalucia-majors\/\" target=\"_blank\" rel=\"sponsorised nofollow noopener\"><img decoding=\"async\" src=\"data:image\/svg+xml,%3Csvg%20xmlns=\" http:=\"\" class=\"img-responsive\" alt=\"\" data-lazy-src=\"https:\/\/www.europesays.com\/fr\/wp-content\/uploads\/2025\/06\/charleskent-e03-andalucia-majors-1170x275-1.gif\"\/><\/a><br \/>\nUn bilan mitig\u00e9 \u00e0 la Team Cup en janvier<\/p>\n<p>Ag\u00e9 de 35 ans, Matt Wallace avait \u00e9t\u00e9 \u00ab oubli\u00e9 \u00bb par le capitaine <strong>Thomas Bj\u00f8rn<\/strong> \u00e0 la Ryder Cup 2018 au <strong>Golf National<\/strong>. Celui-ci lui avait pr\u00e9f\u00e9r\u00e9 le Danois <strong>Thorbj\u00f8rn Olesen<\/strong>. La pilule avait \u00e9t\u00e9 difficile \u00e0 dig\u00e9rer.<\/p>\n<p><a href=\"https:\/\/www.pgatour.com\/fedexcup\" target=\"_blank\" rel=\"noopener nofollow\">92e de la FedEx Cup<\/a>, ayant effectu\u00e9 la quasi totalit\u00e9 de sa saison sur le <strong>PGA Tour<\/strong> (20 tournois jou\u00e9s, 12 cuts), il a pris la 3e place du <strong>3M Open<\/strong> le 27 juillet dernier. Sur le <strong>DP World Tour<\/strong>, avant le Danish Golf Championship, il n\u2019avait pris part qu\u2019\u00e0 deux tournois sp\u00e9cifiques du calendrier, le <strong>Hero Duba\u00ef Desert Classic<\/strong> (45e) et le <strong>Genesis Scottish Open<\/strong> (50e), co-sanctionn\u00e9 avec le PGA Tour.\u00a0<\/p>\n<p>Pr\u00e9sent au tout d\u00e9but du mois de janvier \u00e0 la <strong>Team Cup<\/strong> \u00e0 Abu Dhabi avec l\u2019\u00e9quipe des Iles britanniques et d\u2019Irlande victorieuse des Continentaux avec un score sans appel de 17 \u00e0 8, le Londonien avait engrang\u00e9 1,5 point en quatre matches, s\u2019inclinant \u00e0 deux reprises, notamment en simples face \u00e0 <strong>Antoine Rozner<\/strong> (1 down), pour une victoire (en foursomes avec <strong>Tyrrell Hatton<\/strong>) et un nul (toujours en foursomes et toujours avec Tyrrell Hatton).\u00a0<\/p>\n<p>\t\t\t\t\t<a id=\"180462\" href=\"https:\/\/www.makilas-golftour.com\/sejour\/makilas-agadir-2023-2-2\/\" target=\"_blank\" rel=\"sponsorised nofollow noopener\"><img decoding=\"async\" src=\"data:image\/svg+xml,%3Csvg%20xmlns=\" http:=\"\" class=\"img-responsive\" alt=\"\" data-lazy-src=\"https:\/\/www.europesays.com\/fr\/wp-content\/uploads\/2025\/07\/challengeorganisation-e01-rencontres-agadir-1170x275-1.jpeg\"\/><\/a><\/p>\n<p>Photo : JAN KRUGER \/ GETTY IMAGES EUROPE \/ Getty Images via AFP<\/p>\n","protected":false},"excerpt":{"rendered":"Partager cet article Partager la publication \u00ab\u00a0Matt Wallace accentue sa pression sur\u2026 Luke Donald\u00a0\u00bb Auteur d\u2019une seconde carte&hellip;\n","protected":false},"author":2,"featured_media":336700,"comment_status":"","ping_status":"","sticky":false,"template":"","format":"standard","meta":{"footnotes":""},"categories":[1418],"tags":[1011,27,1472,60],"class_list":{"0":"post-336699","1":"post","2":"type-post","3":"status-publish","4":"format-standard","5":"has-post-thumbnail","7":"category-golf","8":"tag-fr","9":"tag-france","10":"tag-golf","11":"tag-sports"},"share_on_mastodon":{"url":"https:\/\/pubeurope.com\/@fr\/115073687401607928","error":""},"_links":{"self":[{"href":"https:\/\/www.europesays.com\/fr\/wp-json\/wp\/v2\/posts\/336699","targetHints":{"allow":["GET"]}}],"collection":[{"href":"https:\/\/www.europesays.com\/fr\/wp-json\/wp\/v2\/posts"}],"about":[{"href":"https:\/\/www.europesays.com\/fr\/wp-json\/wp\/v2\/types\/post"}],"author":[{"embeddable":true,"href":"https:\/\/www.europesays.com\/fr\/wp-json\/wp\/v2\/users\/2"}],"replies":[{"embeddable":true,"href":"https:\/\/www.europesays.com\/fr\/wp-json\/wp\/v2\/comments?post=336699"}],"version-history":[{"count":0,"href":"https:\/\/www.europesays.com\/fr\/wp-json\/wp\/v2\/posts\/336699\/revisions"}],"wp:featuredmedia":[{"embeddable":true,"href":"https:\/\/www.europesays.com\/fr\/wp-json\/wp\/v2\/media\/336700"}],"wp:attachment":[{"href":"https:\/\/www.europesays.com\/fr\/wp-json\/wp\/v2\/media?parent=336699"}],"wp:term":[{"taxonomy":"category","embeddable":true,"href":"https:\/\/www.europesays.com\/fr\/wp-json\/wp\/v2\/categories?post=336699"},{"taxonomy":"post_tag","embeddable":true,"href":"https:\/\/www.europesays.com\/fr\/wp-json\/wp\/v2\/tags?post=336699"}],"curies":[{"name":"wp","href":"https:\/\/api.w.org\/{rel}","templated":true}]}}