{"id":33670,"date":"2025-04-18T09:00:24","date_gmt":"2025-04-18T09:00:24","guid":{"rendered":"https:\/\/www.europesays.com\/fr\/33670\/"},"modified":"2025-04-18T09:00:24","modified_gmt":"2025-04-18T09:00:24","slug":"pourquoi-le-film-a-failli-ne-jamais-voir-le-jour","status":"publish","type":"post","link":"https:\/\/www.europesays.com\/fr\/33670\/","title":{"rendered":"pourquoi le film a failli ne jamais voir le jour ?"},"content":{"rendered":"<p>Ast\u00e9rix et Ob\u00e9lix\u00a0: Mission Cl\u00e9op\u00e2tre arrive ce soir sur Netflix. Le film rejoint le catalogue de la plateforme, alors que <a href=\"https:\/\/www.journaldugeek.com\/2025\/01\/30\/asterix-et-obelix-chabat-a-trouve-les-voix-de-ses-deux-heros\/\" target=\"_blank\" rel=\"noopener\">Le Combat des Chefs est en passe de relancer les aventures du petit moustachu<\/a>, l\u2019int\u00e9gration de l\u2019un des films les plus cultes du cin\u00e9ma fran\u00e7ais promet d\u2019offrir quelques belles soir\u00e9es t\u00e9l\u00e9. Pourtant, le m\u00e9trage a bien failli ne jamais voir le jour. La faute \u00e0 un tournage compliqu\u00e9, et \u00e0 des conditions pas franchement optimales.<\/p>\n<p> La sc\u00e8ne o\u00f9 tout a bascul\u00e9 <\/p>\n<p>Le 7 f\u00e9vrier 2001, l\u2019\u00e9quipe d\u2019Ast\u00e9rix et Ob\u00e9lix\u00a0: Mission Cl\u00e9op\u00e2tre s\u2019appr\u00eate \u00e0 tourner l\u2019une des sc\u00e8nes les plus spectaculaires du film\u00a0: la d\u00e9couverte du chantier de la pyramide par Num\u00e9robis, mobilisant <strong>2\u00a0000 figurants<\/strong> venus de toute la r\u00e9gion de Ouarzazate. La journ\u00e9e est cruciale\u00a0: en plus d\u2019\u00eatre la plus ch\u00e8re du tournage, elle repr\u00e9sente aussi un v\u00e9ritable d\u00e9fi logistique. Alors que les r\u00e9p\u00e9titions d\u00e9butent sous le soleil marocain, le vent se l\u00e8ve soudainement.\u00a0En quelques minutes, le ciel dispara\u00eet derri\u00e8re un nuage de sable. Les 2\u00a0000 figurants cherchent \u00e0 s\u2019abriter, tandis que les techniciens tentent de sauver cam\u00e9ras et mat\u00e9riel des affres de la m\u00e9t\u00e9o.<\/p>\n<p> <img loading=\"lazy\" decoding=\"async\" class=\"size-full wp-image-50542722\" src=\"https:\/\/www.europesays.com\/fr\/wp-content\/uploads\/2025\/04\/asterix-mission-cleopatre-1.jpg\" alt=\"Ast\u00e9rix Mission Cleopatre (1)\" width=\"1500\" height=\"1000\"  \/>\u00a9 Path\u00e9 <\/p>\n<p>La temp\u00eate dure pr\u00e8s de huit heures, for\u00e7ant l\u2019\u00e9quipe \u00e0 capituler. <strong>Impossible de tourner<\/strong>, impossible m\u00eame de rester dehors. Pour l\u2019\u00e9quipe, c\u2019est la douche froide\u00a0: il faut tout ranger, prot\u00e9ger le mat\u00e9riel, et surtout, disperser les figurants dans les villages alentour. La journ\u00e9e la plus co\u00fbteuse du tournage est perdue. Impossible de reporter au lendemain\u00a0:<strong> il faudra plus d\u2019un mois<\/strong> pour recontacter chaque figurant, leur faire signer une nouvelle d\u00e9charge, organiser des bus pour les ramener sur le plateau. Un casse-t\u00eate logistique titanesque, qui aurait pu signer l\u2019arr\u00eat de mort du projet si la production n\u2019avait pas tenu bon.<\/p>\n<p> Un mois de retard <\/p>\n<p>La temp\u00eate de sable n\u2019est pas le seul obstacle auquel l\u2019\u00e9quipe a d\u00fb faire face sur le tournage de Mission Cl\u00e9op\u00e2tre. La chaleur ambiante, flirtant avec 55\u00b0C sous les projecteurs et les d\u00e9cors. Malgr\u00e9 ces conditions extr\u00eames, la sc\u00e8ne du chantier est finalement rejou\u00e9e, sous une m\u00e9t\u00e9o plus cl\u00e9mente. <strong>La s\u00e9quence est monumentale<\/strong>, et devient l\u2019un des passages les plus embl\u00e9matiques du film.<\/p>\n<p>Reste que si la temp\u00eate avait dur\u00e9 plus longtemps, si la production n\u2019avait pas r\u00e9ussi \u00e0 rappeler les figurants, ou si le budget avait explos\u00e9 \u00e0 cause des d\u00e9lais impos\u00e9s par les conditions m\u00e9t\u00e9orologiques, Ast\u00e9rix et Ob\u00e9lix\u00a0: Mission Cl\u00e9op\u00e2tre aurait pu ne jamais voir le jour.<\/p>\n<blockquote>\n<p class=\"text-base text-neutral-700 dark:text-neutral-300\">\ud83d\udfe3 Pour ne manquer aucune news sur le Journal du Geek, abonnez-vous sur <a href=\"https:\/\/news.google.com\/publications\/CAAqBwgKMNr_hAswwYyCAw?hl=fr&amp;gl=FR&amp;ceid=FR%3Afr\" target=\"_blank\" rel=\"noopener\">Google Actualit\u00e9s<\/a> et sur <a href=\"https:\/\/whatsapp.com\/channel\/0029VaClM5y4tRry12tb7D2h\" target=\"_blank\" rel=\"noopener\">notre WhatsApp<\/a>. Et si vous nous adorez, on a <a href=\"https:\/\/www.journaldugeek.com\/newsletter\/\" target=\"_blank\" rel=\"noopener\">une newsletter tous les matins<\/a>.<\/p>\n<\/blockquote>\n","protected":false},"excerpt":{"rendered":"Ast\u00e9rix et Ob\u00e9lix\u00a0: Mission Cl\u00e9op\u00e2tre arrive ce soir sur Netflix. Le film rejoint le catalogue de la plateforme,&hellip;\n","protected":false},"author":2,"featured_media":33671,"comment_status":"","ping_status":"","sticky":false,"template":"","format":"standard","meta":{"footnotes":""},"categories":[1354],"tags":[11123,650,58,59,1346,1011,27,1360,127],"class_list":{"0":"post-33670","1":"post","2":"type-post","3":"status-publish","4":"format-standard","5":"has-post-thumbnail","7":"category-films","8":"tag-asterix-et-obelix","9":"tag-cinema","10":"tag-divertissement","11":"tag-entertainment","12":"tag-films","13":"tag-fr","14":"tag-france","15":"tag-movies","16":"tag-netflix"},"share_on_mastodon":{"url":"https:\/\/pubeurope.com\/@fr\/114358152441936577","error":""},"_links":{"self":[{"href":"https:\/\/www.europesays.com\/fr\/wp-json\/wp\/v2\/posts\/33670","targetHints":{"allow":["GET"]}}],"collection":[{"href":"https:\/\/www.europesays.com\/fr\/wp-json\/wp\/v2\/posts"}],"about":[{"href":"https:\/\/www.europesays.com\/fr\/wp-json\/wp\/v2\/types\/post"}],"author":[{"embeddable":true,"href":"https:\/\/www.europesays.com\/fr\/wp-json\/wp\/v2\/users\/2"}],"replies":[{"embeddable":true,"href":"https:\/\/www.europesays.com\/fr\/wp-json\/wp\/v2\/comments?post=33670"}],"version-history":[{"count":0,"href":"https:\/\/www.europesays.com\/fr\/wp-json\/wp\/v2\/posts\/33670\/revisions"}],"wp:featuredmedia":[{"embeddable":true,"href":"https:\/\/www.europesays.com\/fr\/wp-json\/wp\/v2\/media\/33671"}],"wp:attachment":[{"href":"https:\/\/www.europesays.com\/fr\/wp-json\/wp\/v2\/media?parent=33670"}],"wp:term":[{"taxonomy":"category","embeddable":true,"href":"https:\/\/www.europesays.com\/fr\/wp-json\/wp\/v2\/categories?post=33670"},{"taxonomy":"post_tag","embeddable":true,"href":"https:\/\/www.europesays.com\/fr\/wp-json\/wp\/v2\/tags?post=33670"}],"curies":[{"name":"wp","href":"https:\/\/api.w.org\/{rel}","templated":true}]}}