{"id":336703,"date":"2025-08-22T17:53:09","date_gmt":"2025-08-22T17:53:09","guid":{"rendered":"https:\/\/www.europesays.com\/fr\/336703\/"},"modified":"2025-08-22T17:53:09","modified_gmt":"2025-08-22T17:53:09","slug":"atp-fernando-vicente-entraineur-de-rublev-sur-le-role-de-safin-andrey-souffrait-dune-legere-depression-alors-nous-avons-essaye-de-lui-prescrire-des-medicaments-mais-cela-ne-laidait-pas-mara","status":"publish","type":"post","link":"https:\/\/www.europesays.com\/fr\/336703\/","title":{"rendered":"ATP > Fernando Vicente, entra\u00eeneur de Rublev sur le r\u00f4le de Safin : \u00ab\u00a0Andrey souffrait d&rsquo;une l\u00e9g\u00e8re d\u00e9pression, alors nous avons essay\u00e9 de lui prescrire des m\u00e9dicaments, mais cela ne l&rsquo;aidait pas. Marat lui a alors fait comprendre qu&rsquo;il avait v\u00e9cu un peu la m\u00eame chose\u00a0\u00bb"},"content":{"rendered":"<p>En mars dernier, <a href=\"https:\/\/www.welovetennis.fr\/atp\/une-immense-legende-vient-au-secours-de-rublev-il-etait-temps\" data-wpel-link=\"internal\" rel=\"nofollow noopener\" target=\"_blank\">Andrey Rublev provo\u00adquait un petit trem\u00adble\u00adment de terre, en enga\u00adgeant Marat Safin dans un r\u00f4le de conseiller sportif<\/a>. Son entra\u00ee\u00adneur Fernando Vicente est tr\u00e8s recon\u00adnais\u00adsant de l\u2019aide apport\u00e9e par l\u2019an\u00adcien num\u00e9ro un mondial \u00e0 son prot\u00e9g\u00e9.\u00a0<\/p>\n<p>Dans un entre\u00adtien accord\u00e9 \u00e0 <a href=\"https:\/\/www.mundodeportivo.com\/tenis\/20250821\/1002517939\/fernando-vicente-rublev-tuvo-depresion-safin-le-hizo-ver-habia-pasado.html\" data-wpel-link=\"external\" target=\"_blank\" rel=\"nofollow external noopener\">Mundo Deportivo<\/a>, l\u2019Espagnol pr\u00e9cise que le double cham\u00adpion en Grand Chelem est surtout utile sur l\u2019as\u00adpect mental.<\/p>\n<p><strong>\u00ab\u202fNous le connais\u00adsons depuis toujours. Nous avons dit\u00a0: \u00ab\u202fMarat, voyons si un jour nous pouvons nous asseoir ensemble. Andrey traverse une p\u00e9riode diffi\u00adcile\u202f\u00bb. Il souf\u00adfrait d\u2019une l\u00e9g\u00e8re d\u00e9pres\u00adsion, alors nous avons essay\u00e9 de lui pres\u00adcrire des m\u00e9di\u00adca\u00adments effi\u00adcaces, mais cela ne l\u2019ai\u00addait pas. Marat lui a alors fait comprendre qu\u2019il avait v\u00e9cu un peu la m\u00eame chose. Ils se sont retrouv\u00e9s \u00e0 l\u2019aca\u00add\u00e9mie et ont eu une conver\u00adsa\u00adtion tr\u00e8s int\u00e9\u00adres\u00adsante, et Marat s\u2019est propos\u00e9 pour l\u2019aider un peu. Il a dit qu\u2019il s\u2019en\u00adga\u00adge\u00adrait pour quelques semaines, mais rien n\u2019est encore s\u00fbr. Il a donc parti\u00adcip\u00e9 \u00e0 plusieurs tour\u00adnois, mais il ne pourra pas le faire \u00e0 plein temps. Andrey le respecte beau\u00adcoup et comprend ce qu\u2019il lui explique, toutes ces r\u00e9ac\u00adtions et excuses que les joueurs donnent parfois quand les choses ne vont pas bien. Je dirais que cela l\u2019aide beaucoup\u202f\u00bb.<\/strong><\/p>\n<p class=\"post-published-date\" style=\"color: silver; font-size: 75%; text-align: left;\">Publi\u00e9 le vendredi 22 ao\u00fbt 2025 \u00e0 18:45<\/p>\n","protected":false},"excerpt":{"rendered":"En mars dernier, Andrey Rublev provo\u00adquait un petit trem\u00adble\u00adment de terre, en enga\u00adgeant Marat Safin dans un r\u00f4le&hellip;\n","protected":false},"author":2,"featured_media":336704,"comment_status":"","ping_status":"","sticky":false,"template":"","format":"standard","meta":{"footnotes":""},"categories":[1415],"tags":[1011,27,60,1467],"class_list":{"0":"post-336703","1":"post","2":"type-post","3":"status-publish","4":"format-standard","5":"has-post-thumbnail","7":"category-tennis","8":"tag-fr","9":"tag-france","10":"tag-sports","11":"tag-tennis"},"share_on_mastodon":{"url":"https:\/\/pubeurope.com\/@fr\/115073699205735452","error":""},"_links":{"self":[{"href":"https:\/\/www.europesays.com\/fr\/wp-json\/wp\/v2\/posts\/336703","targetHints":{"allow":["GET"]}}],"collection":[{"href":"https:\/\/www.europesays.com\/fr\/wp-json\/wp\/v2\/posts"}],"about":[{"href":"https:\/\/www.europesays.com\/fr\/wp-json\/wp\/v2\/types\/post"}],"author":[{"embeddable":true,"href":"https:\/\/www.europesays.com\/fr\/wp-json\/wp\/v2\/users\/2"}],"replies":[{"embeddable":true,"href":"https:\/\/www.europesays.com\/fr\/wp-json\/wp\/v2\/comments?post=336703"}],"version-history":[{"count":0,"href":"https:\/\/www.europesays.com\/fr\/wp-json\/wp\/v2\/posts\/336703\/revisions"}],"wp:featuredmedia":[{"embeddable":true,"href":"https:\/\/www.europesays.com\/fr\/wp-json\/wp\/v2\/media\/336704"}],"wp:attachment":[{"href":"https:\/\/www.europesays.com\/fr\/wp-json\/wp\/v2\/media?parent=336703"}],"wp:term":[{"taxonomy":"category","embeddable":true,"href":"https:\/\/www.europesays.com\/fr\/wp-json\/wp\/v2\/categories?post=336703"},{"taxonomy":"post_tag","embeddable":true,"href":"https:\/\/www.europesays.com\/fr\/wp-json\/wp\/v2\/tags?post=336703"}],"curies":[{"name":"wp","href":"https:\/\/api.w.org\/{rel}","templated":true}]}}