{"id":336707,"date":"2025-08-22T17:56:10","date_gmt":"2025-08-22T17:56:10","guid":{"rendered":"https:\/\/www.europesays.com\/fr\/336707\/"},"modified":"2025-08-22T17:56:10","modified_gmt":"2025-08-22T17:56:10","slug":"un-seul-changement-pour-les-all-blacks-contre-largentine-debuts-internationaux-de-simon-parker","status":"publish","type":"post","link":"https:\/\/www.europesays.com\/fr\/336707\/","title":{"rendered":"un seul changement pour les All Blacks contre l\u2019Argentine, d\u00e9buts internationaux de Simon Parker"},"content":{"rendered":"<p>Apr\u00e8s leur victoire de la semaine derni\u00e8re \u00e0 Cordoba (24-41), les N\u00e9o-Z\u00e9landais retrouvent les Pumas, ce samedi, cette fois \u00e0 Buenos Aires.<\/p>\n<p class=\"fig-paragraph\">Le troisi\u00e8me ligne Simon Parker va honorer sa premi\u00e8re s\u00e9lection avec les All Blacks samedi contre l\u2019Argentine \u00e0 Buenos Aires, titularis\u00e9 au poste de num\u00e9ro huit, \u00e0 l\u2019occasion de la deuxi\u00e8me confrontation du Rugby Championship face aux Pumas. Cela entra\u00eene le repositionnement d\u2019<a href=\"http:\/\/www.lefigaro.fr\/sports\/rugby\/xv-de-france\/nouvelle-zelande-france-ardie-savea-fait-encore-la-difference-l-inexperience-des-bleus-a-trop-pese-les-tops-et-les-flops-20250712\" data-fig-type=\"NewsFlash\" data-gtm-custom-categorie=\"navigation\" data-gtm-custom-action=\"crossclick\" data-gtm-custom-label=\"Contextuel\" data-gtm-event=\"customEventSPE\" data-fig-domain=\"LEFIGARO\" target=\"_blank\" rel=\"noopener\">Ardie Savea<\/a>\u00a0sur le c\u00f4t\u00e9 de la m\u00eal\u00e9e, en remplacement de Du\u2019Plessis Kirifi. C\u2019est le seul changement dans le XV de d\u00e9part qui avait domin\u00e9 l\u2019Argentine 41-24 \u00e0 Cordoba. Sur le banc, Tamaiti Williams et Wallace Sititi font leur retour apr\u00e8s blessure, tandis que Josh Lord remplace Patrick Tuipulotu (fracture faciale) et Quinn Tupaea suppl\u00e9e Anton Lienert-Brown (commotion). Le match sera marqu\u00e9 par la 100e s\u00e9lection du talonneur\u00a0<a href=\"http:\/\/www.lefigaro.fr\/sports\/rugby\/rugby-avant-l-irlande-les-all-blacks-perdent-beauden-barrett-et-codie-taylor-sur-blessure-20241103\" data-fig-type=\"NewsFlash\" data-gtm-custom-categorie=\"navigation\" data-gtm-custom-action=\"crossclick\" data-gtm-custom-label=\"Contextuel\" data-gtm-event=\"customEventSPE\" data-fig-domain=\"LEFIGARO\" target=\"_blank\" rel=\"noopener\">Codie Taylor<\/a>, devenu All Black en 2015.<\/p>\n<p class=\"fig-paragraph\">\u00abCodie est un grand All Black. La fa\u00e7on dont il se comporte et l\u2019exemple qu\u2019il donne t\u00e9moignent de l\u2019homme qu\u2019il est, et il abordera ce match comme il l\u2019a fait pour ses 99 s\u00e9lections pr\u00e9c\u00e9dentes\u00bb, a d\u00e9clar\u00e9 le s\u00e9lectionneur\u00a0<a href=\"http:\/\/www.lefigaro.fr\/sports\/rugby\/breakdance-rasoir-perpignan-comment-scott-robertson-ravive-la-magie-noire-des-all-blacks-20241116\" data-fig-type=\"NewsFlash\" data-gtm-custom-categorie=\"navigation\" data-gtm-custom-action=\"crossclick\" data-gtm-custom-label=\"Contextuel\" data-gtm-event=\"customEventSPE\" data-fig-domain=\"LEFIGARO\" target=\"_blank\" rel=\"noopener\">Scott Robertson<\/a>. \u00abC\u2019est \u00e9galement un jour sp\u00e9cial pour Simon (Parker) et sa famille. Il a gagn\u00e9 sa s\u00e9lection par ses performances et sa constance. C\u2019est un joueur puissant, physique, pr\u00eat \u00e0 marquer son empreinte. Tous ceux qui ont int\u00e9gr\u00e9 le groupe ont travaill\u00e9 dur et m\u00e9rit\u00e9 leur place \u00e0 l\u2019entra\u00eenement, et c\u2019est formidable d\u2019avoir Tamaiti et Wallace de retour. Notre banc apportera de l\u2019\u00e9nergie et de l\u2019impact \u00e0 ce combat\u00bb, a ajout\u00e9 le technicien n\u00e9o-z\u00e9landais.<\/p>\n<p>                                    <a class=\"fig-a11y-skip a11y-hidden\" href=\"#fig-a11y-skip-main-inarticle\"><br \/>\n        Passer la publicit\u00e9<br \/>\n    <\/a><\/p>\n<p class=\"fig-paragraph\">De son c\u00f4t\u00e9, l\u2019Argentine n\u2019a op\u00e9r\u00e9 qu\u2019\u00e0 deux changements pour affronter de nouveau les All Blacks, malgr\u00e9 la lourde d\u00e9faite (41-24) subie \u00e0 Cordoba. Mateo Carreras revient \u00e0 l\u2019aile gauche et Juan Mart\u00edn Gonz\u00e1lez remplace Marcos Kremer. Les Pumas avaient \u00e9t\u00e9 nettement domin\u00e9s par les vice-champions du monde, encaissant six essais samedi dernier. Les Argentins avaient \u00e9galement perdu deux fois \u00e0 domicile face \u00e0 une \u00e9quipe d\u2019Angleterre amoindrie cet \u00e9t\u00e9, alors qu\u2019eux-m\u00eames \u00e9taient priv\u00e9s de plusieurs de leurs cadres.<\/p>\n<p>La compo des All Blacks\u00a0:<\/p>\n<p class=\"fig-paragraph\">15-Will Jordan, 14-Sevu Reece, 13-Billy Proctor, 12-Jordie Barrett, 11-Rieko Ioane, 10-Beauden Barrett, 9-Cortez Ratima, 8-Simon Parker, 7-Ardie Savea, 6-Tupou Vaa\u2019i, 5-Fabian Holland, 4-Scott Barrett (cap), 3-Fletcher Newell, 2-Codie Taylor, 1-Ethan de Groot.<br \/>Rempla\u00e7ants\u00a0: 16-Samisoni Taukei\u2019aho, 17-Tamaiti Williams, 18-Pasilio Tosi, 19-Josh Lord, 20-Wallace Sititi, 21-Finlay Christie, 22-Quinn Tupaea, 23-Damian McKenzie.<\/p>\n<p>La compo des Pumas\u00a0:<\/p>\n<p class=\"fig-paragraph\">15-Juan Cruz Mallia, 14-Bautista Delguy, 13-Lucio Cinti, 12-Santiago Chocobares, 11-Mateo Carreras, 10-Tomas Albornoz, 9-Gonzalo Garcia, 8-Joaquin Oviedo, 7-Juan Martin Gonzalez, 6-Pablo Matera, 5-Pedro Rubiolo, 4-Franco Molina, 3-Pedro Delgado, 2-Julian Montoya (captain), 1-Mayco Vivas.<br \/>Rempla\u00e7ants\u00a0: 16-Ignacio Ruiz, 17-Nahuel Tetaz Chaparro, 18-Joel Sclavi, 19-Guido Petti, 20-Marcos Kremer, 21-Simon Ben\u00edtez Cruz, 22-Santiago Carreras, 23-Justo Piccardo.<\/p>\n","protected":false},"excerpt":{"rendered":"Apr\u00e8s leur victoire de la semaine derni\u00e8re \u00e0 Cordoba (24-41), les N\u00e9o-Z\u00e9landais retrouvent les Pumas, ce samedi, cette&hellip;\n","protected":false},"author":2,"featured_media":336708,"comment_status":"","ping_status":"","sticky":false,"template":"","format":"standard","meta":{"footnotes":""},"categories":[1412],"tags":[2305,6715,1451,1452,1453,1454,1455,1011,27,13071,40293,45223,60],"class_list":{"0":"post-336707","1":"post","2":"type-post","3":"status-publish","4":"format-standard","5":"has-post-thumbnail","7":"category-f1","8":"tag-all-blacks","9":"tag-argentine","10":"tag-f1","11":"tag-formula-1","12":"tag-formula1","13":"tag-formule-1","14":"tag-formule1","15":"tag-fr","16":"tag-france","17":"tag-nouvelle-zelande","18":"tag-pumas","19":"tag-rugby-championship","20":"tag-sports"},"share_on_mastodon":{"url":"https:\/\/pubeurope.com\/@fr\/115073711061005356","error":""},"_links":{"self":[{"href":"https:\/\/www.europesays.com\/fr\/wp-json\/wp\/v2\/posts\/336707","targetHints":{"allow":["GET"]}}],"collection":[{"href":"https:\/\/www.europesays.com\/fr\/wp-json\/wp\/v2\/posts"}],"about":[{"href":"https:\/\/www.europesays.com\/fr\/wp-json\/wp\/v2\/types\/post"}],"author":[{"embeddable":true,"href":"https:\/\/www.europesays.com\/fr\/wp-json\/wp\/v2\/users\/2"}],"replies":[{"embeddable":true,"href":"https:\/\/www.europesays.com\/fr\/wp-json\/wp\/v2\/comments?post=336707"}],"version-history":[{"count":0,"href":"https:\/\/www.europesays.com\/fr\/wp-json\/wp\/v2\/posts\/336707\/revisions"}],"wp:featuredmedia":[{"embeddable":true,"href":"https:\/\/www.europesays.com\/fr\/wp-json\/wp\/v2\/media\/336708"}],"wp:attachment":[{"href":"https:\/\/www.europesays.com\/fr\/wp-json\/wp\/v2\/media?parent=336707"}],"wp:term":[{"taxonomy":"category","embeddable":true,"href":"https:\/\/www.europesays.com\/fr\/wp-json\/wp\/v2\/categories?post=336707"},{"taxonomy":"post_tag","embeddable":true,"href":"https:\/\/www.europesays.com\/fr\/wp-json\/wp\/v2\/tags?post=336707"}],"curies":[{"name":"wp","href":"https:\/\/api.w.org\/{rel}","templated":true}]}}