{"id":336711,"date":"2025-08-22T17:58:12","date_gmt":"2025-08-22T17:58:12","guid":{"rendered":"https:\/\/www.europesays.com\/fr\/336711\/"},"modified":"2025-08-22T17:58:12","modified_gmt":"2025-08-22T17:58:12","slug":"plusieurs-departs-et-deux-arrivees-attendues-a-des-postes-cibles-dans-le-sprint-final","status":"publish","type":"post","link":"https:\/\/www.europesays.com\/fr\/336711\/","title":{"rendered":"Plusieurs d\u00e9parts et deux arriv\u00e9es attendues \u00e0 des postes cibl\u00e9s dans le sprint final !"},"content":{"rendered":"<p>                                            Publi\u00e9 le 22\/08\/2025 \u00e0 18h01<br \/>\n                                                                                3 minutes de lecture\n                                                                    <\/p>\n<p>Le FC Nantes traverse actuellement une p\u00e9riode charni\u00e8re de son mercato estival, marqu\u00e9e par des performances financi\u00e8res exceptionnelles et des ajustements tactiques cruciaux. Avec <strong>40 millions d\u00a0\u00bbeuros de ventes<\/strong> d\u00e9j\u00e0 enregistr\u00e9s, les Canaris \u00e9tablissent un <strong>record absolu dans l&rsquo;histoire du club<\/strong>, offrant \u00e0 la direction une marge de man\u0153uvre financi\u00e8re in\u00e9dite pour finaliser l&rsquo;effectif. Cette situation privil\u00e9gi\u00e9e permet aux dirigeants nantais d&rsquo;envisager sereinement les derni\u00e8res semaines du mercato, tout en jonglant entre les n\u00e9cessit\u00e9s de d\u00e9graissage et les besoins de renforcement. L&rsquo;approche strat\u00e9gique adopt\u00e9e par la Maison jaune r\u00e9v\u00e8le une volont\u00e9 claire d&rsquo;optimiser l&rsquo;\u00e9quilibre entre les ressources disponibles et les ambitions sportives de la saison \u00e0 venir. Cette dynamique particuli\u00e8re place le FC Nantes dans une position favorable pour n\u00e9gocier et concr\u00e9tiser les derniers mouvements de son \u00e9t\u00e9 d\u00e9j\u00e0 historique.<\/p>\n<p>                                <img decoding=\"async\" src=\"https:\/\/www.europesays.com\/fr\/wp-content\/uploads\/2025\/04\/1744123449_543_logo.png\" alt=\"Logo\"\/><\/p>\n<p>100\u20ac offerts sur ton 1er pari !<\/p>\n<p>                            <a href=\"https:\/\/bit.ly\/4j5wl4k\" class=\"headband-button\" rel=\"nofollow noopener\" target=\"_blank\">J&rsquo;en profite<\/a><\/p>\n<p>                                                                <img loading=\"lazy\" decoding=\"async\" src=\"https:\/\/www.europesays.com\/fr\/wp-content\/uploads\/2025\/08\/mercato-nantes-plusieurs-departs-et-deux-arrivees-attendues-a-des-postes-cibles-dans-le-sprint-final.jpeg\" alt=\"Illustration : &quot;Mercato Nantes : Plusieurs d\u00e9parts et deux arriv\u00e9es attendues \u00e0 des postes cibl\u00e9s dans le sprint final !&quot;\" class=\"figure-img img-fluid\" width=\"780\" height=\"478\"\/><\/p>\n<p>                                    \u00a9 Site officiel du FC Nantes                                <\/p>\n<p>Les candidats au d\u00e9part sous surveillance<\/p>\n<p>La direction nantaise a identifi\u00e9 plusieurs profils qui ne s&rsquo;inscrivent pas dans la vision \u00e0 long terme du projet sportif. <strong>Fabien Centonze<\/strong>, d\u00e9fenseur de <strong>29 ans<\/strong>, figure parmi les joueurs susceptibles de quitter la Joneli\u00e8re malgr\u00e9 une pr\u00e9paration jug\u00e9e correcte et une popularit\u00e9 certaine aupr\u00e8s des jeunes supporters. Son profil exp\u00e9riment\u00e9 pourrait int\u00e9resser d&rsquo;autres formations en qu\u00eate de stabilit\u00e9 d\u00e9fensive. Parall\u00e8lement, <strong>Jean-K\u00e9vin Duverne<\/strong>, \u00e2g\u00e9 de <strong>28 ans<\/strong>, se trouve \u00e9galement dans une situation d\u00e9licate, bien que les performances d\u00e9cevantes de <strong>Nicolas Cozza<\/strong> lors de sa premi\u00e8re apparition puissent temporairement freiner son d\u00e9part. Cette situation cr\u00e9e une interd\u00e9pendance tactique qui complique les plans de la direction. Le cas le plus probl\u00e9matique concerne <strong>Uros Radakovic<\/strong>, d\u00e9fenseur de <strong>31 ans<\/strong>, dont le recrutement est d\u00e9sormais consid\u00e9r\u00e9 comme une erreur de casting par les dirigeants nantais. Malgr\u00e9 l&rsquo;existence d&rsquo;int\u00e9r\u00eats de la part d&rsquo;autres clubs, aucune n\u00e9gociation concr\u00e8te n&rsquo;a encore abouti, laissant le joueur serbe dans l&rsquo;incertitude.<\/p>\n<p>Bella-Kotchap, la priorit\u00e9 d\u00e9fensive absolue<\/p>\n<p>Les performances pr\u00e9occupantes de Radakovic durant la p\u00e9riode de pr\u00e9paration ont contraint la direction \u00e0 r\u00e9activer urgemment ses recherches pour un d\u00e9fenseur central de qualit\u00e9. <strong>Armel Bella-Kotchap<\/strong>, jeune d\u00e9fenseur de <strong>23 ans \u00e9voluant \u00e0 Southampton<\/strong>, est devenu la cible prioritaire des Canaris qui esp\u00e8rent obtenir son pr\u00eat pour la saison. Cette piste s&rsquo;av\u00e8re particuli\u00e8rement attractive en raison du profil du joueur, alliant jeunesse et exp\u00e9rience du haut niveau europ\u00e9en. Cependant, la concurrence s&rsquo;annonce f\u00e9roce avec <strong>plusieurs clubs europ\u00e9ens<\/strong> positionn\u00e9s sur le dossier, compliquant les n\u00e9gociations nantaises. La direction explore \u00e9galement des alternatives avec <strong>Lucas Michal<\/strong>, d\u00e9fenseur de <strong>20 ans \u00e9voluant \u00e0 Monaco<\/strong>, bien que ce dossier soit jug\u00e9 moins avanc\u00e9 dans les discussions. Cette recherche intensive d&rsquo;un renfort d\u00e9fensif illustre l&rsquo;urgence tactique ressentie par l&rsquo;encadrement technique, conscient des lacunes r\u00e9v\u00e9l\u00e9es lors des matchs de pr\u00e9paration et de la n\u00e9cessit\u00e9 d&rsquo;apporter une solution rapide et efficace.<\/p>\n<p>Un milieu de terrain dans le viseur et les derni\u00e8res opportunit\u00e9s<\/p>\n<p>Au-del\u00e0 des pr\u00e9occupations d\u00e9fensives, les dirigeants nantais ont \u00e9galement identifi\u00e9 le milieu de terrain comme un secteur n\u00e9cessitant un renforcement. Cette r\u00e9flexion d\u00e9coule principalement des inqui\u00e9tudes concernant <strong>Francis Coquelin<\/strong>, milieu exp\u00e9riment\u00e9 de <strong>34 ans<\/strong> dont la fragilit\u00e9 physique et la propension aux rechutes pr\u00e9occupent l&rsquo;encadrement m\u00e9dical et technique. L&rsquo;\u00e2ge avanc\u00e9 du joueur et son historique de blessures poussent la direction \u00e0 anticiper d&rsquo;\u00e9ventuelles absences prolong\u00e9es. Les responsables du recrutement gardent \u00e9galement une approche opportuniste, n&rsquo;excluant pas un dernier coup de march\u00e9 si une occasion int\u00e9ressante se pr\u00e9sentait dans les derniers jours du mercato. Cette strat\u00e9gie flexible t\u00e9moigne de la volont\u00e9 de maximiser les possibilit\u00e9s offertes par les ressources financi\u00e8res exceptionnelles de cet \u00e9t\u00e9. Enfin, le club envisage le pr\u00eat d&rsquo;un ou deux jeunes \u00e9l\u00e9ments form\u00e9s au centre de formation, permettant \u00e0 ces talents de gagner en exp\u00e9rience tout en lib\u00e9rant de la place dans l&rsquo;effectif professionnel.<\/p>\n<p>Dimanche 24 ao\u00fbt, les Canaris tenteront de relever la t\u00eate face \u00e0 Strasbourg apr\u00e8s la d\u00e9faite \u00e0 la Beaujoire face au PSG. \u00c0 cette occasion, profitez de 100\u20ac offerts pour votre premi\u00e8re inscription sur Parions Sport en Ligne. <a href=\"http:\/\/bit.ly\/4hgs1yE\" rel=\"nofollow noopener\" target=\"_blank\"><strong>Une victoire du FC Nantes face au RC Strasbourg vous rapporte jusqu\u2019\u00e0 400\u20ac !<\/strong><\/a><\/p>\n<p><strong>Pour en profiter, c\u2019est tr\u00e8s simple :<\/strong><\/p>\n<p>&#8211;              Cr\u00e9ez votre compte joueur en seulement 2 \u00e9tapes <a href=\"http:\/\/bit.ly\/4hgs1yE\" rel=\"nofollow noopener\" target=\"_blank\"><strong>ici<\/strong><\/a><\/p>\n<p>&#8211;              R\u00e9alisez votre 1er d\u00e9p\u00f4t puis placez votre 1er pari (Minimum 5\u20ac)<\/p>\n<p>&#8211;              Une fois votre 1er d\u00e9p\u00f4t et votre 1er pari r\u00e9alis\u00e9s, l\u2019int\u00e9gralit\u00e9 du montant de ce 1er pari sera cr\u00e9dit\u00e9e sur votre compte joueur dans la limite de 100\u20ac maximum et sous la forme de cr\u00e9dits de jeu non retirables. Le cr\u00e9dit s\u2019effectuera alors en une seule \u00e9tape et sous 3 jours<\/p>\n<p>Jouer comporte des risques : endettement, d\u00e9pendance\u2026 Appelez le 09 74 75 13 13 (appel non surtax\u00e9)<\/p>\n","protected":false},"excerpt":{"rendered":"Publi\u00e9 le 22\/08\/2025 \u00e0 18h01 3 minutes de lecture Le FC Nantes traverse actuellement une p\u00e9riode charni\u00e8re de&hellip;\n","protected":false},"author":2,"featured_media":336712,"comment_status":"","ping_status":"","sticky":false,"template":"","format":"standard","meta":{"footnotes":""},"categories":[1410],"tags":[63,1011,27,60],"class_list":{"0":"post-336711","1":"post","2":"type-post","3":"status-publish","4":"format-standard","5":"has-post-thumbnail","7":"category-football","8":"tag-football","9":"tag-fr","10":"tag-france","11":"tag-sports"},"share_on_mastodon":{"url":"https:\/\/pubeurope.com\/@fr\/115073718971103422","error":""},"_links":{"self":[{"href":"https:\/\/www.europesays.com\/fr\/wp-json\/wp\/v2\/posts\/336711","targetHints":{"allow":["GET"]}}],"collection":[{"href":"https:\/\/www.europesays.com\/fr\/wp-json\/wp\/v2\/posts"}],"about":[{"href":"https:\/\/www.europesays.com\/fr\/wp-json\/wp\/v2\/types\/post"}],"author":[{"embeddable":true,"href":"https:\/\/www.europesays.com\/fr\/wp-json\/wp\/v2\/users\/2"}],"replies":[{"embeddable":true,"href":"https:\/\/www.europesays.com\/fr\/wp-json\/wp\/v2\/comments?post=336711"}],"version-history":[{"count":0,"href":"https:\/\/www.europesays.com\/fr\/wp-json\/wp\/v2\/posts\/336711\/revisions"}],"wp:featuredmedia":[{"embeddable":true,"href":"https:\/\/www.europesays.com\/fr\/wp-json\/wp\/v2\/media\/336712"}],"wp:attachment":[{"href":"https:\/\/www.europesays.com\/fr\/wp-json\/wp\/v2\/media?parent=336711"}],"wp:term":[{"taxonomy":"category","embeddable":true,"href":"https:\/\/www.europesays.com\/fr\/wp-json\/wp\/v2\/categories?post=336711"},{"taxonomy":"post_tag","embeddable":true,"href":"https:\/\/www.europesays.com\/fr\/wp-json\/wp\/v2\/tags?post=336711"}],"curies":[{"name":"wp","href":"https:\/\/api.w.org\/{rel}","templated":true}]}}