{"id":336713,"date":"2025-08-22T17:59:12","date_gmt":"2025-08-22T17:59:12","guid":{"rendered":"https:\/\/www.europesays.com\/fr\/336713\/"},"modified":"2025-08-22T17:59:12","modified_gmt":"2025-08-22T17:59:12","slug":"la-comedienne-francaise-agnes-berthon-muse-de-joel-pommerat-est-decedee-a-66-ans-rts-ch","status":"publish","type":"post","link":"https:\/\/www.europesays.com\/fr\/336713\/","title":{"rendered":"La com\u00e9dienne fran\u00e7aise Agn\u00e8s Berthon, muse de Jo\u00ebl Pommerat, est d\u00e9c\u00e9d\u00e9e \u00e0 66 ans &#8211; rts.ch"},"content":{"rendered":"<p>Morte \u00e0 l\u2019\u00e2ge de 66 ans des suites d\u2019une longue maladie, Agn\u00e8s Berthon a \u00e9t\u00e9 la muse du metteur en sc\u00e8ne Jo\u00ebl Pommerat. La com\u00e9dienne a particip\u00e9 \u00e0 toutes ses cr\u00e9ations depuis \u00ab\u00a0Au monde\u00a0\u00bb\u00a0en 2004 jusqu\u2019\u00e0 \u00ab\u00a0\u00c7a ira\u00a0(1)\u00a0Fin de Louis\u00a0\u00bb pass\u00e9e par Vidy-Lausanne en 2017. Elle est aussi souvent apparue au cin\u00e9ma.<\/p>\n<p>Agn\u00e8s Berthon est d\u00e9c\u00e9d\u00e9e le 17 ao\u00fbt entour\u00e9e de ses proches, a indiqu\u00e9 la Compagnie Louis Brouillard dans un communiqu\u00e9.<\/p>\n<p>La com\u00e9dienne fran\u00e7aise, figure des pi\u00e8ces de Jo\u00ebl Pommerat\u00a0ces derni\u00e8res ann\u00e9es, se distinguait par un jeu puissant sous des airs \u00e9vanescents, androgynes. Elle avait particip\u00e9 \u00e0 toutes les cr\u00e9ations du metteur en sc\u00e8ne depuis \u00ab\u00a0Au monde\u00a0\u00bb\u00a0en 2004 jusqu\u2019\u00e0 \u00ab\u00a0\u00c7a ira\u00a0(1)\u00a0Fin de Louis\u00a0\u00bb pass\u00e9e par Vidy-Lausanne en 2017.<\/p>\n<p>Parall\u00e8lement, Agn\u00e8s Berthon \u00e9tait aussi souvent apparue au cin\u00e9ma, notamment en 2023 dans\u00a0\u00ab\u00a0Captives\u00a0\u00bb\u00a0d\u2019Arnaud des Palli\u00e8res aux c\u00f4t\u00e9s de M\u00e9lanie Thierry, Marina Fo\u00efs et Carole Bouquet. Son dernier film tourn\u00e9 fin 2024,\u00a0\u00ab\u00a0Les immortelles\u00a0\u00bb\u00a0de\u00a0Caroline Deruas avec Emmanuelle B\u00e9art entre autres, sera pr\u00e9sent\u00e9 en ouverture de la Semaine de la Critique de la Mostra de Venise le 27 ao\u00fbt.<\/p>\n<p>Contenu externe<\/p>\n<p> Ce contenu externe ne peut pas \u00eatre affich\u00e9 car il est susceptible de collecter des donn\u00e9es personnelles. Pour voir ce contenu vous devez autoriser la cat\u00e9gorie <strong>R\u00e9seaux sociaux<\/strong>. <\/p>\n<p> Accepter Plus d&rsquo;info <\/p>\n<p>    Prime passion pour le rock<\/p>\n<p>N\u00e9e le 23 juin 1959 \u00e0 Alger, Agn\u00e8s Berthon a grandi entre le Massif central et Nice, o\u00f9 elle se prend d\u2019affection pour le rock anglo-saxon. Elle va d&rsquo;ailleurs faire de sa passion son premier m\u00e9tier, d\u2019abord en tant que DJ dans des bars puis en tant que journaliste rock, avant de r\u00e9aliser ses d\u00e9buts sur les planches dans des spectacles \u00e0 Paris et Bruxelles dans les ann\u00e9es 1990.<\/p>\n<p><b>Une information trait\u00e9e dans l&rsquo;\u00e9mission Vertigo du 22 ao\u00fbt 2025 \u00e0 17h.<\/b><\/p>\n<p class=\"sources\">olhor<\/p>\n","protected":false},"excerpt":{"rendered":"Morte \u00e0 l\u2019\u00e2ge de 66 ans des suites d\u2019une longue maladie, Agn\u00e8s Berthon a \u00e9t\u00e9 la muse du&hellip;\n","protected":false},"author":2,"featured_media":336714,"comment_status":"","ping_status":"","sticky":false,"template":"","format":"standard","meta":{"footnotes":""},"categories":[1359],"tags":[253,1693,47322,1000,650,251,58,59,38031,1011,27,47323,226,973,46869,104,853,47324,17938],"class_list":{"0":"post-336713","1":"post","2":"type-post","3":"status-publish","4":"format-standard","5":"has-post-thumbnail","7":"category-people","8":"tag-acteur","9":"tag-arts-et-divertissement","10":"tag-au-monde","11":"tag-celebrites","12":"tag-cinema","13":"tag-culture","14":"tag-divertissement","15":"tag-entertainment","16":"tag-fin-de-vie-et-mort","17":"tag-fr","18":"tag-france","19":"tag-joel-pommerat","20":"tag-maladie","21":"tag-people","22":"tag-realisateur-q345580367","23":"tag-societe","24":"tag-spectacles","25":"tag-theatre-de-vidy","26":"tag-valeurs"},"share_on_mastodon":{"url":"https:\/\/pubeurope.com\/@fr\/115073723102033182","error":""},"_links":{"self":[{"href":"https:\/\/www.europesays.com\/fr\/wp-json\/wp\/v2\/posts\/336713","targetHints":{"allow":["GET"]}}],"collection":[{"href":"https:\/\/www.europesays.com\/fr\/wp-json\/wp\/v2\/posts"}],"about":[{"href":"https:\/\/www.europesays.com\/fr\/wp-json\/wp\/v2\/types\/post"}],"author":[{"embeddable":true,"href":"https:\/\/www.europesays.com\/fr\/wp-json\/wp\/v2\/users\/2"}],"replies":[{"embeddable":true,"href":"https:\/\/www.europesays.com\/fr\/wp-json\/wp\/v2\/comments?post=336713"}],"version-history":[{"count":0,"href":"https:\/\/www.europesays.com\/fr\/wp-json\/wp\/v2\/posts\/336713\/revisions"}],"wp:featuredmedia":[{"embeddable":true,"href":"https:\/\/www.europesays.com\/fr\/wp-json\/wp\/v2\/media\/336714"}],"wp:attachment":[{"href":"https:\/\/www.europesays.com\/fr\/wp-json\/wp\/v2\/media?parent=336713"}],"wp:term":[{"taxonomy":"category","embeddable":true,"href":"https:\/\/www.europesays.com\/fr\/wp-json\/wp\/v2\/categories?post=336713"},{"taxonomy":"post_tag","embeddable":true,"href":"https:\/\/www.europesays.com\/fr\/wp-json\/wp\/v2\/tags?post=336713"}],"curies":[{"name":"wp","href":"https:\/\/api.w.org\/{rel}","templated":true}]}}