{"id":336717,"date":"2025-08-22T18:01:11","date_gmt":"2025-08-22T18:01:11","guid":{"rendered":"https:\/\/www.europesays.com\/fr\/336717\/"},"modified":"2025-08-22T18:01:11","modified_gmt":"2025-08-22T18:01:11","slug":"plongee-dans-les-tresors-de-la-bibliotheque-de-la-diana","status":"publish","type":"post","link":"https:\/\/www.europesays.com\/fr\/336717\/","title":{"rendered":"plong\u00e9e dans les tr\u00e9sors de la biblioth\u00e8que de la Diana"},"content":{"rendered":"<p>Pr\u00e8s de deux millions de pi\u00e8ces d\u2019archives et plus de 45\u00a0000 ouvrages. Voil\u00e0 ce que poss\u00e8de La Diana, soci\u00e9t\u00e9 historique et arch\u00e9ologique du Forez. Ces ouvrages, les visiteurs peuvent les admirer derri\u00e8re les vitrines de la <a href=\"https:\/\/www.leprogres.fr\/culture-loisirs\/2025\/07\/11\/la-salle-heraldique-de-la-diana-joyau-du-patrimoine-forezien\" target=\"_blank\" rel=\"nofollow noopener\">salle h\u00e9raldique.<\/a> D\u2019autres sont cach\u00e9s dans les locaux de l\u2019association.<\/p>\n<p>\u00ab\u00a0Une des biblioth\u00e8ques les plus riches de la Loire\u00a0\u00bb<\/p>\n<p>Ces acquisitions, La Diana les doit en grande partie \u00e0 des legs, des dons ou des d\u00e9p\u00f4ts priv\u00e9s de notables for\u00e9ziens. \u00ab\u00a0Il y a des biblioth\u00e8ques enti\u00e8res de maisons de nobles qui sont ici. Nous sommes une des plus riches biblioth\u00e8ques de la Loire\u00a0\u00bb, se f\u00e9licite Martine Font,&#8230;<\/p>\n","protected":false},"excerpt":{"rendered":"Pr\u00e8s de deux millions de pi\u00e8ces d\u2019archives et plus de 45\u00a0000 ouvrages. Voil\u00e0 ce que poss\u00e8de La Diana,&hellip;\n","protected":false},"author":2,"featured_media":336718,"comment_status":"","ping_status":"","sticky":false,"template":"","format":"standard","meta":{"footnotes":""},"categories":[1357],"tags":[1379,1687,58,7359,59,1011,27,1380,2410,7357,7358,2661,104,1631],"class_list":{"0":"post-336717","1":"post","2":"type-post","3":"status-publish","4":"format-standard","5":"has-post-thumbnail","7":"category-livres","8":"tag-books","9":"tag-culture-loisirs","10":"tag-divertissement","11":"tag-edition-loire-centre","12":"tag-entertainment","13":"tag-fr","14":"tag-france","15":"tag-livres","16":"tag-livres-bd","17":"tag-montbrison","18":"tag-montbrison-ville","19":"tag-patrimoine-culturel","20":"tag-societe","21":"tag-vie-associative"},"share_on_mastodon":{"url":"https:\/\/pubeurope.com\/@fr\/115073730783922121","error":""},"_links":{"self":[{"href":"https:\/\/www.europesays.com\/fr\/wp-json\/wp\/v2\/posts\/336717","targetHints":{"allow":["GET"]}}],"collection":[{"href":"https:\/\/www.europesays.com\/fr\/wp-json\/wp\/v2\/posts"}],"about":[{"href":"https:\/\/www.europesays.com\/fr\/wp-json\/wp\/v2\/types\/post"}],"author":[{"embeddable":true,"href":"https:\/\/www.europesays.com\/fr\/wp-json\/wp\/v2\/users\/2"}],"replies":[{"embeddable":true,"href":"https:\/\/www.europesays.com\/fr\/wp-json\/wp\/v2\/comments?post=336717"}],"version-history":[{"count":0,"href":"https:\/\/www.europesays.com\/fr\/wp-json\/wp\/v2\/posts\/336717\/revisions"}],"wp:featuredmedia":[{"embeddable":true,"href":"https:\/\/www.europesays.com\/fr\/wp-json\/wp\/v2\/media\/336718"}],"wp:attachment":[{"href":"https:\/\/www.europesays.com\/fr\/wp-json\/wp\/v2\/media?parent=336717"}],"wp:term":[{"taxonomy":"category","embeddable":true,"href":"https:\/\/www.europesays.com\/fr\/wp-json\/wp\/v2\/categories?post=336717"},{"taxonomy":"post_tag","embeddable":true,"href":"https:\/\/www.europesays.com\/fr\/wp-json\/wp\/v2\/tags?post=336717"}],"curies":[{"name":"wp","href":"https:\/\/api.w.org\/{rel}","templated":true}]}}